{"id":30606,"date":"2021-01-14T16:59:53","date_gmt":"2021-01-14T20:59:53","guid":{"rendered":"http:\/\/blogdalucianaoliveira.com.br\/blog\/?p=30606"},"modified":"2021-01-14T17:00:07","modified_gmt":"2021-01-14T21:00:07","slug":"o-pior-dia-desde-o-inicio-da-pandemia-em-manaus","status":"publish","type":"post","link":"http:\/\/blogdalucianaoliveira.com.br\/blog\/2021\/01\/14\/o-pior-dia-desde-o-inicio-da-pandemia-em-manaus\/","title":{"rendered":"O pior dia desde o in\u00edcio da pandemia em Manaus"},"content":{"rendered":"\n<figure class=\"wp-block-image size-large\"><img data-recalc-dims=\"1\" loading=\"lazy\" decoding=\"async\" width=\"600\" height=\"398\" data-attachment-id=\"30607\" data-permalink=\"http:\/\/blogdalucianaoliveira.com.br\/blog\/2021\/01\/14\/o-pior-dia-desde-o-inicio-da-pandemia-em-manaus\/7a5d551a-c97a-4da8-88e9-dd942d64ec8c\/\" data-orig-file=\"https:\/\/i0.wp.com\/blogdalucianaoliveira.com.br\/blog\/wp-content\/uploads\/2021\/01\/7A5D551A-C97A-4DA8-88E9-DD942D64EC8C.jpeg?fit=872%2C578\" data-orig-size=\"872,578\" data-comments-opened=\"0\" data-image-meta=\"{&quot;aperture&quot;:&quot;0&quot;,&quot;credit&quot;:&quot;&quot;,&quot;camera&quot;:&quot;&quot;,&quot;caption&quot;:&quot;&quot;,&quot;created_timestamp&quot;:&quot;0&quot;,&quot;copyright&quot;:&quot;&quot;,&quot;focal_length&quot;:&quot;0&quot;,&quot;iso&quot;:&quot;0&quot;,&quot;shutter_speed&quot;:&quot;0&quot;,&quot;title&quot;:&quot;&quot;,&quot;orientation&quot;:&quot;0&quot;}\" data-image-title=\"7A5D551A-C97A-4DA8-88E9-DD942D64EC8C\" data-image-description=\"\" data-image-caption=\"\" data-medium-file=\"https:\/\/i0.wp.com\/blogdalucianaoliveira.com.br\/blog\/wp-content\/uploads\/2021\/01\/7A5D551A-C97A-4DA8-88E9-DD942D64EC8C.jpeg?fit=300%2C199\" data-large-file=\"https:\/\/i0.wp.com\/blogdalucianaoliveira.com.br\/blog\/wp-content\/uploads\/2021\/01\/7A5D551A-C97A-4DA8-88E9-DD942D64EC8C.jpeg?fit=600%2C398\" src=\"https:\/\/i0.wp.com\/blogdalucianaoliveira.com.br\/blog\/wp-content\/uploads\/2021\/01\/7A5D551A-C97A-4DA8-88E9-DD942D64EC8C.jpeg?resize=600%2C398\" alt=\"\" class=\"wp-image-30607\" srcset=\"https:\/\/i0.wp.com\/blogdalucianaoliveira.com.br\/blog\/wp-content\/uploads\/2021\/01\/7A5D551A-C97A-4DA8-88E9-DD942D64EC8C.jpeg?w=872 872w, https:\/\/i0.wp.com\/blogdalucianaoliveira.com.br\/blog\/wp-content\/uploads\/2021\/01\/7A5D551A-C97A-4DA8-88E9-DD942D64EC8C.jpeg?resize=300%2C199 300w, https:\/\/i0.wp.com\/blogdalucianaoliveira.com.br\/blog\/wp-content\/uploads\/2021\/01\/7A5D551A-C97A-4DA8-88E9-DD942D64EC8C.jpeg?resize=768%2C509 768w, https:\/\/i0.wp.com\/blogdalucianaoliveira.com.br\/blog\/wp-content\/uploads\/2021\/01\/7A5D551A-C97A-4DA8-88E9-DD942D64EC8C.jpeg?resize=453%2C300 453w\" sizes=\"auto, (max-width: 600px) 100vw, 600px\" \/><\/figure>\n\n\n\n<p>O recorde de sepultamentos em um s\u00f3 dia registrado ontem (13), era s\u00f3 um pren\u00fancio para o que viria nesta quinta-feira (14). Veja o que de mais grave aconteceu e o que mudou em Manaus nas \u00faltimas 24 horas.<\/p>\n\n\n\n<!--more-->\n\n\n\n<p><strong>A Cr\u00edtica<\/strong><\/p>\n\n\n\n<p><br>Ao fim da quarta-feira (13),\u00a0<strong><a rel=\"noreferrer noopener\" href=\"https:\/\/www.acritica.com\/channels\/coronavirus\/news\/manaus-registra-recorde-no-numero-de-enterros-em-um-unico-dia\" target=\"_blank\">Manaus registrava o seu recorde de sepultamentos em 24 horas<\/a><\/strong>. Foram 198 sepultamentos, superando de longe o antigo recorde de 167, registrado no primeiro pico da pandemia no Amazonas, em 26\/04\/2020 . A triste marca de ontem era\u00a0apenas um pren\u00fancio do que estava por vir no dia seguinte.<\/p>\n\n\n\n<p>&#8211; No in\u00edcio da manh\u00e3 desta quinta-feira (14),\u00a0<strong><a rel=\"noreferrer noopener\" href=\"https:\/\/www.acritica.com\/channels\/manaus\/news\/manaus-chega-ao-pior-momento-da-pandemia-oxigenio-comeca-a-acabar-em-unidades-de-saude\" target=\"_blank\">come\u00e7ou a faltar oxig\u00eanio nos hospitais de Manaus<\/a><\/strong>.<\/p>\n\n\n\n<p>&#8211; Por que come\u00e7ou a faltar oxig\u00eanio nos hospitais de Manaus? A atual demanda de oxig\u00eanio\u00a0\u00e9 de mais que o dobro da capacidade de oxig\u00eanio que os fornecedores podem entregar\u00a0aos hospitais da capital amazonense.<\/p>\n\n\n\n<p>&#8211; A aus\u00eancia de oxig\u00eanio nos hospitais de Manaus fez o Governo do Estado adotar uma s\u00e9rie de medidas para tentar minimizar o impacto no sistema p\u00fablico de sa\u00fade.<\/p>\n\n\n\n<p>&#8211; Uma delas&nbsp;foi a determina\u00e7\u00e3o via decreto de um toque de recolher que impede a circula\u00e7\u00e3o de pessoas entre as 19h \u00e0s 6h da manh\u00e3 em Manaus.&nbsp;<strong><a href=\"https:\/\/www.acritica.com\/channels\/coronavirus\/news\/governador-determina-toque-de-recolher-em-manaus\" target=\"_blank\" rel=\"noreferrer noopener\">Clique aqui para ler mais<\/a><\/strong>.<\/p>\n\n\n\n<p>&#8211; Al\u00e9m disso, Wilson Lima anunciou que pacientes do Amazonas poder\u00e3o ser transferidos por avi\u00e3o para receberem tratamento em outros estados do pa\u00eds.&nbsp;<strong><a href=\"https:\/\/www.acritica.com\/channels\/manaus\/news\/operacao-de-guerra-pacientes-do-am-serao-transferidos-para-outros-estados-do-brasil\" target=\"_blank\" rel=\"noreferrer noopener\">Clique aqui para ler mais<\/a><\/strong>.<\/p>\n\n\n\n<p>&#8211; Durante os an\u00fancios das medidas, o governador chegou a clamar por socorro e por solidariedade do mundo ao Amazonas.&nbsp;<strong><a href=\"https:\/\/www.acritica.com\/channels\/cotidiano\/news\/o-amazonas-clama-por-socorro-diz-wilson-lima\" target=\"_blank\" rel=\"noreferrer noopener\">Clique aqui para ler mais<\/a><\/strong>.<\/p>\n","protected":false},"excerpt":{"rendered":"<p>O recorde de sepultamentos em um s\u00f3 dia registrado ontem (13), era s\u00f3 um pren\u00fancio para o que viria nesta quinta-feira (14). Veja o que de mais grave aconteceu e o que mudou em Manaus nas \u00faltimas 24 horas.<\/p>\n","protected":false},"author":1,"featured_media":0,"comment_status":"closed","ping_status":"open","sticky":false,"template":"","format":"standard","meta":{"_exactmetrics_skip_tracking":false,"_exactmetrics_sitenote_active":false,"_exactmetrics_sitenote_note":"","_exactmetrics_sitenote_category":0,"jetpack_post_was_ever_published":false,"_jetpack_newsletter_access":"","_jetpack_dont_email_post_to_subs":false,"_jetpack_newsletter_tier_id":0,"_jetpack_memberships_contains_paywalled_content":false,"_jetpack_memberships_contains_paid_content":false,"footnotes":"","jetpack_publicize_message":"","jetpack_publicize_feature_enabled":true,"jetpack_social_post_already_shared":true,"jetpack_social_options":{"image_generator_settings":{"template":"highway","enabled":false},"version":2}},"categories":[1],"tags":[],"class_list":["post-30606","post","type-post","status-publish","format-standard","hentry","category-notas"],"jetpack_publicize_connections":[],"jetpack_sharing_enabled":true,"jetpack_featured_media_url":"","jetpack_shortlink":"https:\/\/wp.me\/p7wKYW-7XE","jetpack-related-posts":[],"_links":{"self":[{"href":"http:\/\/blogdalucianaoliveira.com.br\/blog\/wp-json\/wp\/v2\/posts\/30606","targetHints":{"allow":["GET"]}}],"collection":[{"href":"http:\/\/blogdalucianaoliveira.com.br\/blog\/wp-json\/wp\/v2\/posts"}],"about":[{"href":"http:\/\/blogdalucianaoliveira.com.br\/blog\/wp-json\/wp\/v2\/types\/post"}],"author":[{"embeddable":true,"href":"http:\/\/blogdalucianaoliveira.com.br\/blog\/wp-json\/wp\/v2\/users\/1"}],"replies":[{"embeddable":true,"href":"http:\/\/blogdalucianaoliveira.com.br\/blog\/wp-json\/wp\/v2\/comments?post=30606"}],"version-history":[{"count":1,"href":"http:\/\/blogdalucianaoliveira.com.br\/blog\/wp-json\/wp\/v2\/posts\/30606\/revisions"}],"predecessor-version":[{"id":30608,"href":"http:\/\/blogdalucianaoliveira.com.br\/blog\/wp-json\/wp\/v2\/posts\/30606\/revisions\/30608"}],"wp:attachment":[{"href":"http:\/\/blogdalucianaoliveira.com.br\/blog\/wp-json\/wp\/v2\/media?parent=30606"}],"wp:term":[{"taxonomy":"category","embeddable":true,"href":"http:\/\/blogdalucianaoliveira.com.br\/blog\/wp-json\/wp\/v2\/categories?post=30606"},{"taxonomy":"post_tag","embeddable":true,"href":"http:\/\/blogdalucianaoliveira.com.br\/blog\/wp-json\/wp\/v2\/tags?post=30606"}],"curies":[{"name":"wp","href":"https:\/\/api.w.org\/{rel}","templated":true}]}}