{"id":30609,"date":"2021-01-14T17:02:10","date_gmt":"2021-01-14T21:02:10","guid":{"rendered":"http:\/\/blogdalucianaoliveira.com.br\/blog\/?p=30609"},"modified":"2021-01-14T17:02:19","modified_gmt":"2021-01-14T21:02:19","slug":"governo-bolsonaro-ignora-caos-em-manaus-e-recorre-de-decisao-que-suspendeu-enem-no-amazonas","status":"publish","type":"post","link":"http:\/\/blogdalucianaoliveira.com.br\/blog\/2021\/01\/14\/governo-bolsonaro-ignora-caos-em-manaus-e-recorre-de-decisao-que-suspendeu-enem-no-amazonas\/","title":{"rendered":"Governo Bolsonaro ignora caos em Manaus e recorre de decis\u00e3o que suspendeu Enem no Amazonas"},"content":{"rendered":"\n<figure class=\"wp-block-image size-large\"><img data-recalc-dims=\"1\" loading=\"lazy\" decoding=\"async\" width=\"600\" height=\"374\" data-attachment-id=\"30610\" data-permalink=\"http:\/\/blogdalucianaoliveira.com.br\/blog\/2021\/01\/14\/governo-bolsonaro-ignora-caos-em-manaus-e-recorre-de-decisao-que-suspendeu-enem-no-amazonas\/7e42238a-1f82-453c-8dee-c1cd81560a0a\/\" data-orig-file=\"https:\/\/i0.wp.com\/blogdalucianaoliveira.com.br\/blog\/wp-content\/uploads\/2021\/01\/7E42238A-1F82-453C-8DEE-C1CD81560A0A.jpeg?fit=610%2C380\" data-orig-size=\"610,380\" data-comments-opened=\"0\" data-image-meta=\"{&quot;aperture&quot;:&quot;0&quot;,&quot;credit&quot;:&quot;&quot;,&quot;camera&quot;:&quot;&quot;,&quot;caption&quot;:&quot;&quot;,&quot;created_timestamp&quot;:&quot;0&quot;,&quot;copyright&quot;:&quot;&quot;,&quot;focal_length&quot;:&quot;0&quot;,&quot;iso&quot;:&quot;0&quot;,&quot;shutter_speed&quot;:&quot;0&quot;,&quot;title&quot;:&quot;&quot;,&quot;orientation&quot;:&quot;0&quot;}\" data-image-title=\"7E42238A-1F82-453C-8DEE-C1CD81560A0A\" data-image-description=\"\" data-image-caption=\"\" data-medium-file=\"https:\/\/i0.wp.com\/blogdalucianaoliveira.com.br\/blog\/wp-content\/uploads\/2021\/01\/7E42238A-1F82-453C-8DEE-C1CD81560A0A.jpeg?fit=300%2C187\" data-large-file=\"https:\/\/i0.wp.com\/blogdalucianaoliveira.com.br\/blog\/wp-content\/uploads\/2021\/01\/7E42238A-1F82-453C-8DEE-C1CD81560A0A.jpeg?fit=600%2C374\" src=\"https:\/\/i0.wp.com\/blogdalucianaoliveira.com.br\/blog\/wp-content\/uploads\/2021\/01\/7E42238A-1F82-453C-8DEE-C1CD81560A0A.jpeg?resize=600%2C374\" alt=\"\" class=\"wp-image-30610\" srcset=\"https:\/\/i0.wp.com\/blogdalucianaoliveira.com.br\/blog\/wp-content\/uploads\/2021\/01\/7E42238A-1F82-453C-8DEE-C1CD81560A0A.jpeg?w=610 610w, https:\/\/i0.wp.com\/blogdalucianaoliveira.com.br\/blog\/wp-content\/uploads\/2021\/01\/7E42238A-1F82-453C-8DEE-C1CD81560A0A.jpeg?resize=300%2C187 300w, https:\/\/i0.wp.com\/blogdalucianaoliveira.com.br\/blog\/wp-content\/uploads\/2021\/01\/7E42238A-1F82-453C-8DEE-C1CD81560A0A.jpeg?resize=482%2C300 482w\" sizes=\"auto, (max-width: 600px) 100vw, 600px\" \/><\/figure>\n\n\n\n<p><strong>247 &#8211;&nbsp;<\/strong>Mesmo com o<a href=\"https:\/\/www.brasil247.com\/brasil\/com-vitimas-de-covid-morrendo-por-falta-de-oxigenio-amazonas-decreta-toque-de-recolher\">&nbsp;colapso do sistema de sa\u00fade em Manaus<\/a>, com a alta taxa de contamina\u00e7\u00e3o pelo coronav\u00edrus e mortos por Covid-19 e com pacientes morrendo pela&nbsp;<a href=\"https:\/\/www.brasil247.com\/brasil\/oxigenio-acaba-em-hospitais-de-manaus-e-vitimas-de-covid-estao-morrendo-sufocadas\">falta de cilindros de oxig\u00eanio<\/a>&nbsp;em hospitais, o governo Jair Bolsonaro, por meio da Advocacia-Geral da Uni\u00e3o (AGU), recorreu nesta quinta-feira (14) de decis\u00e3o da Justi\u00e7a federal do Amazonas que suspendeu o Exame Nacional do Ensino M\u00e9dio (Enem) no estado.<\/p>\n\n\n\n<!--more-->\n\n\n\n<p>O Enem est\u00e1 marcado para ocorrer em 17 e 24 de janeiro, ou seja, a primeira etapa da prova j\u00e1 aconteceria no pr\u00f3ximo domingo. Mais de 160 mil estudantes amazonenses est\u00e3o inscritos.<\/p>\n\n\n\n<p>Para suspender o exame, o juiz federal Jos\u00e9 Ricardo Sales argumentou que o n\u00famero de casos e \u00f3bitos na regi\u00e3o estava aumentando.<\/p>\n\n\n\n<p>A AGU, entretanto, alega que a medida causa dano irrepar\u00e1vel aos estudantes. &#8220;Qualquer decis\u00e3o que afete os procedimentos referentes ao cronograma do Enem refletir\u00e1 nos cronogramas do Sisu, do Fies e do Prouni, resultando, necessariamente, em graves danos ao candidatos, a todas as institui\u00e7\u00f5es p\u00fablicas e privadas envolvidas, e ao interesse p\u00fablico como um todo&#8221;.<\/p>\n","protected":false},"excerpt":{"rendered":"<p>247 &#8211;&nbsp;Mesmo com o&nbsp;colapso do sistema de sa\u00fade em Manaus, com a alta taxa de contamina\u00e7\u00e3o pelo coronav\u00edrus e mortos por Covid-19 e com pacientes morrendo pela&nbsp;falta de cilindros de oxig\u00eanio&nbsp;em hospitais, o governo Jair Bolsonaro, por meio da Advocacia-Geral da Uni\u00e3o (AGU), recorreu nesta quinta-feira (14) de decis\u00e3o da Justi\u00e7a federal do Amazonas que&#8230;<a class=\"more-link\" href=\"http:\/\/blogdalucianaoliveira.com.br\/blog\/2021\/01\/14\/governo-bolsonaro-ignora-caos-em-manaus-e-recorre-de-decisao-que-suspendeu-enem-no-amazonas\/\">Continue a leitura <span class=\"meta-nav\">&raquo;<\/span><\/a><\/p>\n","protected":false},"author":1,"featured_media":0,"comment_status":"closed","ping_status":"open","sticky":false,"template":"","format":"standard","meta":{"_exactmetrics_skip_tracking":false,"_exactmetrics_sitenote_active":false,"_exactmetrics_sitenote_note":"","_exactmetrics_sitenote_category":0,"jetpack_post_was_ever_published":false,"_jetpack_newsletter_access":"","_jetpack_dont_email_post_to_subs":false,"_jetpack_newsletter_tier_id":0,"_jetpack_memberships_contains_paywalled_content":false,"_jetpack_memberships_contains_paid_content":false,"footnotes":"","jetpack_publicize_message":"","jetpack_publicize_feature_enabled":true,"jetpack_social_post_already_shared":true,"jetpack_social_options":{"image_generator_settings":{"template":"highway","enabled":false},"version":2}},"categories":[1],"tags":[],"class_list":["post-30609","post","type-post","status-publish","format-standard","hentry","category-notas"],"jetpack_publicize_connections":[],"jetpack_sharing_enabled":true,"jetpack_featured_media_url":"","jetpack_shortlink":"https:\/\/wp.me\/p7wKYW-7XH","jetpack-related-posts":[],"_links":{"self":[{"href":"http:\/\/blogdalucianaoliveira.com.br\/blog\/wp-json\/wp\/v2\/posts\/30609","targetHints":{"allow":["GET"]}}],"collection":[{"href":"http:\/\/blogdalucianaoliveira.com.br\/blog\/wp-json\/wp\/v2\/posts"}],"about":[{"href":"http:\/\/blogdalucianaoliveira.com.br\/blog\/wp-json\/wp\/v2\/types\/post"}],"author":[{"embeddable":true,"href":"http:\/\/blogdalucianaoliveira.com.br\/blog\/wp-json\/wp\/v2\/users\/1"}],"replies":[{"embeddable":true,"href":"http:\/\/blogdalucianaoliveira.com.br\/blog\/wp-json\/wp\/v2\/comments?post=30609"}],"version-history":[{"count":1,"href":"http:\/\/blogdalucianaoliveira.com.br\/blog\/wp-json\/wp\/v2\/posts\/30609\/revisions"}],"predecessor-version":[{"id":30611,"href":"http:\/\/blogdalucianaoliveira.com.br\/blog\/wp-json\/wp\/v2\/posts\/30609\/revisions\/30611"}],"wp:attachment":[{"href":"http:\/\/blogdalucianaoliveira.com.br\/blog\/wp-json\/wp\/v2\/media?parent=30609"}],"wp:term":[{"taxonomy":"category","embeddable":true,"href":"http:\/\/blogdalucianaoliveira.com.br\/blog\/wp-json\/wp\/v2\/categories?post=30609"},{"taxonomy":"post_tag","embeddable":true,"href":"http:\/\/blogdalucianaoliveira.com.br\/blog\/wp-json\/wp\/v2\/tags?post=30609"}],"curies":[{"name":"wp","href":"https:\/\/api.w.org\/{rel}","templated":true}]}}