{"id":30616,"date":"2021-01-15T12:34:32","date_gmt":"2021-01-15T16:34:32","guid":{"rendered":"http:\/\/blogdalucianaoliveira.com.br\/blog\/?p=30616"},"modified":"2021-01-15T12:57:21","modified_gmt":"2021-01-15T16:57:21","slug":"elas-na-cena-produtoras-culturais-aprovam-iniciativas-em-rondonia","status":"publish","type":"post","link":"http:\/\/blogdalucianaoliveira.com.br\/blog\/2021\/01\/15\/elas-na-cena-produtoras-culturais-aprovam-iniciativas-em-rondonia\/","title":{"rendered":"ELAS NA CENA | PRODUTORAS CULTURAIS APROVAM INICIATIVAS EM ROND\u00d4NIA"},"content":{"rendered":"\n<figure class=\"wp-block-image size-large\"><img loading=\"lazy\" decoding=\"async\" width=\"2160\" height=\"2160\" data-attachment-id=\"30617\" data-permalink=\"http:\/\/blogdalucianaoliveira.com.br\/blog\/2021\/01\/15\/elas-na-cena-produtoras-culturais-aprovam-iniciativas-em-rondonia\/1a3bf381-6e96-4a9d-bbe5-d40319abbda0\/\" data-orig-file=\"https:\/\/i0.wp.com\/blogdalucianaoliveira.com.br\/blog\/wp-content\/uploads\/2021\/01\/1A3BF381-6E96-4A9D-BBE5-D40319ABBDA0.png?fit=2160%2C2160\" data-orig-size=\"2160,2160\" data-comments-opened=\"0\" data-image-meta=\"{&quot;aperture&quot;:&quot;0&quot;,&quot;credit&quot;:&quot;&quot;,&quot;camera&quot;:&quot;&quot;,&quot;caption&quot;:&quot;&quot;,&quot;created_timestamp&quot;:&quot;0&quot;,&quot;copyright&quot;:&quot;&quot;,&quot;focal_length&quot;:&quot;0&quot;,&quot;iso&quot;:&quot;0&quot;,&quot;shutter_speed&quot;:&quot;0&quot;,&quot;title&quot;:&quot;&quot;,&quot;orientation&quot;:&quot;0&quot;}\" data-image-title=\"1A3BF381-6E96-4A9D-BBE5-D40319ABBDA0\" data-image-description=\"\" data-image-caption=\"\" data-medium-file=\"https:\/\/i0.wp.com\/blogdalucianaoliveira.com.br\/blog\/wp-content\/uploads\/2021\/01\/1A3BF381-6E96-4A9D-BBE5-D40319ABBDA0.png?fit=300%2C300\" data-large-file=\"https:\/\/i0.wp.com\/blogdalucianaoliveira.com.br\/blog\/wp-content\/uploads\/2021\/01\/1A3BF381-6E96-4A9D-BBE5-D40319ABBDA0.png?fit=600%2C600\" src=\"https:\/\/i2.wp.com\/blogdalucianaoliveira.com.br\/blog\/wp-content\/uploads\/2021\/01\/1A3BF381-6E96-4A9D-BBE5-D40319ABBDA0.png?fit=600%2C600\" alt=\"\" class=\"wp-image-30617\" srcset=\"https:\/\/i0.wp.com\/blogdalucianaoliveira.com.br\/blog\/wp-content\/uploads\/2021\/01\/1A3BF381-6E96-4A9D-BBE5-D40319ABBDA0.png?w=2160 2160w, https:\/\/i0.wp.com\/blogdalucianaoliveira.com.br\/blog\/wp-content\/uploads\/2021\/01\/1A3BF381-6E96-4A9D-BBE5-D40319ABBDA0.png?resize=300%2C300 300w, https:\/\/i0.wp.com\/blogdalucianaoliveira.com.br\/blog\/wp-content\/uploads\/2021\/01\/1A3BF381-6E96-4A9D-BBE5-D40319ABBDA0.png?resize=1024%2C1024 1024w, https:\/\/i0.wp.com\/blogdalucianaoliveira.com.br\/blog\/wp-content\/uploads\/2021\/01\/1A3BF381-6E96-4A9D-BBE5-D40319ABBDA0.png?resize=150%2C150 150w, https:\/\/i0.wp.com\/blogdalucianaoliveira.com.br\/blog\/wp-content\/uploads\/2021\/01\/1A3BF381-6E96-4A9D-BBE5-D40319ABBDA0.png?resize=768%2C768 768w, https:\/\/i0.wp.com\/blogdalucianaoliveira.com.br\/blog\/wp-content\/uploads\/2021\/01\/1A3BF381-6E96-4A9D-BBE5-D40319ABBDA0.png?resize=1536%2C1536 1536w, https:\/\/i0.wp.com\/blogdalucianaoliveira.com.br\/blog\/wp-content\/uploads\/2021\/01\/1A3BF381-6E96-4A9D-BBE5-D40319ABBDA0.png?resize=2048%2C2048 2048w, https:\/\/i0.wp.com\/blogdalucianaoliveira.com.br\/blog\/wp-content\/uploads\/2021\/01\/1A3BF381-6E96-4A9D-BBE5-D40319ABBDA0.png?w=1200 1200w, https:\/\/i0.wp.com\/blogdalucianaoliveira.com.br\/blog\/wp-content\/uploads\/2021\/01\/1A3BF381-6E96-4A9D-BBE5-D40319ABBDA0.png?w=1800 1800w\" sizes=\"auto, (max-width: 600px) 100vw, 600px\" \/><\/figure>\n\n\n\n<p>As mulheres ganharam destaque na produ\u00e7\u00e3o cultural, mesmo durante a pandemia e gra\u00e7as a muita luta que envolveu engajamento e organiza\u00e7\u00e3o em busca de investimento p\u00fablico.<br><br>A Ind\u00fastria Cultural ainda \u00e9 um ambiente bem desigual quando tratamos de g\u00eanero, por\u00e9m cada vez mais mulheres captam recursos e tornam-se protagonistas de projetos e iniciativas que d\u00e3o visibilidade&nbsp;&nbsp;&nbsp;e oportunidades para outras mulheres.&nbsp;<\/p>\n\n\n\n<!--more-->\n\n\n\n<p>A falta de acesso e reconhecimento de produ\u00e7\u00f5es de artistas mulheres historicamente repetiu na Hist\u00f3ria da Arte. Dessa forma, as mulheres ainda ter\u00e3o que implementar muitas a\u00e7\u00f5es para avan\u00e7ar&nbsp;para&nbsp;&nbsp;&nbsp;uma&nbsp;&nbsp;&nbsp;equidade,&nbsp;sejam&nbsp;&nbsp;&nbsp;elas&nbsp;&nbsp;&nbsp;artistas&nbsp;&nbsp;&nbsp;ou produtoras no mercado cultural.<\/p>\n\n\n\n<p><br>De acordo com o Mapeamento da Ind\u00fastria Criativa no Brasil da Federa\u00e7\u00e3o das Ind\u00fastrias do Rio de Janeiro utilizando dados do IBGE, a cultura tem gerado 1 milh\u00e3o de empregos&nbsp;&nbsp;diretos e&nbsp;&nbsp;indiretos,&nbsp;&nbsp;movimentando um&nbsp;&nbsp;total de&nbsp;&nbsp;&nbsp;239&nbsp;&nbsp;mil&nbsp;&nbsp;empresas&nbsp;&nbsp;e institui\u00e7\u00f5es, al\u00e9m de gerar 10,5 bilh\u00f5es de impostos e representar cerca 2,62% do PIB.<\/p>\n\n\n\n<p><br>O Setor Cultural tem participa\u00e7\u00e3o do PIB&nbsp;&nbsp;&nbsp;superior \u00e0&nbsp;&nbsp;&nbsp;setores tradicionais, como as ind\u00fastrias t\u00eaxtil e farmac\u00eautica. Tais dados evidenciam a relev\u00e2ncia do setor no Brasil.<\/p>\n\n\n\n<p>Algumas iniciativas foram determinantes para o fortalecimento da cena cultural feminina: <\/p>\n\n\n\n<p><br><strong>&gt;&gt; Lei Aldir Blanc<\/strong><br>A Lei de Emerg\u00eancia Cultural Aldir Blanc (LEI N\u00ba 14.017) &#8211; entrou em vigor no dia 29 DE JUNHO DE 2020 pelo governo federal, e traz em seu texto o detalhamento das a\u00e7\u00f5es emergenciais destinadas ao setor cultural a serem adotadas durante esse<br>per\u00edodo&nbsp;&nbsp;&nbsp;de&nbsp;&nbsp;&nbsp;calamidade&nbsp;&nbsp;&nbsp;p\u00fablica.&nbsp;&nbsp;&nbsp;<\/p>\n\n\n\n<p><strong>A\u00e7\u00f5es:&nbsp;&nbsp;<\/strong><\/p>\n\n\n\n<p>&nbsp;1)&nbsp;&nbsp;&nbsp;a&nbsp;&nbsp;renda emergencial mensal aos trabalhadores e trabalhadoras da cultura que n\u00e3o recebem qualquer outro tipo de benef\u00edcio e sem emprego formal ativo; <\/p>\n\n\n\n<p>2) o subs\u00eddio mensal para&nbsp;&nbsp;&nbsp;manuten\u00e7\u00e3o&nbsp;&nbsp;&nbsp;de&nbsp;&nbsp;&nbsp;espa\u00e7os&nbsp;&nbsp;&nbsp;art\u00edsticos&nbsp;&nbsp;&nbsp;e&nbsp;&nbsp;&nbsp;culturais,&nbsp;&nbsp;&nbsp;microempresas&nbsp;&nbsp;&nbsp;e&nbsp;&nbsp;pequenas empresas&nbsp;&nbsp;&nbsp;culturais,&nbsp;&nbsp;&nbsp;cooperativas,&nbsp;&nbsp;&nbsp;institui\u00e7\u00f5es&nbsp;&nbsp;&nbsp;e&nbsp;&nbsp;&nbsp;organiza\u00e7\u00f5es culturais&nbsp;;<br><\/p>\n\n\n\n<p>3)&nbsp;&nbsp;a previs\u00e3o&nbsp;&nbsp;&nbsp;de&nbsp;&nbsp;&nbsp;editais,&nbsp;&nbsp;&nbsp;chamadas&nbsp;&nbsp;&nbsp;p\u00fablicas,&nbsp;&nbsp;&nbsp;pr\u00eamios,&nbsp;&nbsp;&nbsp;aquisi\u00e7\u00e3o&nbsp;&nbsp;&nbsp;de&nbsp;&nbsp;&nbsp;bens&nbsp;&nbsp;&nbsp;e&nbsp;&nbsp;servi\u00e7os vinculados&nbsp;&nbsp;&nbsp;ao&nbsp;&nbsp;&nbsp;setor&nbsp;&nbsp;&nbsp;cultural&nbsp;&nbsp;&nbsp;e&nbsp;&nbsp;&nbsp;outros&nbsp;&nbsp;&nbsp;instrumentos&nbsp;&nbsp;&nbsp;destinados&nbsp;&nbsp;&nbsp;\u00e0&nbsp;&nbsp;manuten\u00e7\u00e3o&nbsp;&nbsp;&nbsp;de<br>agentes, de espa\u00e7os, de iniciativas, de cursos, de produ\u00e7\u00f5es, de desenvolvimento de atividades de economia criativa e de economia solid\u00e1ria, de produ\u00e7\u00f5es audiovisuais, de manifesta\u00e7\u00f5es culturais, bem como \u00e0 realiza\u00e7\u00e3o de atividades art\u00edsticas e culturais que&nbsp;&nbsp;&nbsp;possam&nbsp;&nbsp;&nbsp;ser&nbsp;&nbsp;transmitidas&nbsp;&nbsp;&nbsp;pela&nbsp;&nbsp;&nbsp;internet&nbsp;&nbsp;&nbsp;ou&nbsp;&nbsp;&nbsp;disponibilizadas&nbsp;&nbsp;&nbsp;por&nbsp;&nbsp;&nbsp;meio&nbsp;&nbsp;de&nbsp;&nbsp;&nbsp;redes sociais e outras plataformas digitais.<\/p>\n\n\n\n<p><br>&gt;&gt; Recursos Aldir Blanc (Edital Municipal de Porto Velho e Estadual)<\/p>\n\n\n\n<p><br>FUNCULTURAL &#8211; publicou edital para sele\u00e7\u00e3o de projetos culturais no munic\u00edpio de<br>Porto Velho\/RO.<\/p>\n\n\n\n<p><br>SEJUCEL\u00a0\u00a0&#8211;\u00a0\u00a0publicou\u00a0\u00a0nove\u00a0\u00a0editais\u00a0\u00a0\u00a0culturais\u00a0\u00a0\u00a0para\u00a0\u00a0curadoria\u00a0\u00a0e\u00a0\u00a0\u00a0premia\u00e7\u00e3o\u00a0\u00a0\u00a0de\u00a0projetos<br>culturais em diversos segmentos art\u00edsticos no Estado de Rond\u00f4nia.<\/p>\n\n\n\n<p><br>&gt;&gt;&gt; Projetos aprovados por produtoras culturais no munic\u00edpio de Porto&nbsp;Velho e Rond\u00f4nia<\/p>\n\n\n\n<p><br>*Funcultural &#8211; Segmentos (35% dos projetos propostos por mulheres)<\/p>\n\n\n\n<p><br>&#8211;&nbsp;&nbsp;Apresenta\u00e7\u00e3o e performance art\u00edstica ou musical (9 vagas, 4 aprovados)<\/p>\n\n\n\n<p><br>&#8211;&nbsp;Produ\u00e7\u00f5es audiovisuais e m\u00eddias digitais (22 pr\u00eamios, 8 aprovados)<\/p>\n\n\n\n<p><br>&#8211;\u00a0Livro, jornal, fanzine e revista digital (5 pr\u00eamios, 1 aprovado)<\/p>\n\n\n\n<p>Sejucel\/RO &#8211; Segmentos (37% dos projetos propostos por mulheres)<\/p>\n\n\n\n<ul class=\"wp-block-list\"><li>Transmiss\u00f5es ao vivo\/gravadas (142 pr\u00eamios, 40 aprovados)<\/li><li>Pesquisa e Desenvolvimento de Express\u00f5es Culturais (29 pr\u00eamios, 14 aprovados)<\/li><li>Produ\u00e7\u00e3o Audiovisual (27 pr\u00eamios, 19 aprovados)<\/li><li>Publica\u00e7\u00e3o e difus\u00e3o de express\u00f5es culturais (89 pr\u00eamios, 32 aprovados)<\/li><li>Festivais, Mostras e Feiras art\u00edsticas e culturais (41 pr\u00eamios, 15 aprovados)<\/li><li>Difus\u00e3o Cultural dos povos tradicionais ind\u00edgenas (17 pr\u00eamios, 7 aprovados)<\/li><li>Difus\u00e3o Cultural dos povos tradicionais quilombolas (3 pr\u00eamios, 1 aprovados)<\/li><li>Mestres e Mestras da Cultura Popular de Rond\u00f4nia (11 pr\u00eamios, 6 aprovados)<\/li><\/ul>\n\n\n\n<p><strong>Algumas produtoras culturais de Rond\u00f4nia<\/strong>:<\/p>\n\n\n\n<p><br><\/p>\n\n\n\n<figure class=\"wp-block-image size-large\"><img loading=\"lazy\" decoding=\"async\" width=\"1280\" height=\"720\" data-attachment-id=\"30624\" data-permalink=\"http:\/\/blogdalucianaoliveira.com.br\/blog\/2021\/01\/15\/elas-na-cena-produtoras-culturais-aprovam-iniciativas-em-rondonia\/88420d4c-53e0-4c87-9201-7e7fdc25758d\/\" data-orig-file=\"https:\/\/i0.wp.com\/blogdalucianaoliveira.com.br\/blog\/wp-content\/uploads\/2021\/01\/88420D4C-53E0-4C87-9201-7E7FDC25758D.jpeg?fit=1280%2C720\" data-orig-size=\"1280,720\" data-comments-opened=\"0\" data-image-meta=\"{&quot;aperture&quot;:&quot;0&quot;,&quot;credit&quot;:&quot;&quot;,&quot;camera&quot;:&quot;&quot;,&quot;caption&quot;:&quot;&quot;,&quot;created_timestamp&quot;:&quot;0&quot;,&quot;copyright&quot;:&quot;&quot;,&quot;focal_length&quot;:&quot;0&quot;,&quot;iso&quot;:&quot;0&quot;,&quot;shutter_speed&quot;:&quot;0&quot;,&quot;title&quot;:&quot;&quot;,&quot;orientation&quot;:&quot;0&quot;}\" data-image-title=\"88420D4C-53E0-4C87-9201-7E7FDC25758D\" data-image-description=\"\" data-image-caption=\"\" data-medium-file=\"https:\/\/i0.wp.com\/blogdalucianaoliveira.com.br\/blog\/wp-content\/uploads\/2021\/01\/88420D4C-53E0-4C87-9201-7E7FDC25758D.jpeg?fit=300%2C169\" data-large-file=\"https:\/\/i0.wp.com\/blogdalucianaoliveira.com.br\/blog\/wp-content\/uploads\/2021\/01\/88420D4C-53E0-4C87-9201-7E7FDC25758D.jpeg?fit=600%2C338\" src=\"https:\/\/i1.wp.com\/blogdalucianaoliveira.com.br\/blog\/wp-content\/uploads\/2021\/01\/88420D4C-53E0-4C87-9201-7E7FDC25758D.jpeg?fit=600%2C338\" alt=\"\" class=\"wp-image-30624\" srcset=\"https:\/\/i0.wp.com\/blogdalucianaoliveira.com.br\/blog\/wp-content\/uploads\/2021\/01\/88420D4C-53E0-4C87-9201-7E7FDC25758D.jpeg?w=1280 1280w, https:\/\/i0.wp.com\/blogdalucianaoliveira.com.br\/blog\/wp-content\/uploads\/2021\/01\/88420D4C-53E0-4C87-9201-7E7FDC25758D.jpeg?resize=300%2C169 300w, https:\/\/i0.wp.com\/blogdalucianaoliveira.com.br\/blog\/wp-content\/uploads\/2021\/01\/88420D4C-53E0-4C87-9201-7E7FDC25758D.jpeg?resize=1024%2C576 1024w, https:\/\/i0.wp.com\/blogdalucianaoliveira.com.br\/blog\/wp-content\/uploads\/2021\/01\/88420D4C-53E0-4C87-9201-7E7FDC25758D.jpeg?resize=768%2C432 768w, https:\/\/i0.wp.com\/blogdalucianaoliveira.com.br\/blog\/wp-content\/uploads\/2021\/01\/88420D4C-53E0-4C87-9201-7E7FDC25758D.jpeg?resize=533%2C300 533w, https:\/\/i0.wp.com\/blogdalucianaoliveira.com.br\/blog\/wp-content\/uploads\/2021\/01\/88420D4C-53E0-4C87-9201-7E7FDC25758D.jpeg?w=1200 1200w\" sizes=\"auto, (max-width: 600px) 100vw, 600px\" \/><\/figure>\n\n\n\n<p><strong>VIRGINIA DUAN&nbsp;&#8211;&nbsp;<\/strong>\u00e9 produtora cultural h\u00e1 dez anos, tendo desenvolvido projetos com potencial para cinema e televis\u00e3o, al\u00e9m de prestar servi\u00e7os especializados para projetos culturais. Coordenou e realizou a curadoria do Cine Bangu\u00ea (cinema da Funda\u00e7\u00e3o Cultural da Para\u00edba &#8211; Funesc) de 2015 a 2019. Tamb\u00e9m atua como produ\u00e7\u00e3o geral e editora do podcast PPKast. Aprovou o<em>&nbsp;FantaCine: I Mostra de Cinema Fant\u00e1stico de Rond\u00f4nia<\/em>&nbsp;(Edital Paca\u00e1s Novos), o&nbsp;<em>Cinema em forma\u00e7\u00e3o: Oficina de Produ\u00e7\u00e3o executiva para audiovisual&nbsp;<\/em>(Edital Mary Cyanne), a pesquisa cinematogr\u00e1fica&nbsp;<em>Inferno Verde<\/em>&nbsp;(Edital Alejandro Bedotti) e a obra experimental Ressignifica\u00e7\u00f5es (Edital Jair Rangel Pistolino). A Mostra FantaCine atrav\u00e9s de uma programa\u00e7\u00e3o diversificada, gratuita e democr\u00e1tica, ser\u00e1 a 1\u00aa de Cinema Fant\u00e1stico de Rond\u00f4nia, constitu\u00eddo de exibi\u00e7\u00f5es virtuais de filmes produzidos por realizadores audiovisuais locais e de diferentes partes do Pa\u00eds. Por filmes fant\u00e1sticos, definimos produ\u00e7\u00f5es que possuam caracter\u00edsticas que rompam a barreira da naturalidade, realidade, englobando os g\u00eaneros de fic\u00e7\u00e3o cient\u00edfica, terror e fantasia.&nbsp;<br><\/p>\n\n\n\n<figure class=\"wp-block-image size-large\"><img loading=\"lazy\" decoding=\"async\" width=\"2047\" height=\"2048\" data-attachment-id=\"30619\" data-permalink=\"http:\/\/blogdalucianaoliveira.com.br\/blog\/2021\/01\/15\/elas-na-cena-produtoras-culturais-aprovam-iniciativas-em-rondonia\/0e5f49a1-2bec-4844-a0d0-fec30532e6ff\/\" data-orig-file=\"https:\/\/i0.wp.com\/blogdalucianaoliveira.com.br\/blog\/wp-content\/uploads\/2021\/01\/0E5F49A1-2BEC-4844-A0D0-FEC30532E6FF.jpeg?fit=2047%2C2048\" data-orig-size=\"2047,2048\" data-comments-opened=\"0\" data-image-meta=\"{&quot;aperture&quot;:&quot;0&quot;,&quot;credit&quot;:&quot;&quot;,&quot;camera&quot;:&quot;&quot;,&quot;caption&quot;:&quot;&quot;,&quot;created_timestamp&quot;:&quot;0&quot;,&quot;copyright&quot;:&quot;&quot;,&quot;focal_length&quot;:&quot;0&quot;,&quot;iso&quot;:&quot;0&quot;,&quot;shutter_speed&quot;:&quot;0&quot;,&quot;title&quot;:&quot;&quot;,&quot;orientation&quot;:&quot;1&quot;}\" data-image-title=\"0E5F49A1-2BEC-4844-A0D0-FEC30532E6FF\" data-image-description=\"\" data-image-caption=\"\" data-medium-file=\"https:\/\/i0.wp.com\/blogdalucianaoliveira.com.br\/blog\/wp-content\/uploads\/2021\/01\/0E5F49A1-2BEC-4844-A0D0-FEC30532E6FF.jpeg?fit=300%2C300\" data-large-file=\"https:\/\/i0.wp.com\/blogdalucianaoliveira.com.br\/blog\/wp-content\/uploads\/2021\/01\/0E5F49A1-2BEC-4844-A0D0-FEC30532E6FF.jpeg?fit=600%2C600\" src=\"https:\/\/i1.wp.com\/blogdalucianaoliveira.com.br\/blog\/wp-content\/uploads\/2021\/01\/0E5F49A1-2BEC-4844-A0D0-FEC30532E6FF.jpeg?fit=600%2C600\" alt=\"\" class=\"wp-image-30619\" srcset=\"https:\/\/i0.wp.com\/blogdalucianaoliveira.com.br\/blog\/wp-content\/uploads\/2021\/01\/0E5F49A1-2BEC-4844-A0D0-FEC30532E6FF.jpeg?w=2047 2047w, https:\/\/i0.wp.com\/blogdalucianaoliveira.com.br\/blog\/wp-content\/uploads\/2021\/01\/0E5F49A1-2BEC-4844-A0D0-FEC30532E6FF.jpeg?resize=300%2C300 300w, https:\/\/i0.wp.com\/blogdalucianaoliveira.com.br\/blog\/wp-content\/uploads\/2021\/01\/0E5F49A1-2BEC-4844-A0D0-FEC30532E6FF.jpeg?resize=1024%2C1024 1024w, https:\/\/i0.wp.com\/blogdalucianaoliveira.com.br\/blog\/wp-content\/uploads\/2021\/01\/0E5F49A1-2BEC-4844-A0D0-FEC30532E6FF.jpeg?resize=150%2C150 150w, https:\/\/i0.wp.com\/blogdalucianaoliveira.com.br\/blog\/wp-content\/uploads\/2021\/01\/0E5F49A1-2BEC-4844-A0D0-FEC30532E6FF.jpeg?resize=768%2C768 768w, https:\/\/i0.wp.com\/blogdalucianaoliveira.com.br\/blog\/wp-content\/uploads\/2021\/01\/0E5F49A1-2BEC-4844-A0D0-FEC30532E6FF.jpeg?resize=1536%2C1536 1536w, https:\/\/i0.wp.com\/blogdalucianaoliveira.com.br\/blog\/wp-content\/uploads\/2021\/01\/0E5F49A1-2BEC-4844-A0D0-FEC30532E6FF.jpeg?w=1200 1200w, https:\/\/i0.wp.com\/blogdalucianaoliveira.com.br\/blog\/wp-content\/uploads\/2021\/01\/0E5F49A1-2BEC-4844-A0D0-FEC30532E6FF.jpeg?w=1800 1800w\" sizes=\"auto, (max-width: 600px) 100vw, 600px\" \/><\/figure>\n\n\n\n<p><strong>MARI SANTOS &#8211;&nbsp;<\/strong>\u00e9 Marilsa Santana dos Santos, artista e produtora cultural, poeta, rapper, pesquisadora panafricanista e mulherismo africana, historiadora e radialista. Aprovou o curta experimental:&nbsp;<em>Planeta Fome<\/em>&nbsp;(Edital Jair Pistolino), a Live&nbsp;<em>Negra Mari &#8211; Extracotidiana, ac\u00fastico<\/em>&nbsp;(Edital Mary Cyanne) e a grava\u00e7\u00e3o do&nbsp;<em>EP e Clipe Negra Mari &#8211; Extracotidiana<\/em>&nbsp;(Edital Marechal Rondon). Os projetos que prop\u00f4s tem uma import\u00e2ncia pelo processo de constru\u00e7\u00e3o das m\u00fasicas, o curta que produzir\u00e1 \u00e9 inspirado na fala de Elza Soares em sua primeira apari\u00e7\u00e3o p\u00fablica como cantora e talvez esse seja o mais desafiador transformar em filme toda a fome do planeta.<\/p>\n\n\n\n<figure class=\"wp-block-image size-large\"><img data-recalc-dims=\"1\" loading=\"lazy\" decoding=\"async\" width=\"600\" height=\"512\" data-attachment-id=\"30626\" data-permalink=\"http:\/\/blogdalucianaoliveira.com.br\/blog\/2021\/01\/15\/elas-na-cena-produtoras-culturais-aprovam-iniciativas-em-rondonia\/6f0b1f1e-1a84-4854-b1e5-c6902fba53cf\/\" data-orig-file=\"https:\/\/i0.wp.com\/blogdalucianaoliveira.com.br\/blog\/wp-content\/uploads\/2021\/01\/6F0B1F1E-1A84-4854-B1E5-C6902FBA53CF.jpeg?fit=638%2C544\" data-orig-size=\"638,544\" data-comments-opened=\"0\" data-image-meta=\"{&quot;aperture&quot;:&quot;0&quot;,&quot;credit&quot;:&quot;&quot;,&quot;camera&quot;:&quot;&quot;,&quot;caption&quot;:&quot;&quot;,&quot;created_timestamp&quot;:&quot;0&quot;,&quot;copyright&quot;:&quot;&quot;,&quot;focal_length&quot;:&quot;0&quot;,&quot;iso&quot;:&quot;0&quot;,&quot;shutter_speed&quot;:&quot;0&quot;,&quot;title&quot;:&quot;&quot;,&quot;orientation&quot;:&quot;1&quot;}\" data-image-title=\"6F0B1F1E-1A84-4854-B1E5-C6902FBA53CF\" data-image-description=\"\" data-image-caption=\"\" data-medium-file=\"https:\/\/i0.wp.com\/blogdalucianaoliveira.com.br\/blog\/wp-content\/uploads\/2021\/01\/6F0B1F1E-1A84-4854-B1E5-C6902FBA53CF.jpeg?fit=300%2C256\" data-large-file=\"https:\/\/i0.wp.com\/blogdalucianaoliveira.com.br\/blog\/wp-content\/uploads\/2021\/01\/6F0B1F1E-1A84-4854-B1E5-C6902FBA53CF.jpeg?fit=600%2C512\" src=\"https:\/\/i0.wp.com\/blogdalucianaoliveira.com.br\/blog\/wp-content\/uploads\/2021\/01\/6F0B1F1E-1A84-4854-B1E5-C6902FBA53CF.jpeg?resize=600%2C512\" alt=\"\" class=\"wp-image-30626\" srcset=\"https:\/\/i0.wp.com\/blogdalucianaoliveira.com.br\/blog\/wp-content\/uploads\/2021\/01\/6F0B1F1E-1A84-4854-B1E5-C6902FBA53CF.jpeg?w=638 638w, https:\/\/i0.wp.com\/blogdalucianaoliveira.com.br\/blog\/wp-content\/uploads\/2021\/01\/6F0B1F1E-1A84-4854-B1E5-C6902FBA53CF.jpeg?resize=300%2C256 300w, https:\/\/i0.wp.com\/blogdalucianaoliveira.com.br\/blog\/wp-content\/uploads\/2021\/01\/6F0B1F1E-1A84-4854-B1E5-C6902FBA53CF.jpeg?resize=352%2C300 352w\" sizes=\"auto, (max-width: 600px) 100vw, 600px\" \/><\/figure>\n\n\n\n<p><strong>CAROLINA ZEMUNER<\/strong>&nbsp;&#8211; \u00e9 advogada, ex-membro\/diretora do Coletivo Mina Livre nos anos de 2018\/2019, onde atuou como assistente de produ\u00e7\u00e3o no Festival MinaLivre e de Feiras de mulheres empreendedoras, organiza\u00e7\u00e3o de grupos de estudos e entrevistas para canais de tv regionais, tendo participa\u00e7\u00e3o na produ\u00e7\u00e3o art\u00edstica do Festival Internacional de Compositoras &#8211; Sonora \u2013 Porto Velho, na edi\u00e7\u00e3o de 2019, atualmente \u00e9 musicista na Bateria Pura Ra\u00e7a da Escola de Samba GRES Asfalt\u00e3o e na bateria do Bloco de Mulheres Eu te avisei, ambos da cidade de Porto Velho\/RO. \u00c9 criadora, roteirista e podcaster do PPKast. Aprovou a produ\u00e7\u00e3o de Epis\u00f3dios in\u00e9ditos da&nbsp;<em>S\u00e9rie Mulheres Criando<\/em>&nbsp;do podcast PPKast (Edital Marechal Rondon). A S\u00e9rie trata-se de um especial de 5 epis\u00f3dios em formato de entrevista nas seguintes tem\u00e1ticas: Mulheres Instrumentistas, Artistas Visuais do Norte, Cultura Afro-amaz\u00f4nida, Escritoras de Rond\u00f4nia e Mulheres refugiadas e a gastronomia.&nbsp;<br><\/p>\n\n\n\n<figure class=\"wp-block-image size-large\"><img data-recalc-dims=\"1\" loading=\"lazy\" decoding=\"async\" width=\"576\" height=\"576\" data-attachment-id=\"30621\" data-permalink=\"http:\/\/blogdalucianaoliveira.com.br\/blog\/2021\/01\/15\/elas-na-cena-produtoras-culturais-aprovam-iniciativas-em-rondonia\/2491058c-f876-4dbc-9cc9-ee73eba9de7f\/\" data-orig-file=\"https:\/\/i0.wp.com\/blogdalucianaoliveira.com.br\/blog\/wp-content\/uploads\/2021\/01\/2491058C-F876-4DBC-9CC9-EE73EBA9DE7F.jpeg?fit=576%2C576\" data-orig-size=\"576,576\" data-comments-opened=\"0\" data-image-meta=\"{&quot;aperture&quot;:&quot;0&quot;,&quot;credit&quot;:&quot;&quot;,&quot;camera&quot;:&quot;&quot;,&quot;caption&quot;:&quot;&quot;,&quot;created_timestamp&quot;:&quot;0&quot;,&quot;copyright&quot;:&quot;&quot;,&quot;focal_length&quot;:&quot;0&quot;,&quot;iso&quot;:&quot;0&quot;,&quot;shutter_speed&quot;:&quot;0&quot;,&quot;title&quot;:&quot;&quot;,&quot;orientation&quot;:&quot;1&quot;}\" data-image-title=\"2491058C-F876-4DBC-9CC9-EE73EBA9DE7F\" data-image-description=\"\" data-image-caption=\"\" data-medium-file=\"https:\/\/i0.wp.com\/blogdalucianaoliveira.com.br\/blog\/wp-content\/uploads\/2021\/01\/2491058C-F876-4DBC-9CC9-EE73EBA9DE7F.jpeg?fit=300%2C300\" data-large-file=\"https:\/\/i0.wp.com\/blogdalucianaoliveira.com.br\/blog\/wp-content\/uploads\/2021\/01\/2491058C-F876-4DBC-9CC9-EE73EBA9DE7F.jpeg?fit=576%2C576\" src=\"https:\/\/i0.wp.com\/blogdalucianaoliveira.com.br\/blog\/wp-content\/uploads\/2021\/01\/2491058C-F876-4DBC-9CC9-EE73EBA9DE7F.jpeg?resize=576%2C576\" alt=\"\" class=\"wp-image-30621\" srcset=\"https:\/\/i0.wp.com\/blogdalucianaoliveira.com.br\/blog\/wp-content\/uploads\/2021\/01\/2491058C-F876-4DBC-9CC9-EE73EBA9DE7F.jpeg?w=576 576w, https:\/\/i0.wp.com\/blogdalucianaoliveira.com.br\/blog\/wp-content\/uploads\/2021\/01\/2491058C-F876-4DBC-9CC9-EE73EBA9DE7F.jpeg?resize=300%2C300 300w, https:\/\/i0.wp.com\/blogdalucianaoliveira.com.br\/blog\/wp-content\/uploads\/2021\/01\/2491058C-F876-4DBC-9CC9-EE73EBA9DE7F.jpeg?resize=150%2C150 150w\" sizes=\"auto, (max-width: 576px) 100vw, 576px\" \/><\/figure>\n\n\n\n<p><strong>BET\u00c2NIA AVELAR- &nbsp;<\/strong>\u00e9 mulher afroamer\u00edndia, amazonida, cin\u00e9fila, produtora cultural e militante ambientalista. Formada em Comunica\u00e7\u00e3o Social-UNIRON (2007) e Ci\u00eancias Sociais &#8211; UNIR (2018). Atualmente desenvolve a\u00e7\u00f5es como produtora cultural no Sesc Rond\u00f4nia onde responde pelas linguagens de Artes Visuais, Audiovisual e Arte e Educa\u00e7\u00e3o. Aprovou o projeto&nbsp;<em>Pesquis_A\u00e7\u00e3o<\/em>(Edital Alejandro Bedotti). Tal cinematografia do Falso Document\u00e1rio, ter\u00e1 como base uma pesquisa escrita in\u00e9dita de roteiro cinematogr\u00e1fico de curta-metragem, que pretende desenvolver fic\u00e7\u00e3o em g\u00eanero falso document\u00e1rio sobre as pr\u00e1ticas \u201cneo-cinepentecostais\u201d. Essa fic\u00e7\u00e3o \u00e9 proposta enquanto uma s\u00e1tira do constante processo de sucateamento e abandono de bens, aparelhos e pr\u00e1ticas art\u00edstico culturais.<\/p>\n\n\n\n<figure class=\"wp-block-image size-large\"><img data-recalc-dims=\"1\" loading=\"lazy\" decoding=\"async\" width=\"600\" height=\"600\" data-attachment-id=\"30622\" data-permalink=\"http:\/\/blogdalucianaoliveira.com.br\/blog\/2021\/01\/15\/elas-na-cena-produtoras-culturais-aprovam-iniciativas-em-rondonia\/8fa51744-5531-4627-a7eb-2673047a7c42\/\" data-orig-file=\"https:\/\/i0.wp.com\/blogdalucianaoliveira.com.br\/blog\/wp-content\/uploads\/2021\/01\/8FA51744-5531-4627-A7EB-2673047A7C42.jpeg?fit=853%2C853\" data-orig-size=\"853,853\" data-comments-opened=\"0\" data-image-meta=\"{&quot;aperture&quot;:&quot;0&quot;,&quot;credit&quot;:&quot;&quot;,&quot;camera&quot;:&quot;&quot;,&quot;caption&quot;:&quot;&quot;,&quot;created_timestamp&quot;:&quot;0&quot;,&quot;copyright&quot;:&quot;&quot;,&quot;focal_length&quot;:&quot;0&quot;,&quot;iso&quot;:&quot;0&quot;,&quot;shutter_speed&quot;:&quot;0&quot;,&quot;title&quot;:&quot;&quot;,&quot;orientation&quot;:&quot;1&quot;}\" data-image-title=\"8FA51744-5531-4627-A7EB-2673047A7C42\" data-image-description=\"\" data-image-caption=\"\" data-medium-file=\"https:\/\/i0.wp.com\/blogdalucianaoliveira.com.br\/blog\/wp-content\/uploads\/2021\/01\/8FA51744-5531-4627-A7EB-2673047A7C42.jpeg?fit=300%2C300\" data-large-file=\"https:\/\/i0.wp.com\/blogdalucianaoliveira.com.br\/blog\/wp-content\/uploads\/2021\/01\/8FA51744-5531-4627-A7EB-2673047A7C42.jpeg?fit=600%2C600\" src=\"https:\/\/i0.wp.com\/blogdalucianaoliveira.com.br\/blog\/wp-content\/uploads\/2021\/01\/8FA51744-5531-4627-A7EB-2673047A7C42.jpeg?resize=600%2C600\" alt=\"\" class=\"wp-image-30622\" srcset=\"https:\/\/i0.wp.com\/blogdalucianaoliveira.com.br\/blog\/wp-content\/uploads\/2021\/01\/8FA51744-5531-4627-A7EB-2673047A7C42.jpeg?w=853 853w, https:\/\/i0.wp.com\/blogdalucianaoliveira.com.br\/blog\/wp-content\/uploads\/2021\/01\/8FA51744-5531-4627-A7EB-2673047A7C42.jpeg?resize=300%2C300 300w, https:\/\/i0.wp.com\/blogdalucianaoliveira.com.br\/blog\/wp-content\/uploads\/2021\/01\/8FA51744-5531-4627-A7EB-2673047A7C42.jpeg?resize=150%2C150 150w, https:\/\/i0.wp.com\/blogdalucianaoliveira.com.br\/blog\/wp-content\/uploads\/2021\/01\/8FA51744-5531-4627-A7EB-2673047A7C42.jpeg?resize=768%2C768 768w\" sizes=\"auto, (max-width: 600px) 100vw, 600px\" \/><\/figure>\n\n\n\n<p><strong>RAISSA DOURADO &#8211;&nbsp;<\/strong>realizadora audiovisual, artista visual, nascida em Porto Velho, Rond\u00f4nia. Venceu o pr\u00eamio de melhor dire\u00e7\u00e3o no II Festival Internacional de Cinema de Ba\u00eda Formosa &#8211; Natal\/RN (2011), com o filme \u201cVermelho\u201d, exibido no Festival Internacional de Cinema Independente Off Plus C\u00e2mera, na Crac\u00f3via (Pol\u00f4nia). Ganhou o pr\u00eamio \u201cL\u00eddio Sohn\u201d de Audiovisual, com o document\u00e1rio: \u201cVozes da Mem\u00f3ria\u201d (2019). Foi selecionada pelo Ita\u00fa Cultural \u2013 \u201cArte como Respiro e premiada no 3\u00ba Concurso de Document\u00e1rio da Tv C\u00e2mara. Aprovou os projetos: o&nbsp;<em>LABdoc: laborat\u00f3rio de document\u00e1rio&nbsp;<\/em>(Edital Mary Cyanne), a Pesquisa H\u00edbrida: Cidade Submersa (Edital Alejandro Berdotti), o&nbsp;<em>M\u00e9dia- metragem: Vozes da Mem\u00f3ria II<\/em>, a<em>S\u00e9rie Documental : 4 D\u00e9cadas<\/em>&nbsp;(Edital Jair Rangel Pistolino), o&nbsp;<em>Festival de Cinema: Guapor\u00e9 Festival Internacional &nbsp;de cinema Ambiental<\/em>&nbsp;(Edital Paca\u00e1s Novos). A S\u00e9rie documental &nbsp;4 D\u00e9cadas, nasce da indigna\u00e7\u00e3o em rela\u00e7\u00e3o ao cen\u00e1rio de holocausto ambiental que &nbsp;novamente se configura na regi\u00e3o amaz\u00f4nica. A cineasta nasceu em &nbsp;Rond\u00f4nia exatamente no mesmo per\u00edodo em que a BR-364 era pavimentada, per\u00edodo do avan\u00e7o da fronteira agropecu\u00e1ria e urbana para cima da &nbsp;floresta. Dessa forma mostrar\u00e1 parte das mudan\u00e7as ambientais e culturais ao longo de quatro d\u00e9cadas de hist\u00f3ria de Rond\u00f4nia, &nbsp;como forma de contribuir para o debate e a organiza\u00e7\u00e3o coletiva para o enfrentamento das &nbsp;s\u00e9rias quest\u00f5es socioambientais aqui em foco.<\/p>\n\n\n\n<figure class=\"wp-block-image size-large\"><img data-recalc-dims=\"1\" loading=\"lazy\" decoding=\"async\" width=\"600\" height=\"633\" data-attachment-id=\"30625\" data-permalink=\"http:\/\/blogdalucianaoliveira.com.br\/blog\/2021\/01\/15\/elas-na-cena-produtoras-culturais-aprovam-iniciativas-em-rondonia\/c9ab7ac0-322b-4ea4-bfe2-6b5c1a575e3e\/\" data-orig-file=\"https:\/\/i0.wp.com\/blogdalucianaoliveira.com.br\/blog\/wp-content\/uploads\/2021\/01\/C9AB7AC0-322B-4EA4-BFE2-6B5C1A575E3E.jpeg?fit=848%2C894\" data-orig-size=\"848,894\" data-comments-opened=\"0\" data-image-meta=\"{&quot;aperture&quot;:&quot;0&quot;,&quot;credit&quot;:&quot;&quot;,&quot;camera&quot;:&quot;&quot;,&quot;caption&quot;:&quot;&quot;,&quot;created_timestamp&quot;:&quot;0&quot;,&quot;copyright&quot;:&quot;&quot;,&quot;focal_length&quot;:&quot;0&quot;,&quot;iso&quot;:&quot;0&quot;,&quot;shutter_speed&quot;:&quot;0&quot;,&quot;title&quot;:&quot;&quot;,&quot;orientation&quot;:&quot;1&quot;}\" data-image-title=\"C9AB7AC0-322B-4EA4-BFE2-6B5C1A575E3E\" data-image-description=\"\" data-image-caption=\"\" data-medium-file=\"https:\/\/i0.wp.com\/blogdalucianaoliveira.com.br\/blog\/wp-content\/uploads\/2021\/01\/C9AB7AC0-322B-4EA4-BFE2-6B5C1A575E3E.jpeg?fit=285%2C300\" data-large-file=\"https:\/\/i0.wp.com\/blogdalucianaoliveira.com.br\/blog\/wp-content\/uploads\/2021\/01\/C9AB7AC0-322B-4EA4-BFE2-6B5C1A575E3E.jpeg?fit=600%2C633\" src=\"https:\/\/i0.wp.com\/blogdalucianaoliveira.com.br\/blog\/wp-content\/uploads\/2021\/01\/C9AB7AC0-322B-4EA4-BFE2-6B5C1A575E3E.jpeg?resize=600%2C633\" alt=\"\" class=\"wp-image-30625\" srcset=\"https:\/\/i0.wp.com\/blogdalucianaoliveira.com.br\/blog\/wp-content\/uploads\/2021\/01\/C9AB7AC0-322B-4EA4-BFE2-6B5C1A575E3E.jpeg?w=848 848w, https:\/\/i0.wp.com\/blogdalucianaoliveira.com.br\/blog\/wp-content\/uploads\/2021\/01\/C9AB7AC0-322B-4EA4-BFE2-6B5C1A575E3E.jpeg?resize=285%2C300 285w, https:\/\/i0.wp.com\/blogdalucianaoliveira.com.br\/blog\/wp-content\/uploads\/2021\/01\/C9AB7AC0-322B-4EA4-BFE2-6B5C1A575E3E.jpeg?resize=768%2C810 768w\" sizes=\"auto, (max-width: 600px) 100vw, 600px\" \/><\/figure>\n\n\n\n<p><strong>IZABELA LIMA \u2013<\/strong>&nbsp;\u00e9 cantora, compositora, instrumentista e produtora cultural. \u00c9 integrante do grupo 3DN\u00f3s, Zazumbeats, GRES Asfalt\u00e3o e do Bloco de Mulheres Eu te Avisei. \u00c9 apresentadora e roterista no podcast rondoniense \u201cPPKast \u2013 um podcast feminista\u201d e foi produtora executiva do \u00c1lbum Perfume d(n)os olhos do 3DN\u00f3s. Atualmente coordena o Festival Internacional de Compositoras \u2013 Sonora PVH. Aprovou a produ\u00e7\u00e3o de epis\u00f3dios do podcast&nbsp;<em>PPKast &#8211; sobre feminismo, cultura, relacionamento e curiosidades<\/em>&nbsp;(Edital Alu\u00edzio Batista Guedes) e a realiza\u00e7\u00e3o do&nbsp;<em>III &nbsp;Festival Internacional de Compositoras &#8211; Sonora PVH | Sonora LAB<\/em>&nbsp;(Edital Paca\u00e1s Novos).&nbsp;O&nbsp;Festival Sonora PVH | Sonora LAB \u00e9 uma iniciativa que busca dar a cada ano mais visibilidade \u00e0s produ\u00e7\u00f5es musicais de compositoras locais, as quais integram a programa\u00e7\u00e3o dos shows musicais a serem exibidos nas redes sociais. Neste ano realizar\u00e1 o Sonora LAB, o laborat\u00f3rio de produ\u00e7\u00e3o para artistas mulheres cis e trans por meio de oficinas culturais online. Com isso, evidenciar\u00e1 compositoras regionais, disponibilizar\u00e1 informa\u00e7\u00e3o e conte\u00fado de base visando uma atua\u00e7\u00e3o inclusiva, diversificada e potencializadora, consolidando a rede de artistas mulheres de Rond\u00f4nia.<\/p>\n","protected":false},"excerpt":{"rendered":"<p>As mulheres ganharam destaque na produ\u00e7\u00e3o cultural, mesmo durante a pandemia e gra\u00e7as a muita luta que envolveu engajamento e organiza\u00e7\u00e3o em busca de investimento p\u00fablico. A Ind\u00fastria Cultural ainda \u00e9 um ambiente bem desigual quando tratamos de g\u00eanero, por\u00e9m cada vez mais mulheres captam recursos e tornam-se protagonistas de projetos e iniciativas que d\u00e3o&#8230;<a class=\"more-link\" href=\"http:\/\/blogdalucianaoliveira.com.br\/blog\/2021\/01\/15\/elas-na-cena-produtoras-culturais-aprovam-iniciativas-em-rondonia\/\">Continue a leitura <span class=\"meta-nav\">&raquo;<\/span><\/a><\/p>\n","protected":false},"author":1,"featured_media":0,"comment_status":"closed","ping_status":"open","sticky":false,"template":"","format":"standard","meta":{"_exactmetrics_skip_tracking":false,"_exactmetrics_sitenote_active":false,"_exactmetrics_sitenote_note":"","_exactmetrics_sitenote_category":0,"jetpack_post_was_ever_published":false,"_jetpack_newsletter_access":"","_jetpack_dont_email_post_to_subs":false,"_jetpack_newsletter_tier_id":0,"_jetpack_memberships_contains_paywalled_content":false,"_jetpack_memberships_contains_paid_content":false,"footnotes":"","jetpack_publicize_message":"","jetpack_publicize_feature_enabled":true,"jetpack_social_post_already_shared":true,"jetpack_social_options":{"image_generator_settings":{"template":"highway","enabled":false},"version":2}},"categories":[1],"tags":[],"class_list":["post-30616","post","type-post","status-publish","format-standard","hentry","category-notas"],"jetpack_publicize_connections":[],"jetpack_sharing_enabled":true,"jetpack_featured_media_url":"","jetpack_shortlink":"https:\/\/wp.me\/p7wKYW-7XO","jetpack-related-posts":[],"_links":{"self":[{"href":"http:\/\/blogdalucianaoliveira.com.br\/blog\/wp-json\/wp\/v2\/posts\/30616","targetHints":{"allow":["GET"]}}],"collection":[{"href":"http:\/\/blogdalucianaoliveira.com.br\/blog\/wp-json\/wp\/v2\/posts"}],"about":[{"href":"http:\/\/blogdalucianaoliveira.com.br\/blog\/wp-json\/wp\/v2\/types\/post"}],"author":[{"embeddable":true,"href":"http:\/\/blogdalucianaoliveira.com.br\/blog\/wp-json\/wp\/v2\/users\/1"}],"replies":[{"embeddable":true,"href":"http:\/\/blogdalucianaoliveira.com.br\/blog\/wp-json\/wp\/v2\/comments?post=30616"}],"version-history":[{"count":2,"href":"http:\/\/blogdalucianaoliveira.com.br\/blog\/wp-json\/wp\/v2\/posts\/30616\/revisions"}],"predecessor-version":[{"id":30628,"href":"http:\/\/blogdalucianaoliveira.com.br\/blog\/wp-json\/wp\/v2\/posts\/30616\/revisions\/30628"}],"wp:attachment":[{"href":"http:\/\/blogdalucianaoliveira.com.br\/blog\/wp-json\/wp\/v2\/media?parent=30616"}],"wp:term":[{"taxonomy":"category","embeddable":true,"href":"http:\/\/blogdalucianaoliveira.com.br\/blog\/wp-json\/wp\/v2\/categories?post=30616"},{"taxonomy":"post_tag","embeddable":true,"href":"http:\/\/blogdalucianaoliveira.com.br\/blog\/wp-json\/wp\/v2\/tags?post=30616"}],"curies":[{"name":"wp","href":"https:\/\/api.w.org\/{rel}","templated":true}]}}