{"id":30629,"date":"2021-01-16T13:35:03","date_gmt":"2021-01-16T17:35:03","guid":{"rendered":"http:\/\/blogdalucianaoliveira.com.br\/blog\/?p=30629"},"modified":"2021-01-16T13:35:11","modified_gmt":"2021-01-16T17:35:11","slug":"crise-de-manaus-comove-brasil-e-panelaco-ressurge-forte-contra-bolsonaro","status":"publish","type":"post","link":"http:\/\/blogdalucianaoliveira.com.br\/blog\/2021\/01\/16\/crise-de-manaus-comove-brasil-e-panelaco-ressurge-forte-contra-bolsonaro\/","title":{"rendered":"Crise de Manaus comove Brasil e panela\u00e7o ressurge forte contra Bolsonaro"},"content":{"rendered":"\n<figure class=\"wp-block-image size-large\"><img data-recalc-dims=\"1\" loading=\"lazy\" decoding=\"async\" width=\"600\" height=\"315\" data-attachment-id=\"30630\" data-permalink=\"http:\/\/blogdalucianaoliveira.com.br\/blog\/2021\/01\/16\/crise-de-manaus-comove-brasil-e-panelaco-ressurge-forte-contra-bolsonaro\/bbdeee2d-014d-49fc-9916-e0a481d2fb9f\/\" data-orig-file=\"https:\/\/i0.wp.com\/blogdalucianaoliveira.com.br\/blog\/wp-content\/uploads\/2021\/01\/BBDEEE2D-014D-49FC-9916-E0A481D2FB9F.jpeg?fit=640%2C336\" data-orig-size=\"640,336\" data-comments-opened=\"0\" data-image-meta=\"{&quot;aperture&quot;:&quot;0&quot;,&quot;credit&quot;:&quot;&quot;,&quot;camera&quot;:&quot;&quot;,&quot;caption&quot;:&quot;&quot;,&quot;created_timestamp&quot;:&quot;0&quot;,&quot;copyright&quot;:&quot;&quot;,&quot;focal_length&quot;:&quot;0&quot;,&quot;iso&quot;:&quot;0&quot;,&quot;shutter_speed&quot;:&quot;0&quot;,&quot;title&quot;:&quot;&quot;,&quot;orientation&quot;:&quot;0&quot;}\" data-image-title=\"BBDEEE2D-014D-49FC-9916-E0A481D2FB9F\" data-image-description=\"\" data-image-caption=\"\" data-medium-file=\"https:\/\/i0.wp.com\/blogdalucianaoliveira.com.br\/blog\/wp-content\/uploads\/2021\/01\/BBDEEE2D-014D-49FC-9916-E0A481D2FB9F.jpeg?fit=300%2C158\" data-large-file=\"https:\/\/i0.wp.com\/blogdalucianaoliveira.com.br\/blog\/wp-content\/uploads\/2021\/01\/BBDEEE2D-014D-49FC-9916-E0A481D2FB9F.jpeg?fit=600%2C315\" src=\"https:\/\/i0.wp.com\/blogdalucianaoliveira.com.br\/blog\/wp-content\/uploads\/2021\/01\/BBDEEE2D-014D-49FC-9916-E0A481D2FB9F.jpeg?resize=600%2C315\" alt=\"\" class=\"wp-image-30630\" srcset=\"https:\/\/i0.wp.com\/blogdalucianaoliveira.com.br\/blog\/wp-content\/uploads\/2021\/01\/BBDEEE2D-014D-49FC-9916-E0A481D2FB9F.jpeg?w=640 640w, https:\/\/i0.wp.com\/blogdalucianaoliveira.com.br\/blog\/wp-content\/uploads\/2021\/01\/BBDEEE2D-014D-49FC-9916-E0A481D2FB9F.jpeg?resize=300%2C158 300w, https:\/\/i0.wp.com\/blogdalucianaoliveira.com.br\/blog\/wp-content\/uploads\/2021\/01\/BBDEEE2D-014D-49FC-9916-E0A481D2FB9F.jpeg?resize=571%2C300 571w\" sizes=\"auto, (max-width: 600px) 100vw, 600px\" \/><\/figure>\n\n\n\n<p>A crise sem precedentes no Amazonas reacendeu uma pr\u00e1tica que se popularizou no come\u00e7o da pandemia<\/p>\n\n\n\n<!--more-->\n\n\n\n<p><a href=\"https:\/\/brasil.elpais.com\/autor\/flavia-rodrigues-marreiro\/\">FL\u00c1VIA MARREIRO<\/a>, El Pa\u00eds<\/p>\n\n\n\n<p><a rel=\"noreferrer noopener\" href=\"https:\/\/brasil.elpais.com\/brasil\/2021-01-15\/morrer-sem-oxigenio-em-uma-maca-em-manaus-a-tragedia-que-escancara-a-negligencia-politica-na-pandemia.html\" target=\"_blank\">A crise sem precedentes no Amazonas<\/a>reacendeu uma pr\u00e1tica que se popularizou no come\u00e7o da pandemia, os panela\u00e7os contra o Governo Bolsonaro. Marcado para \u00e0s 20h30 desta sexta-feira, o protesto come\u00e7ou minutos mais cedo em algumas regi\u00f5es da cidade de S\u00e3o Paulo, como o Centro e o bairro de Santa Cec\u00edlia e Perdizes. Tamb\u00e9m houve manifesta\u00e7\u00e3o em Bras\u00edlia, no Rio e em Fortaleza.<\/p>\n\n\n\n<p>Durante a sexta-feira, houve mobiliza\u00e7\u00e3o nas redes sociais para chamar para a manifesta\u00e7\u00e3o, com participa\u00e7\u00e3o at\u00e9 de nomes menos \u00f3bvios, como o apresentador da TV Globo e aspirante a candidato presidencial,&nbsp;<a href=\"https:\/\/brasil.elpais.com\/noticias\/luciano-grostein-huck\/\" target=\"_blank\" rel=\"noreferrer noopener\">Luciano Huck.<\/a><\/p>\n\n\n\n<p>A nova onda do barulho de panelas expressa tanto a indigna\u00e7\u00e3o pela gest\u00e3o de Jair Bolsonaro na pandemia como a busca de caminhos pela oposi\u00e7\u00e3o e parte da sociedade civil para fazer o Governo respons\u00e1vel pela situa\u00e7\u00e3o ca\u00f3tica sanit\u00e1ria do pa\u00eds. A sa\u00edda pol\u00edtica para punir o Planalto, o impeachment, segue bloqueada no Congresso. Apesar do recente tom belicoso do presidente da C\u00e2mara, Rodrigo Maia, contra Bolsonaro, o pol\u00edtico do DEM se recusou a levar adiante qualquer pedido de impeachment contra o ex-capit\u00e3o do Ex\u00e9rcito e seu mandato termina em fevereiro.<\/p>\n\n\n\n<figure class=\"wp-block-embed-twitter wp-block-embed is-type-rich is-provider-twitter\"><div class=\"wp-block-embed__wrapper\">\n<blockquote class=\"twitter-tweet\" data-width=\"550\" data-dnt=\"true\"><p lang=\"pt\" dir=\"ltr\">Ja vi v\u00e1rios panela\u00e7os daqui. Com certeza eh o maior. <a href=\"https:\/\/t.co\/Vr4OxBgJg2\">pic.twitter.com\/Vr4OxBgJg2<\/a><\/p>&mdash; Carla Jimenez (@carlajimenez9) <a href=\"https:\/\/twitter.com\/carlajimenez9\/status\/1350223348475768834?ref_src=twsrc%5Etfw\">January 15, 2021<\/a><\/blockquote><script async src=\"https:\/\/platform.twitter.com\/widgets.js\" charset=\"utf-8\"><\/script>\n<\/div><\/figure>\n\n\n\n<p>Pesquisas de opini\u00e3o apontam que Governo ainda tem apoio de cerca de um ter\u00e7o da popula\u00e7\u00e3o, mas o ano come\u00e7a sob tens\u00e3o, com a expectativa do aprofundamento da crise econ\u00f4mica com o fim do pagamento do aux\u00edlio emergencial.<\/p>\n","protected":false},"excerpt":{"rendered":"<p>A crise sem precedentes no Amazonas reacendeu uma pr\u00e1tica que se popularizou no come\u00e7o da pandemia<\/p>\n","protected":false},"author":1,"featured_media":0,"comment_status":"closed","ping_status":"open","sticky":false,"template":"","format":"standard","meta":{"_exactmetrics_skip_tracking":false,"_exactmetrics_sitenote_active":false,"_exactmetrics_sitenote_note":"","_exactmetrics_sitenote_category":0,"jetpack_post_was_ever_published":false,"_jetpack_newsletter_access":"","_jetpack_dont_email_post_to_subs":false,"_jetpack_newsletter_tier_id":0,"_jetpack_memberships_contains_paywalled_content":false,"_jetpack_memberships_contains_paid_content":false,"footnotes":"","jetpack_publicize_message":"","jetpack_publicize_feature_enabled":true,"jetpack_social_post_already_shared":true,"jetpack_social_options":{"image_generator_settings":{"template":"highway","enabled":false},"version":2}},"categories":[1],"tags":[],"class_list":["post-30629","post","type-post","status-publish","format-standard","hentry","category-notas"],"jetpack_publicize_connections":[],"jetpack_sharing_enabled":true,"jetpack_featured_media_url":"","jetpack_shortlink":"https:\/\/wp.me\/p7wKYW-7Y1","jetpack-related-posts":[],"_links":{"self":[{"href":"http:\/\/blogdalucianaoliveira.com.br\/blog\/wp-json\/wp\/v2\/posts\/30629","targetHints":{"allow":["GET"]}}],"collection":[{"href":"http:\/\/blogdalucianaoliveira.com.br\/blog\/wp-json\/wp\/v2\/posts"}],"about":[{"href":"http:\/\/blogdalucianaoliveira.com.br\/blog\/wp-json\/wp\/v2\/types\/post"}],"author":[{"embeddable":true,"href":"http:\/\/blogdalucianaoliveira.com.br\/blog\/wp-json\/wp\/v2\/users\/1"}],"replies":[{"embeddable":true,"href":"http:\/\/blogdalucianaoliveira.com.br\/blog\/wp-json\/wp\/v2\/comments?post=30629"}],"version-history":[{"count":1,"href":"http:\/\/blogdalucianaoliveira.com.br\/blog\/wp-json\/wp\/v2\/posts\/30629\/revisions"}],"predecessor-version":[{"id":30631,"href":"http:\/\/blogdalucianaoliveira.com.br\/blog\/wp-json\/wp\/v2\/posts\/30629\/revisions\/30631"}],"wp:attachment":[{"href":"http:\/\/blogdalucianaoliveira.com.br\/blog\/wp-json\/wp\/v2\/media?parent=30629"}],"wp:term":[{"taxonomy":"category","embeddable":true,"href":"http:\/\/blogdalucianaoliveira.com.br\/blog\/wp-json\/wp\/v2\/categories?post=30629"},{"taxonomy":"post_tag","embeddable":true,"href":"http:\/\/blogdalucianaoliveira.com.br\/blog\/wp-json\/wp\/v2\/tags?post=30629"}],"curies":[{"name":"wp","href":"https:\/\/api.w.org\/{rel}","templated":true}]}}