{"id":30632,"date":"2021-01-16T13:39:28","date_gmt":"2021-01-16T17:39:28","guid":{"rendered":"http:\/\/blogdalucianaoliveira.com.br\/blog\/?p=30632"},"modified":"2021-01-16T13:39:34","modified_gmt":"2021-01-16T17:39:34","slug":"o-governante-tem-que-ser-humano-duque-de-urbino-1450","status":"publish","type":"post","link":"http:\/\/blogdalucianaoliveira.com.br\/blog\/2021\/01\/16\/o-governante-tem-que-ser-humano-duque-de-urbino-1450\/","title":{"rendered":"&#8220;O governante tem que ser humano&#8221; (Duque de Urbino &#8211; 1450)"},"content":{"rendered":"\n<figure class=\"wp-block-image size-large\"><img loading=\"lazy\" decoding=\"async\" width=\"1080\" height=\"1080\" data-attachment-id=\"30633\" data-permalink=\"http:\/\/blogdalucianaoliveira.com.br\/blog\/2021\/01\/16\/o-governante-tem-que-ser-humano-duque-de-urbino-1450\/bac99ec6-ff84-4e79-b969-139d3fbf4e17\/\" data-orig-file=\"https:\/\/i0.wp.com\/blogdalucianaoliveira.com.br\/blog\/wp-content\/uploads\/2021\/01\/BAC99EC6-FF84-4E79-B969-139D3FBF4E17.png?fit=1080%2C1080\" data-orig-size=\"1080,1080\" data-comments-opened=\"0\" data-image-meta=\"{&quot;aperture&quot;:&quot;0&quot;,&quot;credit&quot;:&quot;&quot;,&quot;camera&quot;:&quot;&quot;,&quot;caption&quot;:&quot;&quot;,&quot;created_timestamp&quot;:&quot;0&quot;,&quot;copyright&quot;:&quot;&quot;,&quot;focal_length&quot;:&quot;0&quot;,&quot;iso&quot;:&quot;0&quot;,&quot;shutter_speed&quot;:&quot;0&quot;,&quot;title&quot;:&quot;&quot;,&quot;orientation&quot;:&quot;0&quot;}\" data-image-title=\"BAC99EC6-FF84-4E79-B969-139D3FBF4E17\" data-image-description=\"\" data-image-caption=\"\" data-medium-file=\"https:\/\/i0.wp.com\/blogdalucianaoliveira.com.br\/blog\/wp-content\/uploads\/2021\/01\/BAC99EC6-FF84-4E79-B969-139D3FBF4E17.png?fit=300%2C300\" data-large-file=\"https:\/\/i0.wp.com\/blogdalucianaoliveira.com.br\/blog\/wp-content\/uploads\/2021\/01\/BAC99EC6-FF84-4E79-B969-139D3FBF4E17.png?fit=600%2C600\" src=\"https:\/\/i0.wp.com\/blogdalucianaoliveira.com.br\/blog\/wp-content\/uploads\/2021\/01\/BAC99EC6-FF84-4E79-B969-139D3FBF4E17.png?fit=600%2C600\" alt=\"\" class=\"wp-image-30633\" srcset=\"https:\/\/i0.wp.com\/blogdalucianaoliveira.com.br\/blog\/wp-content\/uploads\/2021\/01\/BAC99EC6-FF84-4E79-B969-139D3FBF4E17.png?w=1080 1080w, https:\/\/i0.wp.com\/blogdalucianaoliveira.com.br\/blog\/wp-content\/uploads\/2021\/01\/BAC99EC6-FF84-4E79-B969-139D3FBF4E17.png?resize=300%2C300 300w, https:\/\/i0.wp.com\/blogdalucianaoliveira.com.br\/blog\/wp-content\/uploads\/2021\/01\/BAC99EC6-FF84-4E79-B969-139D3FBF4E17.png?resize=1024%2C1024 1024w, https:\/\/i0.wp.com\/blogdalucianaoliveira.com.br\/blog\/wp-content\/uploads\/2021\/01\/BAC99EC6-FF84-4E79-B969-139D3FBF4E17.png?resize=150%2C150 150w, https:\/\/i0.wp.com\/blogdalucianaoliveira.com.br\/blog\/wp-content\/uploads\/2021\/01\/BAC99EC6-FF84-4E79-B969-139D3FBF4E17.png?resize=768%2C768 768w\" sizes=\"auto, (max-width: 600px) 100vw, 600px\" \/><\/figure>\n\n\n\n<p>247 &#8211; O horror que se abateu sobre Manaus derramou-se por sobre n\u00f3s brasileiros, todos. Dificilmente se poder\u00e1 relatar algo t\u00e3o do\u00eddo na nossa hist\u00f3ria. Dor, raiva, revolta contra nossos governantes. Nunca esper\u00e1vamos ver tanta desumanidade, tanta incompet\u00eancia, tanta irresponsabilidade. Nos envergonha e nos enxovalha diante do mundo, que nos olha com piedade, mas incr\u00e9dulo. <br><\/p>\n\n\n\n<!--more-->\n\n\n\n<p>N\u00e3o h\u00e1 d\u00favidas que um golpe como esse tem um respons\u00e1vel n\u00edtido: o Presidente da Rep\u00fablica, que n\u00e3o articulou nada, n\u00e3o tomou nenhuma provid\u00eancia, ficou inerte, nada comandou, como \u00e9 de seu dever. E o que mais causa indigna\u00e7\u00e3o \u00e9 sua rea\u00e7\u00e3o mesquinha, curta, med\u00edocre, pequena, pr\u00f3pria de um ser menor, quanto mais de um governante, a dizer que cumpriu sua parte e que o isolamento mata mais do que Covid.<\/p>\n\n\n\n<p>O que nos consola \u00e9 a a\u00e7\u00e3o herc\u00falea, humanit\u00e1ria, solid\u00e1ria daquela gente de Manaus, os profissionais de sa\u00fade \u00e0 frente.<\/p>\n\n\n\n<p>Bolsonaro n\u00e3o \u00e9 humano no sentido na exig\u00eancia da Rep\u00fablica.<\/p>\n\n\n\n<p>Os americanos provaram que o seu presidente igualmente n\u00e3o \u00e9 humano e o jogaram para fora. Bolsonaro e Trump t\u00eam demonstrado desumanidade a toda hora, em diversas a\u00e7\u00f5es e atitudes. Especialmente na verborragia. Ali\u00e1s, a linguagem de ambos \u00e9 pobre, rasteira, med\u00edocre.<\/p>\n\n\n\n<p>E ambos mentem.<\/p>\n\n\n\n<p>Trump separa filhos de imigrantes de seus pais, constr\u00f3i muro para separar mexicanos e diz que o M\u00e9xico pagar\u00e1 a conta, foi displicente na pandemia; Bolsonaro chegou \u00e0 irresponsabilidade na pandemia, dirige agress\u00f5es a advers\u00e1rios, faz xingamentos contra mulheres, negros e tantas outras estrepolias.<\/p>\n\n\n\n<p>Mas ambos foram eleitos, tem que ter seus mandatos respeitados, tem que ser engolidos at\u00e9 o fim. L\u00e1 engoliram o Trump at\u00e9 derrot\u00e1-lo nas elei\u00e7\u00f5es. A hora de Bolsonaro vai chegar. A sua incompet\u00eancia, seu despreparo e, acima de tudo, sua desumanidade ir\u00e3o derrot\u00e1-lo nas elei\u00e7\u00f5es. Basta n\u00e3o errarmos tanto e tra\u00e7armos uma estrat\u00e9gia coerente. E estarmos ao lado do povo, defendendo seus direitos e puxando por suas aspira\u00e7\u00f5es.<\/p>\n\n\n\n<p>J\u00e1 erramos muito na estrat\u00e9gia. Quando adiaram as diretas de 1985 para 1989, perdemos a chance de derrotar a ditadura, os que a sustentaram e suas pol\u00edticas. Quiseram assumir o poder pelo Col\u00e9gio Eleitoral e n\u00e3o pelo voto direto. Conseguiram. Deram tempo para fabricar o Collor. Quando fizemos o impeachment do Collor, deixamos de derrot\u00e1-lo e suas pol\u00edticas neoliberais nas elei\u00e7\u00f5es e a\u00ed os donos do Brasil tiveram tempo de fabricar o Plano Real e o Fernando Henrique. Conseguiram fazer o que o Collor n\u00e2o havia conseguido: implantar pol\u00edticas neoliberais radicais de desmonte do Estado e retirada de direitos.&nbsp;<\/p>\n\n\n\n<p>Agora, o mais importante \u00e9 derrotar Bolsonaro e sua turma e todos os seus parceiros dessas pol\u00edticas desumanas. Pois de pouco adiantar\u00e1 afastar Bolsonaro e deixar soltos os que apoiam sua pol\u00edtica econ\u00f4mica que sufoca nosso povo e compromete a na\u00e7\u00e3o. Ir\u00e3o at\u00e9 posar de antibolsonaristas, de democratas. Bolsonaro j\u00e1 ultrapassou a metade, est\u00e1 em contagem regressiva. \u00a0\u00a0\u00a0<br><\/p>\n\n\n\n<p>A Rep\u00fablica se assenta na soberania popular, na investidura pelo voto. Cassar um mandato \u00e9 romper a investidura popular. \u00c9 preciso causas muito profundas, muito s\u00e9rias. Sen\u00e3o, vamos justificar os que falaram em pedaladas, um golpe deslavado. Queremos o respeito ao voto como coisa sagrada do nosso povo que vai nos consagrar no ano que vem.<\/p>\n\n\n\n<p>J\u00e1 h\u00e1 muitos motivos, muita raiva acumulada para cassar Bolsonaro. Mas o que precisamos \u00e9 derrot\u00e1-lo, ele, toda a sua turma e todos os que o fabricaram e o ajudam a levar adiante as pol\u00edticas antinacionais e desumanas que est\u00e3o a sufocar nosso povo.&nbsp;<\/p>\n","protected":false},"excerpt":{"rendered":"<p>247 &#8211; O horror que se abateu sobre Manaus derramou-se por sobre n\u00f3s brasileiros, todos. Dificilmente se poder\u00e1 relatar algo t\u00e3o do\u00eddo na nossa hist\u00f3ria. Dor, raiva, revolta contra nossos governantes. Nunca esper\u00e1vamos ver tanta desumanidade, tanta incompet\u00eancia, tanta irresponsabilidade. Nos envergonha e nos enxovalha diante do mundo, que nos olha com piedade, mas incr\u00e9dulo.<\/p>\n","protected":false},"author":1,"featured_media":0,"comment_status":"closed","ping_status":"open","sticky":false,"template":"","format":"standard","meta":{"_exactmetrics_skip_tracking":false,"_exactmetrics_sitenote_active":false,"_exactmetrics_sitenote_note":"","_exactmetrics_sitenote_category":0,"jetpack_post_was_ever_published":false,"_jetpack_newsletter_access":"","_jetpack_dont_email_post_to_subs":false,"_jetpack_newsletter_tier_id":0,"_jetpack_memberships_contains_paywalled_content":false,"_jetpack_memberships_contains_paid_content":false,"footnotes":"","jetpack_publicize_message":"","jetpack_publicize_feature_enabled":true,"jetpack_social_post_already_shared":true,"jetpack_social_options":{"image_generator_settings":{"template":"highway","enabled":false},"version":2}},"categories":[1],"tags":[],"class_list":["post-30632","post","type-post","status-publish","format-standard","hentry","category-notas"],"jetpack_publicize_connections":[],"jetpack_sharing_enabled":true,"jetpack_featured_media_url":"","jetpack_shortlink":"https:\/\/wp.me\/p7wKYW-7Y4","jetpack-related-posts":[],"_links":{"self":[{"href":"http:\/\/blogdalucianaoliveira.com.br\/blog\/wp-json\/wp\/v2\/posts\/30632","targetHints":{"allow":["GET"]}}],"collection":[{"href":"http:\/\/blogdalucianaoliveira.com.br\/blog\/wp-json\/wp\/v2\/posts"}],"about":[{"href":"http:\/\/blogdalucianaoliveira.com.br\/blog\/wp-json\/wp\/v2\/types\/post"}],"author":[{"embeddable":true,"href":"http:\/\/blogdalucianaoliveira.com.br\/blog\/wp-json\/wp\/v2\/users\/1"}],"replies":[{"embeddable":true,"href":"http:\/\/blogdalucianaoliveira.com.br\/blog\/wp-json\/wp\/v2\/comments?post=30632"}],"version-history":[{"count":1,"href":"http:\/\/blogdalucianaoliveira.com.br\/blog\/wp-json\/wp\/v2\/posts\/30632\/revisions"}],"predecessor-version":[{"id":30634,"href":"http:\/\/blogdalucianaoliveira.com.br\/blog\/wp-json\/wp\/v2\/posts\/30632\/revisions\/30634"}],"wp:attachment":[{"href":"http:\/\/blogdalucianaoliveira.com.br\/blog\/wp-json\/wp\/v2\/media?parent=30632"}],"wp:term":[{"taxonomy":"category","embeddable":true,"href":"http:\/\/blogdalucianaoliveira.com.br\/blog\/wp-json\/wp\/v2\/categories?post=30632"},{"taxonomy":"post_tag","embeddable":true,"href":"http:\/\/blogdalucianaoliveira.com.br\/blog\/wp-json\/wp\/v2\/tags?post=30632"}],"curies":[{"name":"wp","href":"https:\/\/api.w.org\/{rel}","templated":true}]}}