{"id":30635,"date":"2021-01-16T17:09:13","date_gmt":"2021-01-16T21:09:13","guid":{"rendered":"http:\/\/blogdalucianaoliveira.com.br\/blog\/?p=30635"},"modified":"2021-01-16T17:09:17","modified_gmt":"2021-01-16T21:09:17","slug":"cemiterio-comeca-a-ficar-sem-espaco-em-porto-velho","status":"publish","type":"post","link":"http:\/\/blogdalucianaoliveira.com.br\/blog\/2021\/01\/16\/cemiterio-comeca-a-ficar-sem-espaco-em-porto-velho\/","title":{"rendered":"Cemit\u00e9rio come\u00e7a a ficar sem espa\u00e7o em Porto Velho"},"content":{"rendered":"\n<figure class=\"wp-block-image size-large\"><img data-recalc-dims=\"1\" loading=\"lazy\" decoding=\"async\" width=\"600\" height=\"338\" data-attachment-id=\"30636\" data-permalink=\"http:\/\/blogdalucianaoliveira.com.br\/blog\/2021\/01\/16\/cemiterio-comeca-a-ficar-sem-espaco-em-porto-velho\/dcim100mediadji_0061-jpg\/\" data-orig-file=\"https:\/\/i0.wp.com\/blogdalucianaoliveira.com.br\/blog\/wp-content\/uploads\/2021\/01\/58CEDA1F-EDCA-4BB8-90F8-F9FE9B1262D4.jpeg?fit=800%2C450\" data-orig-size=\"800,450\" data-comments-opened=\"0\" data-image-meta=\"{&quot;aperture&quot;:&quot;5&quot;,&quot;credit&quot;:&quot;&quot;,&quot;camera&quot;:&quot;FC6310&quot;,&quot;caption&quot;:&quot;DCIM100MEDIADJI_0061.JPG&quot;,&quot;created_timestamp&quot;:&quot;1610540228&quot;,&quot;copyright&quot;:&quot;&quot;,&quot;focal_length&quot;:&quot;8.8&quot;,&quot;iso&quot;:&quot;100&quot;,&quot;shutter_speed&quot;:&quot;0.003125&quot;,&quot;title&quot;:&quot;DCIM100MEDIADJI_0061.JPG&quot;,&quot;orientation&quot;:&quot;1&quot;}\" data-image-title=\"DCIM\\100MEDIA\\DJI_0061.JPG\" data-image-description=\"\" data-image-caption=\"&lt;p&gt;DCIM\\100MEDIA\\DJI_0061.JPG&lt;\/p&gt;\n\" data-medium-file=\"https:\/\/i0.wp.com\/blogdalucianaoliveira.com.br\/blog\/wp-content\/uploads\/2021\/01\/58CEDA1F-EDCA-4BB8-90F8-F9FE9B1262D4.jpeg?fit=300%2C169\" data-large-file=\"https:\/\/i0.wp.com\/blogdalucianaoliveira.com.br\/blog\/wp-content\/uploads\/2021\/01\/58CEDA1F-EDCA-4BB8-90F8-F9FE9B1262D4.jpeg?fit=600%2C338\" src=\"https:\/\/i0.wp.com\/blogdalucianaoliveira.com.br\/blog\/wp-content\/uploads\/2021\/01\/58CEDA1F-EDCA-4BB8-90F8-F9FE9B1262D4.jpeg?resize=600%2C338\" alt=\"\" class=\"wp-image-30636\" srcset=\"https:\/\/i0.wp.com\/blogdalucianaoliveira.com.br\/blog\/wp-content\/uploads\/2021\/01\/58CEDA1F-EDCA-4BB8-90F8-F9FE9B1262D4.jpeg?w=800 800w, https:\/\/i0.wp.com\/blogdalucianaoliveira.com.br\/blog\/wp-content\/uploads\/2021\/01\/58CEDA1F-EDCA-4BB8-90F8-F9FE9B1262D4.jpeg?resize=300%2C169 300w, https:\/\/i0.wp.com\/blogdalucianaoliveira.com.br\/blog\/wp-content\/uploads\/2021\/01\/58CEDA1F-EDCA-4BB8-90F8-F9FE9B1262D4.jpeg?resize=768%2C432 768w, https:\/\/i0.wp.com\/blogdalucianaoliveira.com.br\/blog\/wp-content\/uploads\/2021\/01\/58CEDA1F-EDCA-4BB8-90F8-F9FE9B1262D4.jpeg?resize=533%2C300 533w\" sizes=\"auto, (max-width: 600px) 100vw, 600px\" \/><figcaption> <\/figcaption><\/figure>\n\n\n\n<p> Com a pandemia do novo coronav\u00edrus a demanda por sepultamentos aumentou muito na capital.<\/p>\n\n\n\n<!--more-->\n\n\n\n<p>Di\u00e1rio da Amaz\u00f4nia <\/p>\n\n\n\n<p><br>Nenhum cemit\u00e9rio do mundo estava preparado para a explos\u00e3o de mortes que a Covid-19 acabou trazendo. No Cemit\u00e9rio p\u00fablico Santo Ant\u00f4nio, em Porto Velho, a situa\u00e7\u00e3o n\u00e3o \u00e9 diferente, o pouco espa\u00e7o para novas covas e os protocolos de sepultamentos para as v\u00edtimas do novo Coronav\u00edrus mudou a rotina dos coveiros no local. De repente eles passaram a trabalhar na linha de frente a pandemia.<\/p>\n\n\n\n<h3 class=\"wp-block-heading\">Sepultamentos<\/h3>\n\n\n\n<p>Outra mudan\u00e7a significativa ocorreu na rotina de despedida em sepultamentos n\u00e3o \u00e9 mais a mesma, devido aos perigos de contamina\u00e7\u00e3o do v\u00edrus. De acordo com o Diretor do cemit\u00e9rio de Santo Ant\u00f4nio, Giberson Morais, uma das maiores dificuldades \u00e9 fazer a fam\u00edlia entender sobre os perigos de infec\u00e7\u00e3o.<\/p>\n\n\n\n<p>\u201cOs sepultamentos est\u00e3o acontecendo, mas n\u00e3o \u00e9 aquele tradicional que pode abrir a tampa do caix\u00e3o para que a fam\u00edlia pudesse se ver naquele \u00faltimo momento e fazer suas ora\u00e7\u00f5es, isso j\u00e1 n\u00e3o acontece mais com a Covid-19. O corpo chegou e damos um tempo para uma ora\u00e7\u00e3o r\u00e1pida para a fam\u00edlia que est\u00e1 distante para se despedir e fazer o sepultamento\u201d, disse.<\/p>\n\n\n\n<figure class=\"wp-block-image\"><a href=\"https:\/\/i0.wp.com\/www.diariodaamazonia.com.br\/gerenciador\/data\/uploads\/2021\/01\/CEMITERIO-SANTO-ANTONIO.-12-01-201.-FOTO.-RONI-CARVALHO-4-scaled-e1610770452157.jpg?ssl=1\"><img data-recalc-dims=\"1\" decoding=\"async\" src=\"https:\/\/i0.wp.com\/www.diariodaamazonia.com.br\/gerenciador\/data\/uploads\/2021\/01\/CEMITERIO-SANTO-ANTONIO.-12-01-201.-FOTO.-RONI-CARVALHO-4-scaled-e1610770452157.jpg?w=600&#038;ssl=1\" alt=\"\" class=\"wp-image-290822\"\/><\/a><\/figure>\n\n\n\n<p>Com a doen\u00e7a, os sepultamentos passaram a ser feitos sem a tradicional despedida<br>Foto: Roni Carvalho\/Di\u00e1rio da Amaz\u00f4nia<\/p>\n\n\n\n<p>Antes da pandemia, o Cemit\u00e9rio do Santo Ant\u00f4nio tinha uma estimativa anual de 1.500 a 1.600 sepultamentos, com a chegada do v\u00edrus em 2020, o local passou a realizar 2.570 sepultamentos. Desse n\u00famero 777 enterros foram de v\u00edtimas da Covid-19.<\/p>\n\n\n\n<p>No pico da pandemia no m\u00eas de junho o Cemit\u00e9rio Santo Ant\u00f4nio chegou a realizar 604 sepultamentos, sendo 208 de v\u00edtimas do v\u00edrus. No mesmo m\u00eas de 2019 foram 272 enterros no total.<\/p>\n\n\n\n<p>A exig\u00eancia \u00e9 que o Cemit\u00e9rio tem que ter um espa\u00e7o s\u00f3 para a Covid. A fam\u00edlia pode ter suas gavetas, por\u00e9m quando falece por causa do v\u00edrus \u00e9 direcionado para o espa\u00e7o exclusivo para isso\u201d, disse.<\/p>\n\n\n\n<p>O diretor tamb\u00e9m afirmou que em algumas ocasi\u00f5es,&nbsp;fam\u00edlia \u00e0s vezes tenta burlar a divulga\u00e7\u00e3o da doen\u00e7a para que a pessoa seja enterrada com os familiares. \u201cPor\u00e9m j\u00e1 estamos informatizados, atrav\u00e9s da Central de \u00d3bitos j\u00e1 sabemos a causa da morte. Infelizmente n\u00e3o podemos fazer nada, s\u00f3 podemos direcionar o sepultamento de Covid na \u00e1rea j\u00e1 reservada. A esperan\u00e7a \u00e9 que futuramente possa ser desenterrada e transferida para o local da fam\u00edlia\u201d, disse o Diretor.<\/p>\n\n\n\n<p>At\u00e9 o momento, afirmou ele, o cemit\u00e9rio Santo Ant\u00f4nio tem espa\u00e7o para poder atender, por\u00e9m n\u00e3o consegue atender a mesma demanda da primeira onda da pandemia. \u201cJ\u00e1 foi feito um levantamento t\u00e9cnico da Secretaria Semusb que \u00e9 a respons\u00e1vel pelo cemit\u00e9rio, j\u00e1 foi conferiado e est\u00e3o em fase de solu\u00e7\u00e3o para um novo cemit\u00e9rio. Por\u00e9m ainda n\u00e3o foi decidido. N\u00e3o tem mais para onde expandir o Cemit\u00e9rio Santo Ant\u00f4nio, nas laterais s\u00e3o propriet\u00e1rios que podem questionar, nos fundos s\u00e3o barrancos. As sepulturas verticais podem ser uma possibilidade para um novo cemit\u00e9rio\u201d, disse.<\/p>\n\n\n\n<p>O Diretor explicou que ser\u00e3o realizadas tr\u00eas audi\u00eancias p\u00fablicas para o encaminhamento de uma licita\u00e7\u00e3o para um novo cemit\u00e9rio.&nbsp;\u201cAinda conseguimos atender no Santo Ant\u00f4nio, mas n\u00e3o podemos dizer que estamos no controle porque n\u00e3o sabemos ainda o que que pode acontecer. Foi todo mundo pego de surpresa. Veja o exemplo de Manaus no Amazonas. O&nbsp;cemit\u00e9rio de l\u00e1 \u00e9 enorme e mesmo assim de atender a demanda porque o n\u00famero de mortes foi muito alto\u201d, lembrou.<\/p>\n\n\n\n<p>Leomir G\u00f3es que trabalha h\u00e1 14 anos como coveiro no cemit\u00e9rio Santo Ant\u00f4nio contou que essa \u00e9 a primeira vez que presencia essa quantidade de enterros di\u00e1rios. \u201c\u00c9 doloroso acompanhar o enterro de Covid. A fam\u00edlia s\u00f3 se despede do parente quanto interna e n\u00e3o tem mais contato e quando chega aqui n\u00e3o pode abrir n\u00e3o pode chegar perto \u00e9 bem complicado. Mas temos que sepultar conforme o protocolo indicado pelo Minist\u00e9rio da Sa\u00fade. As pessoas que est\u00e3o na rua n\u00e3o t\u00eam consci\u00eancia desse v\u00edrus, por\u00e9m todos os dias tem enterro da doen\u00e7a aqui, hoje j\u00e1 teve um enterro de Covid e j\u00e1 estamos esperando outro\u201d, frisou.<\/p>\n\n\n\n<h3 class=\"wp-block-heading\">Boletim<\/h3>\n\n\n\n<p>De acordo com os n\u00fameros divulgados pela Ag\u00eancia Estadual de Vigil\u00e2ncia em Sa\u00fade (Angevisa), em conjunto com a Secretaria de Estado da Sa\u00fade (Sesau), at\u00e9 ontem Rond\u00f4nia havia registrado mais de 16 mil casos ativos de Covid-19 de um total de 107.332 casos de infec\u00e7\u00e3o pelo novo coronav\u00edrus. Com o n\u00famero crescente de cont\u00e1gio, o n\u00famero de \u00f3bitos tamb\u00e9m aumentou e j\u00e1 est\u00e1 pr\u00f3ximo de duas mil mortes desde o primeiro \u00f3bito confirmado em mar\u00e7o do ano passado.<\/p>\n\n\n\n<p>S\u00f3 na sexta-feira (15), foram registrado 17 \u00f3bitos por Covid-19 no estado.<\/p>\n\n\n\n<p><\/p>\n","protected":false},"excerpt":{"rendered":"<p>Com a pandemia do novo coronav\u00edrus a demanda por sepultamentos aumentou muito na capital.<\/p>\n","protected":false},"author":1,"featured_media":0,"comment_status":"closed","ping_status":"open","sticky":false,"template":"","format":"standard","meta":{"_exactmetrics_skip_tracking":false,"_exactmetrics_sitenote_active":false,"_exactmetrics_sitenote_note":"","_exactmetrics_sitenote_category":0,"jetpack_post_was_ever_published":false,"_jetpack_newsletter_access":"","_jetpack_dont_email_post_to_subs":false,"_jetpack_newsletter_tier_id":0,"_jetpack_memberships_contains_paywalled_content":false,"_jetpack_memberships_contains_paid_content":false,"footnotes":"","jetpack_publicize_message":"","jetpack_publicize_feature_enabled":true,"jetpack_social_post_already_shared":true,"jetpack_social_options":{"image_generator_settings":{"template":"highway","enabled":false},"version":2}},"categories":[1],"tags":[],"class_list":["post-30635","post","type-post","status-publish","format-standard","hentry","category-notas"],"jetpack_publicize_connections":[],"jetpack_sharing_enabled":true,"jetpack_featured_media_url":"","jetpack_shortlink":"https:\/\/wp.me\/p7wKYW-7Y7","jetpack-related-posts":[],"_links":{"self":[{"href":"http:\/\/blogdalucianaoliveira.com.br\/blog\/wp-json\/wp\/v2\/posts\/30635","targetHints":{"allow":["GET"]}}],"collection":[{"href":"http:\/\/blogdalucianaoliveira.com.br\/blog\/wp-json\/wp\/v2\/posts"}],"about":[{"href":"http:\/\/blogdalucianaoliveira.com.br\/blog\/wp-json\/wp\/v2\/types\/post"}],"author":[{"embeddable":true,"href":"http:\/\/blogdalucianaoliveira.com.br\/blog\/wp-json\/wp\/v2\/users\/1"}],"replies":[{"embeddable":true,"href":"http:\/\/blogdalucianaoliveira.com.br\/blog\/wp-json\/wp\/v2\/comments?post=30635"}],"version-history":[{"count":1,"href":"http:\/\/blogdalucianaoliveira.com.br\/blog\/wp-json\/wp\/v2\/posts\/30635\/revisions"}],"predecessor-version":[{"id":30637,"href":"http:\/\/blogdalucianaoliveira.com.br\/blog\/wp-json\/wp\/v2\/posts\/30635\/revisions\/30637"}],"wp:attachment":[{"href":"http:\/\/blogdalucianaoliveira.com.br\/blog\/wp-json\/wp\/v2\/media?parent=30635"}],"wp:term":[{"taxonomy":"category","embeddable":true,"href":"http:\/\/blogdalucianaoliveira.com.br\/blog\/wp-json\/wp\/v2\/categories?post=30635"},{"taxonomy":"post_tag","embeddable":true,"href":"http:\/\/blogdalucianaoliveira.com.br\/blog\/wp-json\/wp\/v2\/tags?post=30635"}],"curies":[{"name":"wp","href":"https:\/\/api.w.org\/{rel}","templated":true}]}}