{"id":30638,"date":"2021-01-16T18:03:29","date_gmt":"2021-01-16T22:03:29","guid":{"rendered":"http:\/\/blogdalucianaoliveira.com.br\/blog\/?p=30638"},"modified":"2021-01-16T18:03:35","modified_gmt":"2021-01-16T22:03:35","slug":"perigoso-exercito-de-incapazes","status":"publish","type":"post","link":"http:\/\/blogdalucianaoliveira.com.br\/blog\/2021\/01\/16\/perigoso-exercito-de-incapazes\/","title":{"rendered":"Perigoso Ex\u00e9rcito de Incapazes"},"content":{"rendered":"\n<figure class=\"wp-block-image size-large\"><img data-recalc-dims=\"1\" loading=\"lazy\" decoding=\"async\" width=\"600\" height=\"330\" data-attachment-id=\"30639\" data-permalink=\"http:\/\/blogdalucianaoliveira.com.br\/blog\/2021\/01\/16\/perigoso-exercito-de-incapazes\/c957f316-624c-4034-9045-af0e2252adb3\/\" data-orig-file=\"https:\/\/i0.wp.com\/blogdalucianaoliveira.com.br\/blog\/wp-content\/uploads\/2021\/01\/C957F316-624C-4034-9045-AF0E2252ADB3.jpeg?fit=1024%2C563\" data-orig-size=\"1024,563\" data-comments-opened=\"0\" data-image-meta=\"{&quot;aperture&quot;:&quot;0&quot;,&quot;credit&quot;:&quot;&quot;,&quot;camera&quot;:&quot;&quot;,&quot;caption&quot;:&quot;&quot;,&quot;created_timestamp&quot;:&quot;0&quot;,&quot;copyright&quot;:&quot;&quot;,&quot;focal_length&quot;:&quot;0&quot;,&quot;iso&quot;:&quot;0&quot;,&quot;shutter_speed&quot;:&quot;0&quot;,&quot;title&quot;:&quot;&quot;,&quot;orientation&quot;:&quot;0&quot;}\" data-image-title=\"C957F316-624C-4034-9045-AF0E2252ADB3\" data-image-description=\"\" data-image-caption=\"\" data-medium-file=\"https:\/\/i0.wp.com\/blogdalucianaoliveira.com.br\/blog\/wp-content\/uploads\/2021\/01\/C957F316-624C-4034-9045-AF0E2252ADB3.jpeg?fit=300%2C165\" data-large-file=\"https:\/\/i0.wp.com\/blogdalucianaoliveira.com.br\/blog\/wp-content\/uploads\/2021\/01\/C957F316-624C-4034-9045-AF0E2252ADB3.jpeg?fit=600%2C330\" src=\"https:\/\/i0.wp.com\/blogdalucianaoliveira.com.br\/blog\/wp-content\/uploads\/2021\/01\/C957F316-624C-4034-9045-AF0E2252ADB3.jpeg?resize=600%2C330\" alt=\"\" class=\"wp-image-30639\" srcset=\"https:\/\/i0.wp.com\/blogdalucianaoliveira.com.br\/blog\/wp-content\/uploads\/2021\/01\/C957F316-624C-4034-9045-AF0E2252ADB3.jpeg?w=1024 1024w, https:\/\/i0.wp.com\/blogdalucianaoliveira.com.br\/blog\/wp-content\/uploads\/2021\/01\/C957F316-624C-4034-9045-AF0E2252ADB3.jpeg?resize=300%2C165 300w, https:\/\/i0.wp.com\/blogdalucianaoliveira.com.br\/blog\/wp-content\/uploads\/2021\/01\/C957F316-624C-4034-9045-AF0E2252ADB3.jpeg?resize=768%2C422 768w, https:\/\/i0.wp.com\/blogdalucianaoliveira.com.br\/blog\/wp-content\/uploads\/2021\/01\/C957F316-624C-4034-9045-AF0E2252ADB3.jpeg?resize=546%2C300 546w\" sizes=\"auto, (max-width: 600px) 100vw, 600px\" \/><\/figure>\n\n\n\n<p><em>A presen\u00e7a militar no Planalto: em busca de sobreviv\u00eancia, Bolsonaro entope governo com oficiais cheios de sal\u00e1rios e mordomias, mas vazios de compet\u00eancia. Devastam o servi\u00e7o p\u00fablico. Amea\u00e7am a democracia. Desonram as For\u00e7as Armadas<\/em><br><\/p>\n\n\n\n<!--more-->\n\n\n\n<p>Por\u00a0<strong>William Nozaki\u00a0<\/strong>|\u00a0Imagem:\u00a0<strong>Rubem\u00a0Grillo<\/strong>,\u00a0<em>Orelhudo<\/em><\/p>\n\n\n\n<p>Em Outras Palavras <\/p>\n\n\n\n<p>\u201cParece que est\u00e1 chegando a hora de a sociedade brasileira&nbsp;<br>se desfazer desses \u2018mitos salvadores\u2019&nbsp;<br>e devolver seus militares a seus quart\u00e9is&nbsp;<br>e suas fun\u00e7\u00f5es constitucionais.&nbsp;<br>Assumir de uma vez por todas, com coragem&nbsp;<br>e com suas pr\u00f3prias m\u00e3os, a responsabilidade&nbsp;<br>de construir um novo pa\u00eds que tenha a sua cara,&nbsp;<br>e que seja feito \u00e0 imagem e semelhan\u00e7a,&nbsp;<br>com seus grandes defeitos,&nbsp;<br>mas tamb\u00e9m com suas grandes virtudes.\u201d<br><strong>Jos\u00e9 Lu\u00eds Fiori<\/strong>,&nbsp;<a href=\"https:\/\/outraspalavras.net\/crise-brasileira\/sob-os-escombros-as-digitais-de-um-responsavel\/\">\u201cSob os escombros, as digitais de um respons\u00e1vel\u201d<\/a><\/p>\n\n\n\n<p>No \u00faltimo dia do ano de 2020, o professor de economia pol\u00edtica internacional da UFRJ, Jos\u00e9 Lu\u00eds Fiori publicou um artigo de grande repercuss\u00e3o, onde diagnostica o avan\u00e7ado processo de destrui\u00e7\u00e3o f\u00edsica e moral do pa\u00eds nestes \u00faltimos dois anos e defende a tese de que o gigantesco fracasso do governo de Jair Bolsonaro \u00e9 indissoci\u00e1vel das For\u00e7as Armadas brasileiras.<\/p>\n\n\n\n<p>Uma semana depois da publica\u00e7\u00e3o do artigo do professor Fiori, o pr\u00f3prio Bolsonaro confirmou o diagn\u00f3stico ao declarar publicamente que \u201co Brasil quebrou e ele n\u00e3o pode fazer nada\u201d, uma das confiss\u00f5es mais sinceras de que se tem conhecimento da parte de um governante que reconhece seu pr\u00f3prio fracasso e ao mesmo tempo se declara incapaz de enfrentar a destrui\u00e7\u00e3o provocada pelo seu governo, durante o tempo em que \u2013 em vez de governar \u2013 ele se dedicava pessoalmente a atacar pessoas e institui\u00e7\u00f5es e debochar do sofrimento e da morte dos seus pr\u00f3prios concidad\u00e3os. A declara\u00e7\u00e3o foi feita no mesmo dia, ali\u00e1s, em que o general da ativa e ministro da sa\u00fade Eduardo Pazuello, anunciava ao pa\u00eds a aus\u00eancia de um plano da vacina\u00e7\u00e3o.<\/p>\n\n\n\n<p>De fato, desde que foi eleito, Jair Bolsonaro nunca fez quest\u00e3o de esconder ou omitir a sua d\u00edvida com as For\u00e7as Armadas \u2013 \u201co senhor \u00e9 um dos respons\u00e1veis por eu estar aqui\u201d, afirmou o presidente capit\u00e3o ao ent\u00e3o General Eduardo Villas Boas se referindo \u00e0 sua elei\u00e7\u00e3o.<\/p>\n\n\n\n<p>Nos \u00faltimos dois anos essa depend\u00eancia se intensificou. No interior do governo a ruptura do bolsonarismo com o lavajatismo jur\u00eddico, a perda de for\u00e7a relativa do olavismo ideol\u00f3gico, somado \u00e0s tens\u00f5es com parte da grande imprensa e o desconforto de parcela do empresariado, criaram um ambiente de reacomoda\u00e7\u00e3o de for\u00e7as que resultou na amplia\u00e7\u00e3o dos espa\u00e7os ocupados pelos militares no governo. A cada novo embate ideol\u00f3gico derrotado, a cada nova suspeita de corrup\u00e7\u00e3o e il\u00edcitos envolvendo o cl\u00e3 Bolsonaro e a cada novo erro de pol\u00edtica p\u00fablica por parte dos civis, os militares avan\u00e7aram pelo menos uma casa no tabuleiro. Sendo assim, ora sob efeito da ades\u00e3o irrestrita ora sob o argumento da redu\u00e7\u00e3o de danos, os militares se posicionaram como fiadores e tutores do governo Bolsonaro.<\/p>\n\n\n\n<p>Esse movimento n\u00e3o sofreu nenhuma resist\u00eancia efetiva por parte dos setores da sociedade civil e paulatinamente foi sendo normalizado e naturalizado. Enquanto parcela dos atores pol\u00edticos \u00e0 esquerda acreditou no mito de que os militares brasileiros seriam nacionalistas ou estatistas, parcela dos atores pol\u00edticos \u00e0 direita reiterou a ideia de que os militares seriam politicamente imunes \u00e0 corrup\u00e7\u00e3o e tecnicamente superiores em mat\u00e9ria de gest\u00e3o. Ledo engano. Essa mitologia tem sua origem no reconhecido papel exercido pelos militares na forma\u00e7\u00e3o do Estado e no desenvolvimento da industrializa\u00e7\u00e3o ao longo do s\u00e9culo XX. Mas os militares de ontem n\u00e3o se equivalem aos de hoje.<\/p>\n\n\n\n<p>Desde a vit\u00f3ria liberal-conservadora, ainda no per\u00edodo da ditadura, o que impera nas For\u00e7as Armadas em mat\u00e9ria de geopol\u00edtica \u00e9 a defesa do alinhamento autom\u00e1tico ao governo norte-americano. Essa escolha desobrigou boa parte dos nossos militares de se empenhar na formula\u00e7\u00e3o de estrat\u00e9gias nacionais, liberando tempo e energia para que se concentrassem prioritariamente em interesses corporativos da caserna. Para al\u00e9m de \u201cneoliberais\u201d ou \u201cneodesenvolvimentistas\u201d os militares brasileiros tornaram-se corporativistas.<\/p>\n\n\n\n<p>\u00c9 com esse esp\u00edrito que parte significativa dos militares t\u00eam avan\u00e7ado dentro do governo Bolsonaro. A atual Esplanada dos Minist\u00e9rios tem sido ocupada por um n\u00famero exorbitante de fardados no primeiro escal\u00e3o do governo, s\u00e3o 11 dos 23 ministros.<\/p>\n\n\n\n<p>Vejamos alguns dos problemas nos minist\u00e9rios encabe\u00e7ados por militares. Como \u00e9 poss\u00edvel confiar na superioridade \u00e9tica e moral de uma Casa Civil que conduz reuni\u00f5es ministeriais t\u00e3o desqualificadas quanto aquela de&nbsp;<a href=\"https:\/\/noticias.uol.com.br\/politica\/ultimas-noticias\/2020\/05\/22\/confira-a-integra-da-degravacao-da-reuniao-ministerial-de-22-de-abril.htm\">22 de abril<\/a>&nbsp;do \u00faltimo ano? Como crer na compet\u00eancia estrat\u00e9gica de um Gabinete de Seguran\u00e7a Institucional (GSI) que n\u00e3o identifica drogas em avi\u00f5es da FAB e em um ministro que se deixa gravar em conversa particular pela imprensa? Como acreditar no esp\u00edrito republicano de uma Secretaria de Governo que admite interfer\u00eancias na Pol\u00edcia Federal ou em um ministro da Secretaria Geral que acolhe interesses pessoais da fam\u00edlia presidencial? Como \u00e9 poss\u00edvel sustentar a voca\u00e7\u00e3o nacional de uma pasta de Ci\u00eancia e Tecnologia em desmonte acelerado e que se posiciona de maneira pouco estrat\u00e9gica em um tema crucial como o da tecnologia 5G? Como defender o esp\u00edrito inovador de uma \u00e1rea de Minas e Energia impactada por desmontes e apag\u00f5es? Como apostar em Transpar\u00eancia em um governo movido a&nbsp;<em>fake news<\/em>? Como admitir que a \u00e1rea de Infraestrutura tenha posi\u00e7\u00f5es t\u00e3o refrat\u00e1rias contra investimentos p\u00fablicos? Como aceitar uma vice-presid\u00eancia que se responsabiliza pelas rela\u00e7\u00f5es com a China e pela Amaz\u00f4nia no per\u00edodo em que o pa\u00eds mais tem esgar\u00e7ado o di\u00e1logo com o pa\u00eds asi\u00e1tico e tem batido recordes de desmatamento e queimadas?<\/p>\n\n\n\n<p>Por todos esses motivos n\u00e3o \u00e9 mais poss\u00edvel isentar as alas militares da responsabilidade e da cumplicidade com o desastre protagonizado por Bolsonaro. O caso do atual ministro da sa\u00fade, general Eduardo Pazuello, \u00e9 dos mais emblem\u00e1ticos na desmistifica\u00e7\u00e3o da suposta aura de compet\u00eancia pol\u00edtica, intelectual e administrativa dos militares.<\/p>\n\n\n\n<p>Pazuello entregou o comando da 12\u00ba Regi\u00e3o Militar, mas se recusa a ir para a reserva, criando uma indesej\u00e1vel mistura entre For\u00e7as Armadas e Poder Executivo. O general n\u00e3o domina nem mesmo os saberes que deveriam compor seu repert\u00f3rio militar, n\u00e3o entende de geografia (ao tratar da propaga\u00e7\u00e3o da pandemia, associou o inverno no hemisf\u00e9rio Norte do globo \u00e0 regi\u00e3o Nordeste do Brasil), n\u00e3o entende de Estado (afirmou que n\u00e3o conhecia o SUS), n\u00e3o entende de planejamento (deixou de coordenar as a\u00e7\u00f5es dos entes federativos), n\u00e3o entende de distribui\u00e7\u00e3o (deixou mais de 6,8 milh\u00f5es de testes contra a COVID-19 vencerem em estoque) e n\u00e3o entende de log\u00edstica (atrasou a defini\u00e7\u00e3o sobre a compra de seringas, agulhas e insumos para a vacina).<\/p>\n\n\n\n<p>O problema se agrava quando observamos os demais escal\u00f5es do governo. Estima-se que haja mais de 8450 militares da reserva e 2930 militares da ativa atuando em diversas \u00e1reas e n\u00edveis hier\u00e1rquicos do governo, com \u00eanfase nos setores de planejamento, or\u00e7amento e log\u00edstica dos minist\u00e9rios. Algumas \u00e1reas sens\u00edveis passam por intenso processo de militariza\u00e7\u00e3o. Na gest\u00e3o socioambiental h\u00e1 mais de 90 militares alocados em \u00e1reas como Funai, Ibama, ICMBio, Sesai, Incra, Mapa, Funasa, FCP, al\u00e9m do Minist\u00e9rio do Meio-Ambiente e do Minist\u00e9rio de Agricultura, Pecu\u00e1ria e Abastecimento. No Minist\u00e9rio da Sa\u00fade apenas durante o per\u00edodo de pandemia, foram nomeados pelo menos 17 militares.<\/p>\n\n\n\n<p>O quadro n\u00e3o \u00e9 diferente nas empresas estatais e autarquias, h\u00e1 uma pl\u00eaiade de militares nomeados em boa parte delas: Amazul, Caixa, Casa da Moeda, Chesf, Correios, CPRM, Dataprev, EBC, Ebserh, Eletrobras, Emgepron, EPL, Finep, Imbel, INB, Infraero, Nuclep, Petrobras, Serpro, Telebras, Valec. Em muitas dessas empresas a t\u00f4nica segue na contram\u00e3o da linha geral da pol\u00edtica econ\u00f4mica do pr\u00f3prio governo. Ao inv\u00e9s de desinvestimentos, algumas foram brindadas com capitaliza\u00e7\u00e3o; ao inv\u00e9s de privatiza\u00e7\u00e3o, indica-se que algumas devem passar apenas por fus\u00f5es.<\/p>\n\n\n\n<p>Tal presen\u00e7a j\u00e1 garantiu aos militares importantes acordos internacionais de defesa, ratificando o alinhamento autom\u00e1tico com os EUA, al\u00e9m da amplia\u00e7\u00e3o do or\u00e7amento do Minist\u00e9rio da Defesa e do fortalecimento de projetos e empresas a ele vinculadas. Mais ainda, n\u00e3o faltam ganhos corporativos para as armas: privil\u00e9gios previdenci\u00e1rios, como aposentadoria integral e sem idade m\u00ednima, reajustes reais do soldo de cerca de 13%, o que n\u00e3o ocorreu com o sal\u00e1rio m\u00ednimo, e aumento de adicionais, bonifica\u00e7\u00f5es e gratifica\u00e7\u00f5es diversas. Em empresas estatais, por exemplo, o pagamento de jetons para militares subiu cerca de 9,7% em 2020, para n\u00e3o mencionar ganhos adicionais e cumulativos com cargos de confian\u00e7a e adjac\u00eancias. A amplitude dos ganhos corporativos e em proventos pessoais indica que os militares n\u00e3o retornar\u00e3o para os quart\u00e9is de maneira autom\u00e1tica ou volunt\u00e1ria, qualquer que seja o pr\u00f3ximo governo.<\/p>\n\n\n\n<p>O quadro deveria causar preocupa\u00e7\u00e3o, inclusive, dentro das pr\u00f3prias For\u00e7as Armadas. Pois a boa reputa\u00e7\u00e3o e a confian\u00e7a de que desfrutam os militares na opini\u00e3o p\u00fablica rivaliza a cada dia com as digitais impressas pelos fardados nos erros do governo. Al\u00e9m disso, ao aceitarem o desgoverno da atual pol\u00edtica externa os militares se colocam em posi\u00e7\u00e3o subalterna para a interlocu\u00e7\u00e3o com EUA, China, Uni\u00e3o Europeia e at\u00e9 mesmo com alguns pa\u00edses vizinhos.<\/p>\n\n\n\n<p>Sendo assim, em tempos nos quais se debatem as possibilidades de constru\u00e7\u00e3o de uma frente ampla ou popular, a defesa de um Legislativo \u201clivre, independente e aut\u00f4nomo\u201d e a reconstru\u00e7\u00e3o de um Estado que promova \u201ca vida, a sa\u00fade, o trabalho e os direitos\u201d, a consolida\u00e7\u00e3o de uma \u201cdemocracia viva e forte\u201d no Brasil passa por um pacto que assegure o retorno dos militares aos quart\u00e9is para o exerc\u00edcio das suas fun\u00e7\u00f5es constitucionais. Um Brasil verdadeiramente democr\u00e1tico deve dispensar definitivamente a tutela das fardas.<\/p>\n","protected":false},"excerpt":{"rendered":"<p>A presen\u00e7a militar no Planalto: em busca de sobreviv\u00eancia, Bolsonaro entope governo com oficiais cheios de sal\u00e1rios e mordomias, mas vazios de compet\u00eancia. Devastam o servi\u00e7o p\u00fablico. Amea\u00e7am a democracia. Desonram as For\u00e7as Armadas<\/p>\n","protected":false},"author":1,"featured_media":0,"comment_status":"closed","ping_status":"open","sticky":false,"template":"","format":"standard","meta":{"_exactmetrics_skip_tracking":false,"_exactmetrics_sitenote_active":false,"_exactmetrics_sitenote_note":"","_exactmetrics_sitenote_category":0,"jetpack_post_was_ever_published":false,"_jetpack_newsletter_access":"","_jetpack_dont_email_post_to_subs":false,"_jetpack_newsletter_tier_id":0,"_jetpack_memberships_contains_paywalled_content":false,"_jetpack_memberships_contains_paid_content":false,"footnotes":"","jetpack_publicize_message":"","jetpack_publicize_feature_enabled":true,"jetpack_social_post_already_shared":true,"jetpack_social_options":{"image_generator_settings":{"template":"highway","enabled":false},"version":2}},"categories":[1],"tags":[],"class_list":["post-30638","post","type-post","status-publish","format-standard","hentry","category-notas"],"jetpack_publicize_connections":[],"jetpack_sharing_enabled":true,"jetpack_featured_media_url":"","jetpack_shortlink":"https:\/\/wp.me\/p7wKYW-7Ya","jetpack-related-posts":[],"_links":{"self":[{"href":"http:\/\/blogdalucianaoliveira.com.br\/blog\/wp-json\/wp\/v2\/posts\/30638","targetHints":{"allow":["GET"]}}],"collection":[{"href":"http:\/\/blogdalucianaoliveira.com.br\/blog\/wp-json\/wp\/v2\/posts"}],"about":[{"href":"http:\/\/blogdalucianaoliveira.com.br\/blog\/wp-json\/wp\/v2\/types\/post"}],"author":[{"embeddable":true,"href":"http:\/\/blogdalucianaoliveira.com.br\/blog\/wp-json\/wp\/v2\/users\/1"}],"replies":[{"embeddable":true,"href":"http:\/\/blogdalucianaoliveira.com.br\/blog\/wp-json\/wp\/v2\/comments?post=30638"}],"version-history":[{"count":1,"href":"http:\/\/blogdalucianaoliveira.com.br\/blog\/wp-json\/wp\/v2\/posts\/30638\/revisions"}],"predecessor-version":[{"id":30640,"href":"http:\/\/blogdalucianaoliveira.com.br\/blog\/wp-json\/wp\/v2\/posts\/30638\/revisions\/30640"}],"wp:attachment":[{"href":"http:\/\/blogdalucianaoliveira.com.br\/blog\/wp-json\/wp\/v2\/media?parent=30638"}],"wp:term":[{"taxonomy":"category","embeddable":true,"href":"http:\/\/blogdalucianaoliveira.com.br\/blog\/wp-json\/wp\/v2\/categories?post=30638"},{"taxonomy":"post_tag","embeddable":true,"href":"http:\/\/blogdalucianaoliveira.com.br\/blog\/wp-json\/wp\/v2\/tags?post=30638"}],"curies":[{"name":"wp","href":"https:\/\/api.w.org\/{rel}","templated":true}]}}