{"id":30653,"date":"2021-01-18T17:59:58","date_gmt":"2021-01-18T21:59:58","guid":{"rendered":"http:\/\/blogdalucianaoliveira.com.br\/blog\/?p=30653"},"modified":"2021-01-18T18:00:07","modified_gmt":"2021-01-18T22:00:07","slug":"cientistas-brasileiros-travam-guerra-contra-a-desinformacao-bolsonarista-por-vacinacao","status":"publish","type":"post","link":"http:\/\/blogdalucianaoliveira.com.br\/blog\/2021\/01\/18\/cientistas-brasileiros-travam-guerra-contra-a-desinformacao-bolsonarista-por-vacinacao\/","title":{"rendered":"Cientistas brasileiros travam guerra contra a desinforma\u00e7\u00e3o bolsonarista por vacina\u00e7\u00e3o"},"content":{"rendered":"\n<figure class=\"wp-block-image size-large\"><img data-recalc-dims=\"1\" loading=\"lazy\" decoding=\"async\" width=\"600\" height=\"400\" data-attachment-id=\"30654\" data-permalink=\"http:\/\/blogdalucianaoliveira.com.br\/blog\/2021\/01\/18\/cientistas-brasileiros-travam-guerra-contra-a-desinformacao-bolsonarista-por-vacinacao\/14161aa6-ca46-43f0-9ccc-bfd6d3578a75\/\" data-orig-file=\"https:\/\/i0.wp.com\/blogdalucianaoliveira.com.br\/blog\/wp-content\/uploads\/2021\/01\/14161AA6-CA46-43F0-9CCC-BFD6D3578A75.jpeg?fit=640%2C427\" data-orig-size=\"640,427\" data-comments-opened=\"0\" data-image-meta=\"{&quot;aperture&quot;:&quot;0&quot;,&quot;credit&quot;:&quot;&quot;,&quot;camera&quot;:&quot;&quot;,&quot;caption&quot;:&quot;&quot;,&quot;created_timestamp&quot;:&quot;0&quot;,&quot;copyright&quot;:&quot;&quot;,&quot;focal_length&quot;:&quot;0&quot;,&quot;iso&quot;:&quot;0&quot;,&quot;shutter_speed&quot;:&quot;0&quot;,&quot;title&quot;:&quot;&quot;,&quot;orientation&quot;:&quot;0&quot;}\" data-image-title=\"14161AA6-CA46-43F0-9CCC-BFD6D3578A75\" data-image-description=\"\" data-image-caption=\"\" data-medium-file=\"https:\/\/i0.wp.com\/blogdalucianaoliveira.com.br\/blog\/wp-content\/uploads\/2021\/01\/14161AA6-CA46-43F0-9CCC-BFD6D3578A75.jpeg?fit=300%2C200\" data-large-file=\"https:\/\/i0.wp.com\/blogdalucianaoliveira.com.br\/blog\/wp-content\/uploads\/2021\/01\/14161AA6-CA46-43F0-9CCC-BFD6D3578A75.jpeg?fit=600%2C400\" src=\"https:\/\/i0.wp.com\/blogdalucianaoliveira.com.br\/blog\/wp-content\/uploads\/2021\/01\/14161AA6-CA46-43F0-9CCC-BFD6D3578A75.jpeg?resize=600%2C400\" alt=\"\" class=\"wp-image-30654\" srcset=\"https:\/\/i0.wp.com\/blogdalucianaoliveira.com.br\/blog\/wp-content\/uploads\/2021\/01\/14161AA6-CA46-43F0-9CCC-BFD6D3578A75.jpeg?w=640 640w, https:\/\/i0.wp.com\/blogdalucianaoliveira.com.br\/blog\/wp-content\/uploads\/2021\/01\/14161AA6-CA46-43F0-9CCC-BFD6D3578A75.jpeg?resize=300%2C200 300w, https:\/\/i0.wp.com\/blogdalucianaoliveira.com.br\/blog\/wp-content\/uploads\/2021\/01\/14161AA6-CA46-43F0-9CCC-BFD6D3578A75.jpeg?resize=450%2C300 450w\" sizes=\"auto, (max-width: 600px) 100vw, 600px\" \/><\/figure>\n\n\n\n<p>Pesquisadores, artistas e \u2018influencers\u2019 tornam-se contrapontos ao presidente Bolsonaro \u2015que diz que n\u00e3o ir\u00e1 se imunizar\u2015 para desmentir not\u00edcias falsas e gerar onda pr\u00f3-imuniza\u00e7\u00e3o no Brasil. \u201cN\u00e3o importa a efic\u00e1cia, o que precisamos \u00e9 que muitas pessoas sejam vacinadas\u201d<\/p>\n\n\n\n<!--more-->\n\n\n\n<p>El Pa\u00eds<\/p>\n\n\n\n<p>\u00c1udios de WhatsApp, v\u00eddeos curtos e memes s\u00e3o as&nbsp;<em>armas<\/em>que renomados cientistas brasileiros aderiram para tentar convencer a popula\u00e7\u00e3o a se vacinar contra a&nbsp;<a href=\"https:\/\/brasil.elpais.com\/noticias\/covid-19\/\" target=\"_blank\" rel=\"noreferrer noopener\">covid-19<\/a>. N\u00e3o se trata apenas de espalhar conhecimento cient\u00edfico e combater a desinforma\u00e7\u00e3o \u2015algo que muitos j\u00e1 vinham fazendo desde o in\u00edcio da&nbsp;<a href=\"https:\/\/brasil.elpais.com\/noticias\/coronavirus\/\" target=\"_blank\" rel=\"noreferrer noopener\">pandemia de coronav\u00edrus<\/a>. O objetivo agora \u00e9 driblar a falta de iniciativa do Governo&nbsp;<a href=\"https:\/\/brasil.elpais.com\/noticias\/jair-messias-bolsonaro\/\" target=\"_blank\" rel=\"noreferrer noopener\">Jair Bolsonaro<\/a>&nbsp;e criar uma onda pr\u00f3-vacina\u00e7\u00e3o, com mensagens simples e diretas. E, dessa forma, derrubar as d\u00favidas sobre a efic\u00e1cia das vacinas levantadas pelo pr\u00f3prio presidente e seus apoiadores mais extremistas, os quais inflam&nbsp;<a href=\"https:\/\/brasil.elpais.com\/ciencia\/2020-06-04\/movimento-antivacina-cresce-em-meio-a-pandemia.html\" target=\"_blank\" rel=\"noreferrer noopener\">o incipiente movimento antivacina brasileiro<\/a>.<\/p>\n\n\n\n<p>No domingo, a\u00a0<a rel=\"noreferrer noopener\" href=\"https:\/\/brasil.elpais.com\/noticias\/anvisa-agencia-nacional-vigilancia-sanitaria\/\" target=\"_blank\">Ag\u00eancia Nacional de Vigil\u00e2ncia Sanit\u00e1ria<\/a>(Anvisa) autorizou o uso emergencial das vacinas\u00a0Coronavac e Astrazeneca\/Oxford e o pa\u00eds deu, finalmente, in\u00edcio \u00e0 vacina\u00e7\u00e3o. Ainda h\u00e1 muitas d\u00favidas sobre como ser\u00e1 o rateio das doses entre os Estados, mas enquanto os governadores cobram da Uni\u00e3o um cronograma da imuniza\u00e7\u00e3o, a comunidade cient\u00edfica inicia sua batalha para convencer a popula\u00e7\u00e3o de que a vacina \u00e9 segura, eficaz e essencial. \u201cVimos que precis\u00e1vamos fazer uma coisa conjunta de convencimento da popula\u00e7\u00e3o e a a necessidade de estourar a bolha. A gente acaba falando sempre para as mesmas pessoas\u201d, afirmou a bi\u00f3loga Flavia Ferrari, membro do Observat\u00f3rio Covid-19.<\/p>\n\n\n\n<p>Pesquisadores e divulgadores cient\u00edficos como&nbsp;<a href=\"https:\/\/twitter.com\/oatila\" target=\"_blank\" rel=\"noreferrer noopener\">Atila Iamarino<\/a>,&nbsp;<a href=\"https:\/\/twitter.com\/TaschnerNatalia\" target=\"_blank\" rel=\"noreferrer noopener\">Natalia Pasternak<\/a>&nbsp;ou&nbsp;<a href=\"https:\/\/twitter.com\/dogarrett\" target=\"_blank\" rel=\"noreferrer noopener\">Denise Garrett<\/a>&nbsp;s\u00e3o algumas das dezenas de nomes e membros de entidades cient\u00edficas que habitam as redes sociais para explicar a ci\u00eancia de uma forma clara e alertar a popula\u00e7\u00e3o. Agora que a necessidade da vacina\u00e7\u00e3o em massa se imp\u00f5e,&nbsp;<a href=\"https:\/\/www.todospelasvacinas.info\/\" target=\"_blank\" rel=\"noreferrer noopener\">est\u00e1 sendo formada uma uni\u00e3o<\/a>&nbsp;entre v\u00e1rias dessas entidades&nbsp;<a href=\"https:\/\/brasil.elpais.com\/internacional\/2021-01-12\/vacinacao-na-america-latina-comeca-lenta-desigual-e-envolta-por-desconfianca.html?rel=listapoyo\" target=\"_blank\" rel=\"noreferrer noopener\">em torno do desafio de convencer a popula\u00e7\u00e3o<\/a>. Nela est\u00e3o o Instituto Quest\u00e3o de Ci\u00eancia, o Observat\u00f3rio Covid-19, a Equipe Halo\/Na\u00e7\u00f5es Unidas (ONU), a Associa\u00e7\u00e3o Brasileira de Sa\u00fade Coletiva (Abrasco), o Conselho de Secret\u00e1rios Municipais de Sa\u00fade de S\u00e3o Paulo (Cosems\/SP), a Rede An\u00e1lise Covid-19, Blogs de Ci\u00eancia da Unicamp, o N\u00facleo de Pesquisas em Vacinas da USP (NPV-USP), ScienceVlogs Brasil, Sociedade Brasileira de Imunologia, Projeto Divulgar e a Uni\u00e3o Pr\u00f3-Vacina. No pr\u00f3ximo dia 21, v\u00e3o lan\u00e7ar&nbsp;<a href=\"https:\/\/www.todospelasvacinas.info\/\" target=\"_blank\" rel=\"noreferrer noopener\">uma campanha apelidada de \u201cDia V\u201d<\/a>&nbsp;e divulgar uma&nbsp;<em>hashtag<\/em>&nbsp;para tentar convencer as pessoas de se vacinarem.<\/p>\n\n\n\n<p>A&nbsp;<a href=\"https:\/\/twitter.com\/UPVacina\" target=\"_blank\" rel=\"noreferrer noopener\">Uni\u00e3o Pr\u00f3-Vacina<\/a>&nbsp;vem lan\u00e7ando v\u00eddeos curtos no Twitter, no Instagram e no YouTube, al\u00e9m de \u00e1udios de WhatsApp, desmentindo not\u00edcias falsas sobre a vacina\u00e7\u00e3o. Entre os boatos desmentidos pelo grupo est\u00e3o o de que as vacinas causam autismo ou alteram o DNA da pessoa. Para atrair aten\u00e7\u00e3o \u00e0s mensagens difundidas, recuperam um personagem famoso das campanhas de vacina\u00e7\u00e3o no Brasil, o Z\u00e9 Gotinha, famoso nas campanhas do Sistema \u00danico de Sa\u00fade (SUS) na d\u00e9cada de oitenta e noventa. \u201cTemos muitas ideias diferentes de comunica\u00e7\u00e3o, mas decidimos juntar todas essas iniciativas pr\u00f3-vacina\u00e7\u00e3o em uma s\u00f3 coisa\u201d, acrescenta Ferrari. Sua&nbsp;<a href=\"https:\/\/brasil.elpais.com\/tecnologia\/2020-06-11\/fake-news-seguem-padroes-concretos-e-os-algoritmos-ja-conseguem-rastrea-los.html\" target=\"_blank\" rel=\"noreferrer noopener\">maior preocupa\u00e7\u00e3o \u00e9 o WhatsApp, por onde as mentiras se disseminam<\/a>&nbsp;mais livremente.<\/p>\n\n\n\n<h3 class=\"wp-block-heading\">Combater o movimento antivacina<\/h3>\n\n\n\n<p>O movimento antivacina tem for\u00e7a nos Estados Unidos e na Europa, mas no Brasil ainda \u00e9 uma novidade. Mas suas teorias e mentiras se disseminam r\u00e1pido nas redes sociais. \u201cTem os aspecto religioso e de um estilo de vida natural, mas quem \u00e9 mais forte [contra a vacina] est\u00e1 aparentemente ligado \u00e0 extrema direita. \u00c9 um grupo pequeno de pessoas que produz conte\u00fado, mas seguido por muitas pessoas\u201d, explica Luiz Gustavo de Almeida, PhD em Microbiologia e coordenador dos projetos educacionais do Instituto Quest\u00e3o de Ci\u00eancia. \u201cE sempre apresentam um m\u00e9dico contr\u00e1rio \u00e0s vacinas, o que gera uma voz de autoridade.\u201d Ferrari acredita, por sua vez, que os&nbsp;<a href=\"https:\/\/brasil.elpais.com\/ciencia\/2020-06-04\/movimento-antivacina-cresce-em-meio-a-pandemia.html\" target=\"_blank\" rel=\"noreferrer noopener\">negacionistas v\u00e3o tentar \u201ccriar uma ret\u00f3rica de muito alarde<\/a>, de muito medo, para convencer as pessoa\u201d a n\u00e3o se vacinar.<\/p>\n\n\n\n<p>Ainda que esse grupo seja pequeno, o descr\u00e9dito das vacinas \u00e9 estimulado pelo presidente brasileiro, que j\u00e1 afirmou categoricamente que n\u00e3o vai se vacinar. O mandat\u00e1rio&nbsp;<a href=\"https:\/\/brasil.elpais.com\/brasil\/2020-06-03\/descaso-do-governo-com-o-coronavirus-abre-caminho-para-levar-agentes-publicos-aos-tribunais.html?rel=listapoyo\" target=\"_blank\" rel=\"noreferrer noopener\">tamb\u00e9m diz que n\u00e3o ser\u00e1 obrigat\u00f3rio se vacinar<\/a>&nbsp;e afirma que todos os imunizantes s\u00e3o \u201cexperimentais\u201d e, portanto, arriscados. Quando o Instituto Butantan apresentou os resultados da efic\u00e1cia de sua Coronavac, boa parte da tropa bolsonarista, incluindo os filhos do presidente, foram \u00e0s redes sociais criticar o Governo paulista e fazer ila\u00e7\u00f5es sobre o imunizante. \u201cExiste uma disputa de narrativa t\u00e3o grande que as pessoas est\u00e3o discutindo efic\u00e1cia, algo que nunca aconteceu com a vacina da Influenza, por exemplo\u201d, lembra Ferrari. Para ela, a campanha pr\u00f3-vacina\u00e7\u00e3o tem que deixar de lado a discuss\u00e3o t\u00e9cnica sobre a efic\u00e1cia se centrar numa mensagem propositiva: \u201cN\u00e3o importa a efic\u00e1cia, o que precisamos \u00e9 que muitas pessoas sejam vacinadas.&nbsp;<a href=\"https:\/\/brasil.elpais.com\/brasil\/2021-01-08\/denise-garrett-toda-vacina-que-for-para-o-setor-privado-sera-tirada-do-setor-publico.html\" target=\"_blank\" rel=\"noreferrer noopener\">N\u00e3o \u00e9 uma quest\u00e3o individual<\/a>, em que a pessoa deixa de tomar um rem\u00e9dio e pode morrer\u201d. argumenta. \u201cAs consequ\u00eancias de n\u00e3o tomar vacina n\u00e3o s\u00e3o individuais. Vacina\u00e7\u00e3o s\u00f3 faz sentido como l\u00f3gica coletiva.\u201d<\/p>\n\n\n\n<p>O Brasil criou seu Plano Nacional de Imuniza\u00e7\u00e3o em 1973 e combateu a epidemia de meningite e erradicou o p\u00f3lio e sarampo. Mas a ades\u00e3o aos programas de vacina\u00e7\u00e3o vem diminuindo cada vez mais, e at\u00e9 mesmo o sarampo voltou a se disseminar.&nbsp;<a href=\"https:\/\/noticias.uol.com.br\/saude\/ultimas-noticias\/redacao\/2020\/12\/26\/governo-bolsonaro-reduz-gastos-campanhas-vacinacao.htm\" target=\"_blank\" rel=\"noreferrer noopener\">De acordo com uma apura\u00e7\u00e3o do portal&nbsp;<em>UOL<\/em><\/a>, os gastos com campanha de vacina\u00e7\u00e3o seguiu uma trajet\u00f3ria ascendente at\u00e9 2018. A partir de ent\u00e3o, caiu de 77 milh\u00f5es de reais para 60 milh\u00f5es em 2019 e 46 milh\u00f5es em 2020. \u201cO Brasil sempre foi um exemplo de campanha de vacina\u00e7\u00e3o, o que n\u00e3o envolve s\u00f3 injetar a vacina. A gente sempre teve que falar para as pessoas que \u00e9 importante se vacinar, informar o dia de se vacinar\u2026\u201d, explica Almeida. \u201cMas desde o in\u00edcio a gente percebeu que n\u00e3o temos mais essa campanha, que est\u00e1 crescendo muito o negacionismo nas redes.\u201d<\/p>\n\n\n\n<h3 class=\"wp-block-heading\">Ades\u00e3o de artistas e influenciadores<\/h3>\n\n\n\n<p>Ferrari explica que a campanha do \u201cDia V\u201d n\u00e3o t\u00eam or\u00e7amento. Por isso ser\u00e1 importante contar com a ades\u00e3o de artistas e influenciadores digitais, os quais far\u00e3o v\u00eddeos dizendo que v\u00e3o se vacinar e que \u00e9 importante se vacinar. Na \u00faltima sexta-feira j\u00e1 estavam confirmados personalidades como Felipe Neto, Paola Carosella, Lulu Santos, Leci Brand\u00e3o, Laerte, entre outros. \u00c9 preciso criar exemplos positivos. \u201cQueremos passar&nbsp;<a href=\"https:\/\/brasil.elpais.com\/brasil\/2021-01-12\/a-coronavac-vai-nos-permitir-comecar-o-processo-de-controle-da-pandemia.html?rel=listapoyo\" target=\"_blank\" rel=\"noreferrer noopener\">a mensagem de que todas as vacinas aprovadas pela Anvisa s\u00e3o seguras<\/a>.\u201d<\/p>\n\n\n\n<p>Quando os resultados sobre&nbsp;<a href=\"https:\/\/brasil.elpais.com\/brasil\/2021-01-12\/coronavac-tem-eficacia-global-de-5038-em-pesquisa-do-butantan-e-pode-minimizar-pressao-sobre-o-sus.html?rel=listapoyo\" target=\"_blank\" rel=\"noreferrer noopener\">a efic\u00e1cia da vacina foram divulgados pelo Governo de S\u00e3o Paulo<\/a>, a cantora Anitta foi outra que usou suas redes sociais para falar bem do imunizante e dizer que vai se vacinar. No domingo em que os diretores da Anvisa votavam pela autoriza\u00e7\u00e3o do uso emergencial das vacinas,&nbsp;<a href=\"https:\/\/www.instagram.com\/p\/CKJp2UGJaxS\/?utm_source=ig_embed\" target=\"_blank\" rel=\"noreferrer noopener\">um v\u00eddeo da atriz Marieta Severo circulava pela Instagram&nbsp;<\/a>com a seguinte mensagem: \u201cEu abra\u00e7o a vacina. Abrace voc\u00ea tamb\u00e9m\u201d.<\/p>\n\n\n\n<p>A pesquisadora acredita que a melhor forma de&nbsp;<a href=\"https:\/\/brasil.elpais.com\/brasil\/2021-01-16\/guerra-da-vacina-se-acirra-e-butantan-cobra-cota-de-sao-paulo-antes-de-entregar-doses-coronavac-a-ministerio-da-saude.html\" target=\"_blank\" rel=\"noreferrer noopener\">driblar o discurso xenof\u00f3bico envolvendo a Coronavac<\/a>&nbsp;\u00e9 enaltecendo o Instituto Butantan \u2014respons\u00e1vel pelos testes da vacina da chinesa Sinovac no Brasil\u2014 e sua hist\u00f3ria. \u201cRetomando o orgulho da institui\u00e7\u00e3o, relembrando seu papel nesse tempo todo, e que as institui\u00e7\u00f5es e os t\u00e9cnicos s\u00e3o maiores que qualquer pol\u00edtica maluca\u201d, explica. Partiu da classe art\u00edstica criar um&nbsp;<em>hino<\/em>&nbsp;para valorizar a institui\u00e7\u00e3o: a<a href=\"https:\/\/twitter.com\/walterporto\/status\/1348681036469850112\" target=\"_blank\" rel=\"noreferrer noopener\">&nbsp;nova vers\u00e3o do funk&nbsp;<em>Bum bum tam tam<\/em>&nbsp;gravada pela Orquestra Sinf\u00f4nica da Bahia<\/a>, pedindo confian\u00e7a na institui\u00e7\u00e3o e na vacina\u00e7\u00e3o. \u201c\u00c9 a vacina envolvente que mexe com a mente de quem t\u00e1 presente, a vacina saliente que vai curar n\u00f3s do v\u00edrus e salvar muita gente\u201d, dizia a nova letra. A&nbsp;<a href=\"https:\/\/tvefamosos.uol.com.br\/noticias\/redacao\/2021\/01\/08\/mc-fioti-butantan-vacina-coronavac-funk.htm\" target=\"_blank\" rel=\"noreferrer noopener\">repercuss\u00e3o foi tamanha que o funkeiro Mc Fioti<\/a>, autor do hit, esteve no Butantan na \u00faltima semana para gravar um novo clipe para a m\u00fasica.<\/p>\n\n\n\n<figure><iframe allowfullscreen=\"true\" class=\"\" src=\"https:\/\/platform.twitter.com\/embed\/index.html?dnt=false&amp;embedId=twitter-widget-0&amp;frame=false&amp;hideCard=false&amp;hideThread=false&amp;id=1350196480238354432&amp;lang=pt&amp;origin=https%3A%2F%2Fbrasil.elpais.com%2Fbrasil%2F2021-01-18%2Fcientistas-brasileiros-travam-guerra-contra-a-desinformacao-bolsonarista-por-vacinacao.html&amp;siteScreenName=elpais_brasil&amp;theme=light&amp;widgetsVersion=ed20a2b%3A1601588405575&amp;width=550px\"><\/iframe><\/figure>\n\n\n\n<p>Ferrari tamb\u00e9m opina que, neste segundo ano de pandemia,&nbsp;<a href=\"https:\/\/brasil.elpais.com\/opiniao\/2021-01-13\/brasil-e-motivo-de-escarnio-do-mundo-com-sua-politica-desastrosa-sobre-a-vacina.html?rel=listapoyo\" target=\"_blank\" rel=\"noreferrer noopener\">ser\u00e1 mais f\u00e1cil convencer as pessoas a se vacinarem<\/a>&nbsp;do que a cumprirem a quarentena. \u201cUma coisa \u00e9 falar para o trabalhador informal ficar em casa e parar de trabalhar, o que atinge diretamente a qualidade de vida dele. Outra coisa \u00e9 falar \u2018toma a vacina, voc\u00ea vai ficar mais protegido, vai poder trabalhar, e essa pandemia vai acabar mais r\u00e1pido\u2019\u201d, explica. \u201cAs pessoas tem mem\u00f3ria afetiva do Z\u00e9 Gotinha, os mais velhos lembram da epidemia de meningite, conhecem algu\u00e9m que teve p\u00f3lio. Precisamos retomar esse sentimento de que \u00e9 legal ir ao posto se vacinar, que isso ajuda.\u201d<\/p>\n\n\n\n<p><\/p>\n","protected":false},"excerpt":{"rendered":"<p>Pesquisadores, artistas e \u2018influencers\u2019 tornam-se contrapontos ao presidente Bolsonaro \u2015que diz que n\u00e3o ir\u00e1 se imunizar\u2015 para desmentir not\u00edcias falsas e gerar onda pr\u00f3-imuniza\u00e7\u00e3o no Brasil. \u201cN\u00e3o importa a efic\u00e1cia, o que precisamos \u00e9 que muitas pessoas sejam vacinadas\u201d<\/p>\n","protected":false},"author":1,"featured_media":0,"comment_status":"closed","ping_status":"open","sticky":false,"template":"","format":"standard","meta":{"_exactmetrics_skip_tracking":false,"_exactmetrics_sitenote_active":false,"_exactmetrics_sitenote_note":"","_exactmetrics_sitenote_category":0,"jetpack_post_was_ever_published":false,"_jetpack_newsletter_access":"","_jetpack_dont_email_post_to_subs":false,"_jetpack_newsletter_tier_id":0,"_jetpack_memberships_contains_paywalled_content":false,"_jetpack_memberships_contains_paid_content":false,"footnotes":"","jetpack_publicize_message":"","jetpack_publicize_feature_enabled":true,"jetpack_social_post_already_shared":true,"jetpack_social_options":{"image_generator_settings":{"template":"highway","enabled":false},"version":2}},"categories":[1],"tags":[],"class_list":["post-30653","post","type-post","status-publish","format-standard","hentry","category-notas"],"jetpack_publicize_connections":[],"jetpack_sharing_enabled":true,"jetpack_featured_media_url":"","jetpack_shortlink":"https:\/\/wp.me\/p7wKYW-7Yp","jetpack-related-posts":[],"_links":{"self":[{"href":"http:\/\/blogdalucianaoliveira.com.br\/blog\/wp-json\/wp\/v2\/posts\/30653","targetHints":{"allow":["GET"]}}],"collection":[{"href":"http:\/\/blogdalucianaoliveira.com.br\/blog\/wp-json\/wp\/v2\/posts"}],"about":[{"href":"http:\/\/blogdalucianaoliveira.com.br\/blog\/wp-json\/wp\/v2\/types\/post"}],"author":[{"embeddable":true,"href":"http:\/\/blogdalucianaoliveira.com.br\/blog\/wp-json\/wp\/v2\/users\/1"}],"replies":[{"embeddable":true,"href":"http:\/\/blogdalucianaoliveira.com.br\/blog\/wp-json\/wp\/v2\/comments?post=30653"}],"version-history":[{"count":1,"href":"http:\/\/blogdalucianaoliveira.com.br\/blog\/wp-json\/wp\/v2\/posts\/30653\/revisions"}],"predecessor-version":[{"id":30655,"href":"http:\/\/blogdalucianaoliveira.com.br\/blog\/wp-json\/wp\/v2\/posts\/30653\/revisions\/30655"}],"wp:attachment":[{"href":"http:\/\/blogdalucianaoliveira.com.br\/blog\/wp-json\/wp\/v2\/media?parent=30653"}],"wp:term":[{"taxonomy":"category","embeddable":true,"href":"http:\/\/blogdalucianaoliveira.com.br\/blog\/wp-json\/wp\/v2\/categories?post=30653"},{"taxonomy":"post_tag","embeddable":true,"href":"http:\/\/blogdalucianaoliveira.com.br\/blog\/wp-json\/wp\/v2\/tags?post=30653"}],"curies":[{"name":"wp","href":"https:\/\/api.w.org\/{rel}","templated":true}]}}