{"id":30657,"date":"2021-01-18T21:20:19","date_gmt":"2021-01-19T01:20:19","guid":{"rendered":"http:\/\/blogdalucianaoliveira.com.br\/blog\/?p=30657"},"modified":"2021-01-18T21:20:25","modified_gmt":"2021-01-19T01:20:25","slug":"desmatamento-na-amazonia-em-2020-e-o-maior-dos-ultimos-10-anos","status":"publish","type":"post","link":"http:\/\/blogdalucianaoliveira.com.br\/blog\/2021\/01\/18\/desmatamento-na-amazonia-em-2020-e-o-maior-dos-ultimos-10-anos\/","title":{"rendered":"Desmatamento na Amaz\u00f4nia em 2020 \u00e9 o maior dos \u00faltimos 10 anos"},"content":{"rendered":"\n<figure class=\"wp-block-image size-large\"><img data-recalc-dims=\"1\" loading=\"lazy\" decoding=\"async\" width=\"600\" height=\"347\" data-attachment-id=\"30658\" data-permalink=\"http:\/\/blogdalucianaoliveira.com.br\/blog\/2021\/01\/18\/desmatamento-na-amazonia-em-2020-e-o-maior-dos-ultimos-10-anos\/b2069728-7f4d-4d6a-a5b9-b98f0ac2c40f\/\" data-orig-file=\"https:\/\/i0.wp.com\/blogdalucianaoliveira.com.br\/blog\/wp-content\/uploads\/2021\/01\/B2069728-7F4D-4D6A-A5B9-B98F0AC2C40F.jpeg?fit=918%2C531\" data-orig-size=\"918,531\" data-comments-opened=\"0\" data-image-meta=\"{&quot;aperture&quot;:&quot;0&quot;,&quot;credit&quot;:&quot;&quot;,&quot;camera&quot;:&quot;&quot;,&quot;caption&quot;:&quot;&quot;,&quot;created_timestamp&quot;:&quot;0&quot;,&quot;copyright&quot;:&quot;&quot;,&quot;focal_length&quot;:&quot;0&quot;,&quot;iso&quot;:&quot;0&quot;,&quot;shutter_speed&quot;:&quot;0&quot;,&quot;title&quot;:&quot;&quot;,&quot;orientation&quot;:&quot;0&quot;}\" data-image-title=\"B2069728-7F4D-4D6A-A5B9-B98F0AC2C40F\" data-image-description=\"\" data-image-caption=\"\" data-medium-file=\"https:\/\/i0.wp.com\/blogdalucianaoliveira.com.br\/blog\/wp-content\/uploads\/2021\/01\/B2069728-7F4D-4D6A-A5B9-B98F0AC2C40F.jpeg?fit=300%2C174\" data-large-file=\"https:\/\/i0.wp.com\/blogdalucianaoliveira.com.br\/blog\/wp-content\/uploads\/2021\/01\/B2069728-7F4D-4D6A-A5B9-B98F0AC2C40F.jpeg?fit=600%2C347\" src=\"https:\/\/i0.wp.com\/blogdalucianaoliveira.com.br\/blog\/wp-content\/uploads\/2021\/01\/B2069728-7F4D-4D6A-A5B9-B98F0AC2C40F.jpeg?resize=600%2C347\" alt=\"\" class=\"wp-image-30658\" srcset=\"https:\/\/i0.wp.com\/blogdalucianaoliveira.com.br\/blog\/wp-content\/uploads\/2021\/01\/B2069728-7F4D-4D6A-A5B9-B98F0AC2C40F.jpeg?w=918 918w, https:\/\/i0.wp.com\/blogdalucianaoliveira.com.br\/blog\/wp-content\/uploads\/2021\/01\/B2069728-7F4D-4D6A-A5B9-B98F0AC2C40F.jpeg?resize=300%2C174 300w, https:\/\/i0.wp.com\/blogdalucianaoliveira.com.br\/blog\/wp-content\/uploads\/2021\/01\/B2069728-7F4D-4D6A-A5B9-B98F0AC2C40F.jpeg?resize=768%2C444 768w, https:\/\/i0.wp.com\/blogdalucianaoliveira.com.br\/blog\/wp-content\/uploads\/2021\/01\/B2069728-7F4D-4D6A-A5B9-B98F0AC2C40F.jpeg?resize=519%2C300 519w\" sizes=\"auto, (max-width: 600px) 100vw, 600px\" \/><\/figure>\n\n\n\n<h4 class=\"wp-block-heading\">A \u00e1rea de floresta derrubada cresceu em 30%, de acordo com dados do Imazon.<\/h4>\n\n\n\n<!--more-->\n\n\n\n<p>Por G1 PA\u00a0\u2014 Bel\u00e9m<\/p>\n\n\n\n<p>O desmatamento da Amaz\u00f4nia aumentou 30% em 2020, de acordo com o relat\u00f3rio do Instituto do Homem e Meio Ambiente da Amaz\u00f4nia (Imazon), divulgado nesta segunda-feira (18). O munic\u00edpio de Altamira, no sudeste do Par\u00e1, \u00e9 a cidade do Brasil que mais desmata.&nbsp;<\/p>\n\n\n\n<p>Segundo dados de sat\u00e9lite, foram mais de 8 mil km\u00b2 de floresta derrubada entre janeiro e dezembro do ano passado. O ano de 2020 teve o maior \u00edndice de desmatamento dos \u00faltimos 10 anos. Em 2019, o sistema de alerta do Imazon registrou 6 mil km\u00b2 de \u00e1rea de floresta derrubada.&nbsp;<\/p>\n\n\n\n<p>No \u00faltimo m\u00eas de dezembro 276 km\u00b2 de floresta foram desmatados, um recorde em rela\u00e7\u00e3o aos 10 anos anteriores.&nbsp;<\/p>\n\n\n\n<p>Os dados ainda apontam que o Par\u00e1 foi o estado que mais desmatou, 42% do total de todo o ano; seguido pelo Amazonas, com 17%; e do Mato Grosso, com 13%.<\/p>\n","protected":false},"excerpt":{"rendered":"<p>A \u00e1rea de floresta derrubada cresceu em 30%, de acordo com dados do Imazon.<\/p>\n","protected":false},"author":1,"featured_media":0,"comment_status":"closed","ping_status":"open","sticky":false,"template":"","format":"standard","meta":{"_exactmetrics_skip_tracking":false,"_exactmetrics_sitenote_active":false,"_exactmetrics_sitenote_note":"","_exactmetrics_sitenote_category":0,"jetpack_post_was_ever_published":false,"_jetpack_newsletter_access":"","_jetpack_dont_email_post_to_subs":false,"_jetpack_newsletter_tier_id":0,"_jetpack_memberships_contains_paywalled_content":false,"_jetpack_memberships_contains_paid_content":false,"footnotes":"","jetpack_publicize_message":"","jetpack_publicize_feature_enabled":true,"jetpack_social_post_already_shared":true,"jetpack_social_options":{"image_generator_settings":{"template":"highway","enabled":false},"version":2}},"categories":[1],"tags":[],"class_list":["post-30657","post","type-post","status-publish","format-standard","hentry","category-notas"],"jetpack_publicize_connections":[],"jetpack_sharing_enabled":true,"jetpack_featured_media_url":"","jetpack_shortlink":"https:\/\/wp.me\/p7wKYW-7Yt","jetpack-related-posts":[],"_links":{"self":[{"href":"http:\/\/blogdalucianaoliveira.com.br\/blog\/wp-json\/wp\/v2\/posts\/30657","targetHints":{"allow":["GET"]}}],"collection":[{"href":"http:\/\/blogdalucianaoliveira.com.br\/blog\/wp-json\/wp\/v2\/posts"}],"about":[{"href":"http:\/\/blogdalucianaoliveira.com.br\/blog\/wp-json\/wp\/v2\/types\/post"}],"author":[{"embeddable":true,"href":"http:\/\/blogdalucianaoliveira.com.br\/blog\/wp-json\/wp\/v2\/users\/1"}],"replies":[{"embeddable":true,"href":"http:\/\/blogdalucianaoliveira.com.br\/blog\/wp-json\/wp\/v2\/comments?post=30657"}],"version-history":[{"count":1,"href":"http:\/\/blogdalucianaoliveira.com.br\/blog\/wp-json\/wp\/v2\/posts\/30657\/revisions"}],"predecessor-version":[{"id":30659,"href":"http:\/\/blogdalucianaoliveira.com.br\/blog\/wp-json\/wp\/v2\/posts\/30657\/revisions\/30659"}],"wp:attachment":[{"href":"http:\/\/blogdalucianaoliveira.com.br\/blog\/wp-json\/wp\/v2\/media?parent=30657"}],"wp:term":[{"taxonomy":"category","embeddable":true,"href":"http:\/\/blogdalucianaoliveira.com.br\/blog\/wp-json\/wp\/v2\/categories?post=30657"},{"taxonomy":"post_tag","embeddable":true,"href":"http:\/\/blogdalucianaoliveira.com.br\/blog\/wp-json\/wp\/v2\/tags?post=30657"}],"curies":[{"name":"wp","href":"https:\/\/api.w.org\/{rel}","templated":true}]}}