{"id":30660,"date":"2021-01-18T21:24:38","date_gmt":"2021-01-19T01:24:38","guid":{"rendered":"http:\/\/blogdalucianaoliveira.com.br\/blog\/?p=30660"},"modified":"2021-01-18T21:24:45","modified_gmt":"2021-01-19T01:24:45","slug":"alta-nos-alertas-de-desmatamento-em-rondonia-chega-a-55-em-dezembro-de-2020-aponta-imazon","status":"publish","type":"post","link":"http:\/\/blogdalucianaoliveira.com.br\/blog\/2021\/01\/18\/alta-nos-alertas-de-desmatamento-em-rondonia-chega-a-55-em-dezembro-de-2020-aponta-imazon\/","title":{"rendered":"Alta nos alertas de desmatamento em Rond\u00f4nia chega a 55% em dezembro de 2020, aponta Imazon"},"content":{"rendered":"\n<figure class=\"wp-block-image size-large\"><img data-recalc-dims=\"1\" loading=\"lazy\" decoding=\"async\" width=\"582\" height=\"450\" data-attachment-id=\"30661\" data-permalink=\"http:\/\/blogdalucianaoliveira.com.br\/blog\/2021\/01\/18\/alta-nos-alertas-de-desmatamento-em-rondonia-chega-a-55-em-dezembro-de-2020-aponta-imazon\/c22c896c-164b-4e85-a8e3-3c2a039984c0\/\" data-orig-file=\"https:\/\/i0.wp.com\/blogdalucianaoliveira.com.br\/blog\/wp-content\/uploads\/2021\/01\/C22C896C-164B-4E85-A8E3-3C2A039984C0.jpeg?fit=582%2C450\" data-orig-size=\"582,450\" data-comments-opened=\"0\" data-image-meta=\"{&quot;aperture&quot;:&quot;0&quot;,&quot;credit&quot;:&quot;&quot;,&quot;camera&quot;:&quot;&quot;,&quot;caption&quot;:&quot;&quot;,&quot;created_timestamp&quot;:&quot;0&quot;,&quot;copyright&quot;:&quot;&quot;,&quot;focal_length&quot;:&quot;0&quot;,&quot;iso&quot;:&quot;0&quot;,&quot;shutter_speed&quot;:&quot;0&quot;,&quot;title&quot;:&quot;&quot;,&quot;orientation&quot;:&quot;1&quot;}\" data-image-title=\"C22C896C-164B-4E85-A8E3-3C2A039984C0\" data-image-description=\"\" data-image-caption=\"\" data-medium-file=\"https:\/\/i0.wp.com\/blogdalucianaoliveira.com.br\/blog\/wp-content\/uploads\/2021\/01\/C22C896C-164B-4E85-A8E3-3C2A039984C0.jpeg?fit=300%2C232\" data-large-file=\"https:\/\/i0.wp.com\/blogdalucianaoliveira.com.br\/blog\/wp-content\/uploads\/2021\/01\/C22C896C-164B-4E85-A8E3-3C2A039984C0.jpeg?fit=582%2C450\" src=\"https:\/\/i0.wp.com\/blogdalucianaoliveira.com.br\/blog\/wp-content\/uploads\/2021\/01\/C22C896C-164B-4E85-A8E3-3C2A039984C0.jpeg?resize=582%2C450\" alt=\"\" class=\"wp-image-30661\" srcset=\"https:\/\/i0.wp.com\/blogdalucianaoliveira.com.br\/blog\/wp-content\/uploads\/2021\/01\/C22C896C-164B-4E85-A8E3-3C2A039984C0.jpeg?w=582 582w, https:\/\/i0.wp.com\/blogdalucianaoliveira.com.br\/blog\/wp-content\/uploads\/2021\/01\/C22C896C-164B-4E85-A8E3-3C2A039984C0.jpeg?resize=300%2C232 300w, https:\/\/i0.wp.com\/blogdalucianaoliveira.com.br\/blog\/wp-content\/uploads\/2021\/01\/C22C896C-164B-4E85-A8E3-3C2A039984C0.jpeg?resize=388%2C300 388w\" sizes=\"auto, (max-width: 582px) 100vw, 582px\" \/><\/figure>\n\n\n\n<h4 class=\"wp-block-heading\">Aumento ocorre na compara\u00e7\u00e3o com o mesmo m\u00eas de 2019; s\u00e3o 45 km\u00b2 de \u00e1rea com sinais de perda de floresta, conforme dados reunidos pelo instituto. Capital Porto Velho \u00e9 a 2\u00aa cidade mais cr\u00edtica do bioma brasileiro.&nbsp;<\/h4>\n\n\n\n<!--more-->\n\n\n\n<p>Por Mayara Subtil, Rede Amaz\u00f4nica<\/p>\n\n\n\n<p>Rond\u00f4nia acumulou alta de 55% nos alertas de desmatamento em dezembro de 2020 na compara\u00e7\u00e3o com o mesmo m\u00eas do ano anterior.&nbsp;<\/p>\n\n\n\n<p>Dados do Instituto do Homem e Meio Ambiente da Amaz\u00f4nia (Imazon) divulgados nesta segunda-feira (18) revelam que foram 45 km\u00b2 de perda de floresta, enquanto que em 2019 houve 29 km\u00b2 com sinais de desmate.&nbsp;<\/p>\n\n\n\n<p>No boletim mensal, a capital Porto Velho aparece como a segunda cidade mais cr\u00edtica por causa da supress\u00e3o florestal.<\/p>\n\n\n\n<p>A perda de floresta em dezembro foi 10% maior do que no mesmo m\u00eas de 2019 na Amaz\u00f4nia Legal, segundo o Imazon (s\u00e3o 276 km\u00b2 ao todo).&nbsp;<\/p>\n\n\n\n<p>No levantamento anual do instituto, por\u00e9m, a floresta teve pouco mais de 8 mil km\u00b2 de \u00e1rea verde suprimida no ano passado, o que configura aumento de 30% em compara\u00e7\u00e3o com 2019 (foram 6,2 km\u00b2 derrubados)&nbsp;e representa recorde dos \u00faltimos 10 anos.&nbsp;<\/p>\n\n\n\n<h2 class=\"wp-block-heading\">Reflexo em dezembro<\/h2>\n\n\n\n<p>O Imazon mostra que Rond\u00f4nia aparece em terceiro lugar no ranking (com 16% do total) das regi\u00f5es com mais alertas de perda de floresta, ficando atr\u00e1s somente de Par\u00e1 (46%) e Mato Grosso (19%).&nbsp;<\/p>\n\n\n\n<p>O instituto tamb\u00e9m cita que a capital&nbsp;Porto Velho \u00e9 a segunda cidade com maior n\u00famero de alertas entre os munic\u00edpios mais cr\u00edticos: 15 km\u00b2 de floresta foram destru\u00eddos em dezembro de 2020. Antes do munic\u00edpio vem somente Pacaj\u00e1 (PA), com 16 km\u00b2 de \u00e1rea verde perdida.&nbsp;<\/p>\n\n\n\n<p>No recorte das unidades de conserva\u00e7\u00e3o,&nbsp;as reservas rondonienses Rio-Preto Jacund\u00e1 e Jaci Paran\u00e1 aparecem em segundo e terceiro lugar do ranking de dezembro com 8 e 1 km\u00b2 perdidos, respectivamente.&nbsp;<\/p>\n\n\n\n<p>Rio Preto-Jacund\u00e1, inclusive, aparece no levantamento do ano como a unidade mais castigada pelo desmatamento em 2020: foram 321 km\u00b2 de floresta derrubada.\u00a0<br><\/p>\n\n\n\n<figure class=\"wp-block-image size-large\"><img data-recalc-dims=\"1\" loading=\"lazy\" decoding=\"async\" width=\"600\" height=\"394\" data-attachment-id=\"30662\" data-permalink=\"http:\/\/blogdalucianaoliveira.com.br\/blog\/2021\/01\/18\/alta-nos-alertas-de-desmatamento-em-rondonia-chega-a-55-em-dezembro-de-2020-aponta-imazon\/d1dda39a-0227-4b92-9e93-e07d6382fec5\/\" data-orig-file=\"https:\/\/i0.wp.com\/blogdalucianaoliveira.com.br\/blog\/wp-content\/uploads\/2021\/01\/D1DDA39A-0227-4B92-9E93-E07D6382FEC5.jpeg?fit=600%2C394\" data-orig-size=\"600,394\" data-comments-opened=\"0\" data-image-meta=\"{&quot;aperture&quot;:&quot;0&quot;,&quot;credit&quot;:&quot;&quot;,&quot;camera&quot;:&quot;&quot;,&quot;caption&quot;:&quot;&quot;,&quot;created_timestamp&quot;:&quot;0&quot;,&quot;copyright&quot;:&quot;&quot;,&quot;focal_length&quot;:&quot;0&quot;,&quot;iso&quot;:&quot;0&quot;,&quot;shutter_speed&quot;:&quot;0&quot;,&quot;title&quot;:&quot;&quot;,&quot;orientation&quot;:&quot;0&quot;}\" data-image-title=\"D1DDA39A-0227-4B92-9E93-E07D6382FEC5\" data-image-description=\"\" data-image-caption=\"\" data-medium-file=\"https:\/\/i0.wp.com\/blogdalucianaoliveira.com.br\/blog\/wp-content\/uploads\/2021\/01\/D1DDA39A-0227-4B92-9E93-E07D6382FEC5.jpeg?fit=300%2C197\" data-large-file=\"https:\/\/i0.wp.com\/blogdalucianaoliveira.com.br\/blog\/wp-content\/uploads\/2021\/01\/D1DDA39A-0227-4B92-9E93-E07D6382FEC5.jpeg?fit=600%2C394\" src=\"https:\/\/i0.wp.com\/blogdalucianaoliveira.com.br\/blog\/wp-content\/uploads\/2021\/01\/D1DDA39A-0227-4B92-9E93-E07D6382FEC5.jpeg?resize=600%2C394\" alt=\"\" class=\"wp-image-30662\" srcset=\"https:\/\/i0.wp.com\/blogdalucianaoliveira.com.br\/blog\/wp-content\/uploads\/2021\/01\/D1DDA39A-0227-4B92-9E93-E07D6382FEC5.jpeg?w=600 600w, https:\/\/i0.wp.com\/blogdalucianaoliveira.com.br\/blog\/wp-content\/uploads\/2021\/01\/D1DDA39A-0227-4B92-9E93-E07D6382FEC5.jpeg?resize=300%2C197 300w, https:\/\/i0.wp.com\/blogdalucianaoliveira.com.br\/blog\/wp-content\/uploads\/2021\/01\/D1DDA39A-0227-4B92-9E93-E07D6382FEC5.jpeg?resize=457%2C300 457w\" sizes=\"auto, (max-width: 600px) 100vw, 600px\" \/><\/figure>\n\n\n\n<h2 class=\"wp-block-heading\">Como o Imazon mede o desmatamento<\/h2>\n\n\n\n<p>O Sistema de Alerta de Desmatamento (SAD) do Imazon foi criado em 2008. Ele se baseia em imagens de sat\u00e9lites para captar a mudan\u00e7a do uso do solo. Com isso, afirma o Imazon, \u00e9 poss\u00edvel detectar desmatamentos a partir de 1 hectare, mesmo sob condi\u00e7\u00e3o de nuvens.<\/p>\n\n\n\n<p>O sistema de alertas do governo, chamado de Detec\u00e7\u00e3o de Desmatamento em Tempo Real (Deter), usa imagens de sat\u00e9lite de 6 hectares.<\/p>\n\n\n\n<p>As imagens s\u00e3o captadas e analisadas pela ferramenta de monitoramento do instituto. O Imazon afirma que, atualmente, o SAD utiliza os sat\u00e9lites Landsat 7 (sensor ETM+), Landsat 8 (OLI), Sentinel 1A e 1B, e Sentinel 2A e 2b (MSI) com os quais \u00e9 poss\u00edvel detectar desmatamentos a partir de 1 hectare mesmo sob condi\u00e7\u00e3o de nuvens.<\/p>\n","protected":false},"excerpt":{"rendered":"<p>Aumento ocorre na compara\u00e7\u00e3o com o mesmo m\u00eas de 2019; s\u00e3o 45 km\u00b2 de \u00e1rea com sinais de perda de floresta, conforme dados reunidos pelo instituto. Capital Porto Velho \u00e9 a 2\u00aa cidade mais cr\u00edtica do bioma brasileiro.&nbsp;<\/p>\n","protected":false},"author":1,"featured_media":0,"comment_status":"closed","ping_status":"open","sticky":false,"template":"","format":"standard","meta":{"_exactmetrics_skip_tracking":false,"_exactmetrics_sitenote_active":false,"_exactmetrics_sitenote_note":"","_exactmetrics_sitenote_category":0,"jetpack_post_was_ever_published":false,"_jetpack_newsletter_access":"","_jetpack_dont_email_post_to_subs":false,"_jetpack_newsletter_tier_id":0,"_jetpack_memberships_contains_paywalled_content":false,"_jetpack_memberships_contains_paid_content":false,"footnotes":"","jetpack_publicize_message":"","jetpack_publicize_feature_enabled":true,"jetpack_social_post_already_shared":true,"jetpack_social_options":{"image_generator_settings":{"template":"highway","enabled":false},"version":2}},"categories":[1],"tags":[],"class_list":["post-30660","post","type-post","status-publish","format-standard","hentry","category-notas"],"jetpack_publicize_connections":[],"jetpack_sharing_enabled":true,"jetpack_featured_media_url":"","jetpack_shortlink":"https:\/\/wp.me\/p7wKYW-7Yw","jetpack-related-posts":[],"_links":{"self":[{"href":"http:\/\/blogdalucianaoliveira.com.br\/blog\/wp-json\/wp\/v2\/posts\/30660","targetHints":{"allow":["GET"]}}],"collection":[{"href":"http:\/\/blogdalucianaoliveira.com.br\/blog\/wp-json\/wp\/v2\/posts"}],"about":[{"href":"http:\/\/blogdalucianaoliveira.com.br\/blog\/wp-json\/wp\/v2\/types\/post"}],"author":[{"embeddable":true,"href":"http:\/\/blogdalucianaoliveira.com.br\/blog\/wp-json\/wp\/v2\/users\/1"}],"replies":[{"embeddable":true,"href":"http:\/\/blogdalucianaoliveira.com.br\/blog\/wp-json\/wp\/v2\/comments?post=30660"}],"version-history":[{"count":1,"href":"http:\/\/blogdalucianaoliveira.com.br\/blog\/wp-json\/wp\/v2\/posts\/30660\/revisions"}],"predecessor-version":[{"id":30663,"href":"http:\/\/blogdalucianaoliveira.com.br\/blog\/wp-json\/wp\/v2\/posts\/30660\/revisions\/30663"}],"wp:attachment":[{"href":"http:\/\/blogdalucianaoliveira.com.br\/blog\/wp-json\/wp\/v2\/media?parent=30660"}],"wp:term":[{"taxonomy":"category","embeddable":true,"href":"http:\/\/blogdalucianaoliveira.com.br\/blog\/wp-json\/wp\/v2\/categories?post=30660"},{"taxonomy":"post_tag","embeddable":true,"href":"http:\/\/blogdalucianaoliveira.com.br\/blog\/wp-json\/wp\/v2\/tags?post=30660"}],"curies":[{"name":"wp","href":"https:\/\/api.w.org\/{rel}","templated":true}]}}