{"id":30664,"date":"2021-01-19T15:59:05","date_gmt":"2021-01-19T19:59:05","guid":{"rendered":"http:\/\/blogdalucianaoliveira.com.br\/blog\/?p=30664"},"modified":"2021-01-19T15:59:12","modified_gmt":"2021-01-19T19:59:12","slug":"oposicao-e-movimentos-populares-organizam-carreata-pelo-fora-bolsonaro-no-proximo-sabado","status":"publish","type":"post","link":"http:\/\/blogdalucianaoliveira.com.br\/blog\/2021\/01\/19\/oposicao-e-movimentos-populares-organizam-carreata-pelo-fora-bolsonaro-no-proximo-sabado\/","title":{"rendered":"Oposi\u00e7\u00e3o e movimentos populares organizam carreata pelo \u201cFora, Bolsonaro\u201d no pr\u00f3ximo s\u00e1bado"},"content":{"rendered":"\n<figure class=\"wp-block-image size-large\"><img data-recalc-dims=\"1\" loading=\"lazy\" decoding=\"async\" width=\"481\" height=\"240\" data-attachment-id=\"30665\" data-permalink=\"http:\/\/blogdalucianaoliveira.com.br\/blog\/2021\/01\/19\/oposicao-e-movimentos-populares-organizam-carreata-pelo-fora-bolsonaro-no-proximo-sabado\/150eba92-8757-4550-b940-f8f840e9d151\/\" data-orig-file=\"https:\/\/i0.wp.com\/blogdalucianaoliveira.com.br\/blog\/wp-content\/uploads\/2021\/01\/150EBA92-8757-4550-B940-F8F840E9D151.jpeg?fit=481%2C240\" data-orig-size=\"481,240\" data-comments-opened=\"0\" data-image-meta=\"{&quot;aperture&quot;:&quot;0&quot;,&quot;credit&quot;:&quot;&quot;,&quot;camera&quot;:&quot;&quot;,&quot;caption&quot;:&quot;&quot;,&quot;created_timestamp&quot;:&quot;0&quot;,&quot;copyright&quot;:&quot;&quot;,&quot;focal_length&quot;:&quot;0&quot;,&quot;iso&quot;:&quot;0&quot;,&quot;shutter_speed&quot;:&quot;0&quot;,&quot;title&quot;:&quot;&quot;,&quot;orientation&quot;:&quot;0&quot;}\" data-image-title=\"150EBA92-8757-4550-B940-F8F840E9D151\" data-image-description=\"\" data-image-caption=\"\" data-medium-file=\"https:\/\/i0.wp.com\/blogdalucianaoliveira.com.br\/blog\/wp-content\/uploads\/2021\/01\/150EBA92-8757-4550-B940-F8F840E9D151.jpeg?fit=300%2C150\" data-large-file=\"https:\/\/i0.wp.com\/blogdalucianaoliveira.com.br\/blog\/wp-content\/uploads\/2021\/01\/150EBA92-8757-4550-B940-F8F840E9D151.jpeg?fit=481%2C240\" src=\"https:\/\/i0.wp.com\/blogdalucianaoliveira.com.br\/blog\/wp-content\/uploads\/2021\/01\/150EBA92-8757-4550-B940-F8F840E9D151.jpeg?resize=481%2C240\" alt=\"\" class=\"wp-image-30665\" srcset=\"https:\/\/i0.wp.com\/blogdalucianaoliveira.com.br\/blog\/wp-content\/uploads\/2021\/01\/150EBA92-8757-4550-B940-F8F840E9D151.jpeg?w=481 481w, https:\/\/i0.wp.com\/blogdalucianaoliveira.com.br\/blog\/wp-content\/uploads\/2021\/01\/150EBA92-8757-4550-B940-F8F840E9D151.jpeg?resize=300%2C150 300w\" sizes=\"auto, (max-width: 481px) 100vw, 481px\" \/><\/figure>\n\n\n\n<p><strong>247 &#8211;\u00a0<\/strong>Partidos de oposi\u00e7\u00e3o se reuniram na manh\u00e3 desta ter\u00e7a-feira (19) com as frentes Popular e Brasil Sem Medo, entidades sindicais e do movimento social e decidiram tr\u00eas linhas principais de atua\u00e7\u00e3o e mobiliza\u00e7\u00e3o do pa\u00eds para proteger a sa\u00fade e a vida do povo brasileiro e derrotar a pol\u00edtica genocida de Jair Bolsonaro.<\/p>\n\n\n\n<!--more-->\n\n\n\n<p>Ficou definida a realiza\u00e7\u00e3o de uma carreata em todo o pa\u00eds no pr\u00f3ximo s\u00e1bado (24) para pressionar pelo impeachment de Jair Bolsonaro, uma das linhas que foram tratadas na reuni\u00e3o.<\/p>\n\n\n\n<p>As outras duas s\u00e3o a defesa da vacina\u00e7\u00e3o de todos e todas, juntamente com uma campanha popular de esclarecimento sobre a seguran\u00e7a da vacina e a import\u00e2ncia da imuniza\u00e7\u00e3o, e a reivindica\u00e7\u00e3o pela continuidade do aux\u00edlio emergencial.<\/p>\n","protected":false},"excerpt":{"rendered":"<p>247 &#8211;\u00a0Partidos de oposi\u00e7\u00e3o se reuniram na manh\u00e3 desta ter\u00e7a-feira (19) com as frentes Popular e Brasil Sem Medo, entidades sindicais e do movimento social e decidiram tr\u00eas linhas principais de atua\u00e7\u00e3o e mobiliza\u00e7\u00e3o do pa\u00eds para proteger a sa\u00fade e a vida do povo brasileiro e derrotar a pol\u00edtica genocida de Jair Bolsonaro.<\/p>\n","protected":false},"author":1,"featured_media":0,"comment_status":"closed","ping_status":"open","sticky":false,"template":"","format":"standard","meta":{"_exactmetrics_skip_tracking":false,"_exactmetrics_sitenote_active":false,"_exactmetrics_sitenote_note":"","_exactmetrics_sitenote_category":0,"jetpack_post_was_ever_published":false,"_jetpack_newsletter_access":"","_jetpack_dont_email_post_to_subs":false,"_jetpack_newsletter_tier_id":0,"_jetpack_memberships_contains_paywalled_content":false,"_jetpack_memberships_contains_paid_content":false,"footnotes":"","jetpack_publicize_message":"","jetpack_publicize_feature_enabled":true,"jetpack_social_post_already_shared":true,"jetpack_social_options":{"image_generator_settings":{"template":"highway","enabled":false},"version":2}},"categories":[1],"tags":[],"class_list":["post-30664","post","type-post","status-publish","format-standard","hentry","category-notas"],"jetpack_publicize_connections":[],"jetpack_sharing_enabled":true,"jetpack_featured_media_url":"","jetpack_shortlink":"https:\/\/wp.me\/p7wKYW-7YA","jetpack-related-posts":[],"_links":{"self":[{"href":"http:\/\/blogdalucianaoliveira.com.br\/blog\/wp-json\/wp\/v2\/posts\/30664","targetHints":{"allow":["GET"]}}],"collection":[{"href":"http:\/\/blogdalucianaoliveira.com.br\/blog\/wp-json\/wp\/v2\/posts"}],"about":[{"href":"http:\/\/blogdalucianaoliveira.com.br\/blog\/wp-json\/wp\/v2\/types\/post"}],"author":[{"embeddable":true,"href":"http:\/\/blogdalucianaoliveira.com.br\/blog\/wp-json\/wp\/v2\/users\/1"}],"replies":[{"embeddable":true,"href":"http:\/\/blogdalucianaoliveira.com.br\/blog\/wp-json\/wp\/v2\/comments?post=30664"}],"version-history":[{"count":1,"href":"http:\/\/blogdalucianaoliveira.com.br\/blog\/wp-json\/wp\/v2\/posts\/30664\/revisions"}],"predecessor-version":[{"id":30666,"href":"http:\/\/blogdalucianaoliveira.com.br\/blog\/wp-json\/wp\/v2\/posts\/30664\/revisions\/30666"}],"wp:attachment":[{"href":"http:\/\/blogdalucianaoliveira.com.br\/blog\/wp-json\/wp\/v2\/media?parent=30664"}],"wp:term":[{"taxonomy":"category","embeddable":true,"href":"http:\/\/blogdalucianaoliveira.com.br\/blog\/wp-json\/wp\/v2\/categories?post=30664"},{"taxonomy":"post_tag","embeddable":true,"href":"http:\/\/blogdalucianaoliveira.com.br\/blog\/wp-json\/wp\/v2\/tags?post=30664"}],"curies":[{"name":"wp","href":"https:\/\/api.w.org\/{rel}","templated":true}]}}