{"id":30669,"date":"2021-01-19T16:13:21","date_gmt":"2021-01-19T20:13:21","guid":{"rendered":"http:\/\/blogdalucianaoliveira.com.br\/blog\/?p=30669"},"modified":"2021-01-19T16:13:28","modified_gmt":"2021-01-19T20:13:28","slug":"diretor-do-butantan-pede-que-bolsonaro-tenha-dignidade-para-defender-a-coronavac-e-negociar-com-a-china","status":"publish","type":"post","link":"http:\/\/blogdalucianaoliveira.com.br\/blog\/2021\/01\/19\/diretor-do-butantan-pede-que-bolsonaro-tenha-dignidade-para-defender-a-coronavac-e-negociar-com-a-china\/","title":{"rendered":"Diretor do Butantan pede que Bolsonaro tenha &#8216;dignidade&#8217; para defender a CoronaVac e negociar com a China"},"content":{"rendered":"\n<figure class=\"wp-block-image size-large\"><img data-recalc-dims=\"1\" loading=\"lazy\" decoding=\"async\" width=\"600\" height=\"348\" data-attachment-id=\"30670\" data-permalink=\"http:\/\/blogdalucianaoliveira.com.br\/blog\/2021\/01\/19\/diretor-do-butantan-pede-que-bolsonaro-tenha-dignidade-para-defender-a-coronavac-e-negociar-com-a-china\/097261ee-249a-40c6-a981-3d9fc6178829\/\" data-orig-file=\"https:\/\/i0.wp.com\/blogdalucianaoliveira.com.br\/blog\/wp-content\/uploads\/2021\/01\/097261EE-249A-40C6-A981-3D9FC6178829.jpeg?fit=948%2C550\" data-orig-size=\"948,550\" data-comments-opened=\"0\" data-image-meta=\"{&quot;aperture&quot;:&quot;0&quot;,&quot;credit&quot;:&quot;&quot;,&quot;camera&quot;:&quot;&quot;,&quot;caption&quot;:&quot;&quot;,&quot;created_timestamp&quot;:&quot;0&quot;,&quot;copyright&quot;:&quot;&quot;,&quot;focal_length&quot;:&quot;0&quot;,&quot;iso&quot;:&quot;0&quot;,&quot;shutter_speed&quot;:&quot;0&quot;,&quot;title&quot;:&quot;&quot;,&quot;orientation&quot;:&quot;0&quot;}\" data-image-title=\"097261EE-249A-40C6-A981-3D9FC6178829\" data-image-description=\"\" data-image-caption=\"\" data-medium-file=\"https:\/\/i0.wp.com\/blogdalucianaoliveira.com.br\/blog\/wp-content\/uploads\/2021\/01\/097261EE-249A-40C6-A981-3D9FC6178829.jpeg?fit=300%2C174\" data-large-file=\"https:\/\/i0.wp.com\/blogdalucianaoliveira.com.br\/blog\/wp-content\/uploads\/2021\/01\/097261EE-249A-40C6-A981-3D9FC6178829.jpeg?fit=600%2C348\" src=\"https:\/\/i0.wp.com\/blogdalucianaoliveira.com.br\/blog\/wp-content\/uploads\/2021\/01\/097261EE-249A-40C6-A981-3D9FC6178829.jpeg?resize=600%2C348\" alt=\"\" class=\"wp-image-30670\" srcset=\"https:\/\/i0.wp.com\/blogdalucianaoliveira.com.br\/blog\/wp-content\/uploads\/2021\/01\/097261EE-249A-40C6-A981-3D9FC6178829.jpeg?w=948 948w, https:\/\/i0.wp.com\/blogdalucianaoliveira.com.br\/blog\/wp-content\/uploads\/2021\/01\/097261EE-249A-40C6-A981-3D9FC6178829.jpeg?resize=300%2C174 300w, https:\/\/i0.wp.com\/blogdalucianaoliveira.com.br\/blog\/wp-content\/uploads\/2021\/01\/097261EE-249A-40C6-A981-3D9FC6178829.jpeg?resize=768%2C446 768w, https:\/\/i0.wp.com\/blogdalucianaoliveira.com.br\/blog\/wp-content\/uploads\/2021\/01\/097261EE-249A-40C6-A981-3D9FC6178829.jpeg?resize=517%2C300 517w\" sizes=\"auto, (max-width: 600px) 100vw, 600px\" \/><\/figure>\n\n\n\n<h4 class=\"wp-block-heading\">Dimas Covas disse que espera a libera\u00e7\u00e3o da mat\u00e9ria-prima do imunizante para dar sequ\u00eancia \u00e0 produ\u00e7\u00e3o das doses em S\u00e3o Paulo. Atraso no recebimento de insumos pode paralisar a vacina\u00e7\u00e3o no pa\u00eds.<\/h4>\n\n\n\n<!--more-->\n\n\n\n<p>Por G1 Ribeir\u00e3o Preto e Franca<\/p>\n\n\n\n<p>O diretor do Instituto Butantan, Dimas Covas, cobrou que o presidente Jair Bolsonaro (sem partido) tenha dignidade para defender a vacina CoronaVac. Ele tamb\u00e9m cobrou agilidade do Itamaraty para viabilizar a vinda de mat\u00e9ria-prima da China para dar continuidade \u00e0 produ\u00e7\u00e3o do imunizante contra a Covid-19 &#8212; o \u00fanico sendo aplicado at\u00e9 o momento na popula\u00e7\u00e3o do pa\u00eds.&nbsp;<\/p>\n\n\n\n<p>A declara\u00e7\u00e3o foi dada na manh\u00e3 desta ter\u00e7a-feira em um evento com a participa\u00e7\u00e3o do governador Jo\u00e3o Doria (PSDB) em Ribeir\u00e3o Preto, no interior de S\u00e3o Paulo.&nbsp;<\/p>\n\n\n\n<blockquote class=\"wp-block-quote is-layout-flow wp-block-quote-is-layout-flow\"><p>&#8220;Se a vacina agora \u00e9 do Brasil, o nosso presidente tenha a dignidade de defend\u00ea-la e de solicitar, inclusive, apoio, pro seu Minist\u00e9rio de Rela\u00e7\u00f5es Exteriores na conversa com o governo da China. \u00c9 o que n\u00f3s esperamos\u201d, disse.<\/p><\/blockquote>\n\n\n\n<p>O Brasil s\u00f3 tem seis milh\u00f5es de doses prontas da vacina que pode ser fabricada pelo Butantan. Os imunizantes distribu\u00eddos aos estados desde segunda (18) foram trazidos pelo governo paulista do pa\u00eds asi\u00e1tico, sede da farmac\u00eautica Sinovac, parceira do instituto ligado ao governo de S\u00e3o Paulo. O temor \u00e9 que, sem o insumo, as doses da CoronaVac acabem ainda neste m\u00eas.&nbsp;<\/p>\n\n\n\n<p>O princ\u00edpio ativo para a produ\u00e7\u00e3o da vacina, chamado IFA, \u00e9 importado da China. O Brasil tem enfrentado dificuldade para a aquisi\u00e7\u00e3o.&nbsp;<\/p>\n\n\n\n<ul class=\"wp-block-list\"><li><a href=\"https:\/\/g1.globo.com\/jornal-nacional\/noticia\/2021\/01\/18\/materia-prima-para-a-fabricacao-da-coronavac-e-da-vacina-de-oxford-vem-da-china.ghtml\">Mat\u00e9ria-prima para a fabrica\u00e7\u00e3o da CoronaVac e da vacina de Oxford vem da China<\/a><\/li><li><a href=\"https:\/\/g1.globo.com\/rj\/rio-de-janeiro\/noticia\/2021\/01\/18\/fiocruz-aguarda-insumo-da-vacina-de-oxford-chegar-para-iniciar-producao.ghtml\">Fiocruz aguarda insumo da vacina de Oxford chegar para iniciar produ\u00e7\u00e3o<\/a><\/li><\/ul>\n\n\n\n<p>Na sede do Butantan, h\u00e1, ainda, outras 4,8 milh\u00f5es de doses fabricadas no Brasil, que aguardam a libera\u00e7\u00e3o da Anvisa. Sem o IFA a produ\u00e7\u00e3o pode parar.&nbsp;<\/p>\n\n\n\n<p>\u201cEnt\u00e3o, essa demora com rela\u00e7\u00e3o \u00e0 vinda dessa mat\u00e9ria-prima, eu espero que fique agilizada agora com a aprova\u00e7\u00e3o de uso emerg\u00eancia pela Anvisa, porque agora \u00e9 outro status, n\u00e9? E pela pr\u00f3pria incorpora\u00e7\u00e3o da vacina ao um programa nacional de imuniza\u00e7\u00e3o&#8221;, disse Dimas Covas.&nbsp;<\/p>\n\n\n\n<figure class=\"wp-block-image\"><img data-recalc-dims=\"1\" decoding=\"async\" src=\"https:\/\/i0.wp.com\/s2.glbimg.com\/i8qyGfxQON_s4f6LFkgFYOa2L-o%3D\/0x0%3A4003x2670\/984x0\/smart\/filters%3Astrip_icc%28%29\/i.s3.glbimg.com\/v1\/AUTH_59edd422c0c84a879bd37670ae4f538a\/internal_photos\/bs\/2021\/5\/p\/Lo0bG3QTap3TeQgrw6MA\/2021-01-12t155730z-792922070-rc2f6l9co73i-rtrmadp-3-health-coronavirus-brazil-coronavac.jpg?w=600&#038;ssl=1\" alt=\"Funcion\u00e1rio do Instituto Butantan inspeciona frascos com doses da vacina CoronaVac em SP \u2014 Foto: Amanda Perobelli\/Reuters\"\/><\/figure>\n\n\n\n<p>Funcion\u00e1rio do Instituto Butantan inspeciona frascos com doses da vacina CoronaVac em SP \u2014 Foto: Amanda Perobelli\/Reuters&nbsp;<\/p>\n\n\n\n<h2 class=\"wp-block-heading\">Brasil x China<\/h2>\n\n\n\n<p>No governo federal, em contato com a China,&nbsp;<a href=\"https:\/\/g1.globo.com\/politica\/blog\/andreia-sadi\/post\/2021\/01\/19\/assessores-de-bolsonaro-avaliam-nomes-para-fazer-ponte-com-a-china-no-caso-dos-insumos-para-coronavac-mourao-diz-estar-a-postos.ghtml\">est\u00e3o o ministro da Sa\u00fade, Eduardo Pazuello, e o ministro as Rela\u00e7\u00f5es Exteriores, Ernesto Ara\u00fajo.&nbsp;<\/a><\/p>\n\n\n\n<p>No entanto, entre assessores da presid\u00eancia da rep\u00fablica, h\u00e1 um receio da&nbsp;<a href=\"https:\/\/g1.globo.com\/politica\/blog\/valdo-cruz\/post\/2021\/01\/19\/ataques-de-ernesto-araujo-a-china-podem-afetar-vinda-de-insumo-para-producao-de-vacina-no-brasil.ghtml\">m\u00e1 repercuss\u00e3o dos ataques de membros do governo ao pa\u00eds asi\u00e1tico durante a pandemia.<\/a><\/p>\n\n\n\n<ul class=\"wp-block-list\"><li><a href=\"https:\/\/g1.globo.com\/politica\/blog\/valdo-cruz\/post\/2021\/01\/19\/ataques-de-ernesto-araujo-a-china-podem-afetar-vinda-de-insumo-para-producao-de-vacina-no-brasil.ghtml\">Ataques de Ernesto Ara\u00fajo \u00e0 China podem afetar vinda de insumo<\/a><\/li><li><a href=\"https:\/\/g1.globo.com\/politica\/blog\/andreia-sadi\/post\/2021\/01\/19\/assessores-de-bolsonaro-avaliam-nomes-para-fazer-ponte-com-a-china-no-caso-dos-insumos-para-coronavac-mourao-diz-estar-a-postos.ghtml\">Assessores de Bolsonaro avaliam nomes para fazer ponte com a China&nbsp;<\/a><\/li><\/ul>\n\n\n\n<p>Por isso, \u00e9 cogitada a possibilidade de uma for\u00e7a-tarefa ser montada com a presen\u00e7a, inclusive,<a href=\"https:\/\/g1.globo.com\/politica\/blog\/andreia-sadi\/post\/2021\/01\/19\/assessores-de-bolsonaro-avaliam-nomes-para-fazer-ponte-com-a-china-no-caso-dos-insumos-para-coronavac-mourao-diz-estar-a-postos.ghtml\">&nbsp;do vice-presidente Hamilton Mour\u00e3o.<\/a><\/p>\n\n\n\n<p>\u201cPor enquanto n\u00e3o falei, mas estou dispon\u00edvel, estou pronto. Tenho falado com o vice-presidente chin\u00eas ( Wang Qishan), ele me desejou melhoras durante o meu per\u00edodo da Covid-19 e estamos em permanente contato\u201d, disse Mour\u00e3o ao blog de Andr\u00e9ia Sadi.&nbsp;<\/p>\n\n\n\n<p>Nesta ter\u00e7a-feira, Dimas Covas tamb\u00e9m criticou as frequentes declara\u00e7\u00f5es de Bolsonaro e de membros do governo contra a China e acredita que isso pode dificultar as negocia\u00e7\u00f5es de insumos.&nbsp;<\/p>\n\n\n\n<blockquote class=\"wp-block-quote is-layout-flow wp-block-quote-is-layout-flow\"><p>\u201cAt\u00e9 domingo a vacina era a inimiga n\u00famero um do nosso presidente. E a China, por consequ\u00eancia. A vacina n\u00e3o valia nada porque ela era da China, tremendo a bobagem de quem n\u00e3o tem a menor no\u00e7\u00e3o. E \u00e9 a vacina que vai salvar milh\u00f5es de brasileiros nesse momento. Quer dizer, n\u00e3o vejo outra vacina, n\u00e9?\u201d, disse.<\/p><\/blockquote>\n\n\n\n<p><\/p>\n","protected":false},"excerpt":{"rendered":"<p>Dimas Covas disse que espera a libera\u00e7\u00e3o da mat\u00e9ria-prima do imunizante para dar sequ\u00eancia \u00e0 produ\u00e7\u00e3o das doses em S\u00e3o Paulo. Atraso no recebimento de insumos pode paralisar a vacina\u00e7\u00e3o no pa\u00eds.<\/p>\n","protected":false},"author":1,"featured_media":0,"comment_status":"closed","ping_status":"open","sticky":false,"template":"","format":"standard","meta":{"_exactmetrics_skip_tracking":false,"_exactmetrics_sitenote_active":false,"_exactmetrics_sitenote_note":"","_exactmetrics_sitenote_category":0,"jetpack_post_was_ever_published":false,"_jetpack_newsletter_access":"","_jetpack_dont_email_post_to_subs":false,"_jetpack_newsletter_tier_id":0,"_jetpack_memberships_contains_paywalled_content":false,"_jetpack_memberships_contains_paid_content":false,"footnotes":"","jetpack_publicize_message":"","jetpack_publicize_feature_enabled":true,"jetpack_social_post_already_shared":true,"jetpack_social_options":{"image_generator_settings":{"template":"highway","enabled":false},"version":2}},"categories":[1],"tags":[],"class_list":["post-30669","post","type-post","status-publish","format-standard","hentry","category-notas"],"jetpack_publicize_connections":[],"jetpack_sharing_enabled":true,"jetpack_featured_media_url":"","jetpack_shortlink":"https:\/\/wp.me\/p7wKYW-7YF","jetpack-related-posts":[],"_links":{"self":[{"href":"http:\/\/blogdalucianaoliveira.com.br\/blog\/wp-json\/wp\/v2\/posts\/30669","targetHints":{"allow":["GET"]}}],"collection":[{"href":"http:\/\/blogdalucianaoliveira.com.br\/blog\/wp-json\/wp\/v2\/posts"}],"about":[{"href":"http:\/\/blogdalucianaoliveira.com.br\/blog\/wp-json\/wp\/v2\/types\/post"}],"author":[{"embeddable":true,"href":"http:\/\/blogdalucianaoliveira.com.br\/blog\/wp-json\/wp\/v2\/users\/1"}],"replies":[{"embeddable":true,"href":"http:\/\/blogdalucianaoliveira.com.br\/blog\/wp-json\/wp\/v2\/comments?post=30669"}],"version-history":[{"count":1,"href":"http:\/\/blogdalucianaoliveira.com.br\/blog\/wp-json\/wp\/v2\/posts\/30669\/revisions"}],"predecessor-version":[{"id":30671,"href":"http:\/\/blogdalucianaoliveira.com.br\/blog\/wp-json\/wp\/v2\/posts\/30669\/revisions\/30671"}],"wp:attachment":[{"href":"http:\/\/blogdalucianaoliveira.com.br\/blog\/wp-json\/wp\/v2\/media?parent=30669"}],"wp:term":[{"taxonomy":"category","embeddable":true,"href":"http:\/\/blogdalucianaoliveira.com.br\/blog\/wp-json\/wp\/v2\/categories?post=30669"},{"taxonomy":"post_tag","embeddable":true,"href":"http:\/\/blogdalucianaoliveira.com.br\/blog\/wp-json\/wp\/v2\/tags?post=30669"}],"curies":[{"name":"wp","href":"https:\/\/api.w.org\/{rel}","templated":true}]}}