{"id":30675,"date":"2021-01-20T11:41:04","date_gmt":"2021-01-20T15:41:04","guid":{"rendered":"http:\/\/blogdalucianaoliveira.com.br\/blog\/?p=30675"},"modified":"2021-01-20T11:41:08","modified_gmt":"2021-01-20T15:41:08","slug":"prefeito-secretaria-de-saude-e-fotografo-furam-fila-da-vacina-contra-a-covid-19","status":"publish","type":"post","link":"http:\/\/blogdalucianaoliveira.com.br\/blog\/2021\/01\/20\/prefeito-secretaria-de-saude-e-fotografo-furam-fila-da-vacina-contra-a-covid-19\/","title":{"rendered":"Prefeito, secret\u00e1ria de Sa\u00fade e fot\u00f3grafo furam fila da vacina contra a Covid-19"},"content":{"rendered":"\n<figure class=\"wp-block-image size-large\"><img data-recalc-dims=\"1\" loading=\"lazy\" decoding=\"async\" width=\"600\" height=\"327\" data-attachment-id=\"30676\" data-permalink=\"http:\/\/blogdalucianaoliveira.com.br\/blog\/2021\/01\/20\/prefeito-secretaria-de-saude-e-fotografo-furam-fila-da-vacina-contra-a-covid-19\/0aaefdf7-11f3-4f2d-8150-ed9f1dd4dbe6\/\" data-orig-file=\"https:\/\/i0.wp.com\/blogdalucianaoliveira.com.br\/blog\/wp-content\/uploads\/2021\/01\/0AAEFDF7-11F3-4F2D-8150-ED9F1DD4DBE6.jpeg?fit=677%2C369\" data-orig-size=\"677,369\" data-comments-opened=\"0\" data-image-meta=\"{&quot;aperture&quot;:&quot;0&quot;,&quot;credit&quot;:&quot;&quot;,&quot;camera&quot;:&quot;&quot;,&quot;caption&quot;:&quot;&quot;,&quot;created_timestamp&quot;:&quot;0&quot;,&quot;copyright&quot;:&quot;&quot;,&quot;focal_length&quot;:&quot;0&quot;,&quot;iso&quot;:&quot;0&quot;,&quot;shutter_speed&quot;:&quot;0&quot;,&quot;title&quot;:&quot;&quot;,&quot;orientation&quot;:&quot;0&quot;}\" data-image-title=\"0AAEFDF7-11F3-4F2D-8150-ED9F1DD4DBE6\" data-image-description=\"\" data-image-caption=\"\" data-medium-file=\"https:\/\/i0.wp.com\/blogdalucianaoliveira.com.br\/blog\/wp-content\/uploads\/2021\/01\/0AAEFDF7-11F3-4F2D-8150-ED9F1DD4DBE6.jpeg?fit=300%2C164\" data-large-file=\"https:\/\/i0.wp.com\/blogdalucianaoliveira.com.br\/blog\/wp-content\/uploads\/2021\/01\/0AAEFDF7-11F3-4F2D-8150-ED9F1DD4DBE6.jpeg?fit=600%2C327\" src=\"https:\/\/i0.wp.com\/blogdalucianaoliveira.com.br\/blog\/wp-content\/uploads\/2021\/01\/0AAEFDF7-11F3-4F2D-8150-ED9F1DD4DBE6.jpeg?resize=600%2C327\" alt=\"\" class=\"wp-image-30676\" srcset=\"https:\/\/i0.wp.com\/blogdalucianaoliveira.com.br\/blog\/wp-content\/uploads\/2021\/01\/0AAEFDF7-11F3-4F2D-8150-ED9F1DD4DBE6.jpeg?w=677 677w, https:\/\/i0.wp.com\/blogdalucianaoliveira.com.br\/blog\/wp-content\/uploads\/2021\/01\/0AAEFDF7-11F3-4F2D-8150-ED9F1DD4DBE6.jpeg?resize=300%2C164 300w, https:\/\/i0.wp.com\/blogdalucianaoliveira.com.br\/blog\/wp-content\/uploads\/2021\/01\/0AAEFDF7-11F3-4F2D-8150-ED9F1DD4DBE6.jpeg?resize=550%2C300 550w\" sizes=\"auto, (max-width: 600px) 100vw, 600px\" \/><\/figure>\n\n\n\n<p>Sem fazer parte do grupo priorit\u00e1rio de imuniza\u00e7\u00e3o, os tr\u00eas conseguiram receber as doses. Casos ocorreram em Pernambuco e Sergipe.<\/p>\n\n\n\n<!--more-->\n\n\n\n<p>IG sa\u00fade <\/p>\n\n\n\n<p>Um prefeito, uma secret\u00e1ria de sa\u00fade e at\u00e9 um fot\u00f3grafo oficial&nbsp;<strong>furaram a fila<\/strong>&nbsp;para receber a vacina contra a&nbsp;<strong>Covid-19<\/strong>&nbsp;em cidades no interior de Sergipe e Pernambuco. Nessa fase inicial de aplica\u00e7\u00e3o das doses, s\u00f3 era permitido que profissionais da sa\u00fade, idosos em casas de repouso, ind\u00edgenas e pessoas com defici\u00eancia fossem imunizados.<\/p>\n\n\n\n<p>O prefeito que foi vacinado foi&nbsp;&nbsp;<strong>J\u00fanior de Amynthas<\/strong>&nbsp;(DEM), da cidade de Itabi, em Pernambuco. Ele foi a primeira pessoa da cidade a tomar a vacina. De acordo com a secretaria de Sa\u00fade, a ideia da aplica\u00e7\u00e3o foi incentivar a popula\u00e7\u00e3o a tamb\u00e9m tomar a vacina.<\/p>\n\n\n\n<p>Segundo o comunicado, um informe t\u00e9cnico do Minist\u00e9rio da Sa\u00fade d\u00e1 liberdade para que estados e munic\u00edpios determinem as prioridades conforme a realidade local. &#8220;\u00c9 a raz\u00e3o pela qual o prefeito J\u00fanior de Amynthas foi imunizado, em um ato de demonstra\u00e7\u00e3o de seguran\u00e7a, legitimidade e efic\u00e1cia da vacina para incentivar a popula\u00e7\u00e3o Itabiense a se vacinar&#8221;, diz o texto.&nbsp;<br><\/p>\n\n\n\n<p>J\u00e1 na cidade de Jupi (PE), segurando a m\u00e3o da secret\u00e1ria municipal de Sa\u00fade da cidade,\u00a0<strong>Maria Nadir Ferro<\/strong>\u00a0, o fot\u00f3grafo oficial da Prefeitura comemorou a chegada das doses no momento em que foi vacinado. O v\u00eddeo com o momento da vacina\u00e7\u00e3o foi postado nas redes sociais. &#8220;Aqui, olha, Jupi recebendo as primeiras doses. Aproveitando o embalo&#8221;, diz ele, com a m\u00e1quina fotogr\u00e1fica pendurada no pesco\u00e7o.<\/p>\n\n\n\n<p>O profissional falou para a&nbsp;<em>R\u00e1dio Jornal<\/em>&nbsp;de Pernambuco, fora do ar, que se arrependia pelo ato e que n\u00e3o teria coragem de tomar de novo porque \u00e9 uma falta de empatia. Em seguida, segundo relatos da rep\u00f3rter da r\u00e1dio, ele negou ter tomado a dose e pediu para que o assunto fosse esquecido.<\/p>\n\n\n\n<p>Minutos antes de ser vacinado, ele tinha fotografado a secret\u00e1ria de Sa\u00fade tamb\u00e9m recebendo a dose, o que tamb\u00e9m n\u00e3o deveria ser feito. Ap\u00f3s tomar conhecimento do caso, o prefeito de Jupi, Marcos Patriota (DEM), afastou a secret\u00e1ria de Sa\u00fade do cargo e determinou apura\u00e7\u00e3o dos fatos.<\/p>\n\n\n\n<p>A promotora de Justi\u00e7a Adna Vasconcelos informou que encaminhou of\u00edcio para a Prefeitura de Jupi pedindo esclarecimentos sobre o que ocorreu. &#8220;Ele [o fot\u00f3grafo] vai ser notificado tamb\u00e9m para prestar esclarecimentos. Vamos ouvir tamb\u00e9m quem autorizou a vacina\u00e7\u00e3o e quem aplicou a vacina&#8221;, disse a promotora.<\/p>\n\n\n\n<p>Ap\u00f3s a coleta dessas informa\u00e7\u00f5es, ela afirma que&nbsp;ser\u00e1 poss\u00edvel saber se houve conduta criminal ou no \u00e2mbito administrativo de improbidade, no caso de o servidor ter atuado com dolo, quando h\u00e1 inten\u00e7\u00e3o de fazer algo.<\/p>\n","protected":false},"excerpt":{"rendered":"<p>Sem fazer parte do grupo priorit\u00e1rio de imuniza\u00e7\u00e3o, os tr\u00eas conseguiram receber as doses. Casos ocorreram em Pernambuco e Sergipe.<\/p>\n","protected":false},"author":1,"featured_media":0,"comment_status":"closed","ping_status":"open","sticky":false,"template":"","format":"standard","meta":{"_exactmetrics_skip_tracking":false,"_exactmetrics_sitenote_active":false,"_exactmetrics_sitenote_note":"","_exactmetrics_sitenote_category":0,"jetpack_post_was_ever_published":false,"_jetpack_newsletter_access":"","_jetpack_dont_email_post_to_subs":false,"_jetpack_newsletter_tier_id":0,"_jetpack_memberships_contains_paywalled_content":false,"_jetpack_memberships_contains_paid_content":false,"footnotes":"","jetpack_publicize_message":"","jetpack_publicize_feature_enabled":true,"jetpack_social_post_already_shared":true,"jetpack_social_options":{"image_generator_settings":{"template":"highway","enabled":false},"version":2}},"categories":[1],"tags":[],"class_list":["post-30675","post","type-post","status-publish","format-standard","hentry","category-notas"],"jetpack_publicize_connections":[],"jetpack_sharing_enabled":true,"jetpack_featured_media_url":"","jetpack_shortlink":"https:\/\/wp.me\/p7wKYW-7YL","jetpack-related-posts":[],"_links":{"self":[{"href":"http:\/\/blogdalucianaoliveira.com.br\/blog\/wp-json\/wp\/v2\/posts\/30675","targetHints":{"allow":["GET"]}}],"collection":[{"href":"http:\/\/blogdalucianaoliveira.com.br\/blog\/wp-json\/wp\/v2\/posts"}],"about":[{"href":"http:\/\/blogdalucianaoliveira.com.br\/blog\/wp-json\/wp\/v2\/types\/post"}],"author":[{"embeddable":true,"href":"http:\/\/blogdalucianaoliveira.com.br\/blog\/wp-json\/wp\/v2\/users\/1"}],"replies":[{"embeddable":true,"href":"http:\/\/blogdalucianaoliveira.com.br\/blog\/wp-json\/wp\/v2\/comments?post=30675"}],"version-history":[{"count":1,"href":"http:\/\/blogdalucianaoliveira.com.br\/blog\/wp-json\/wp\/v2\/posts\/30675\/revisions"}],"predecessor-version":[{"id":30677,"href":"http:\/\/blogdalucianaoliveira.com.br\/blog\/wp-json\/wp\/v2\/posts\/30675\/revisions\/30677"}],"wp:attachment":[{"href":"http:\/\/blogdalucianaoliveira.com.br\/blog\/wp-json\/wp\/v2\/media?parent=30675"}],"wp:term":[{"taxonomy":"category","embeddable":true,"href":"http:\/\/blogdalucianaoliveira.com.br\/blog\/wp-json\/wp\/v2\/categories?post=30675"},{"taxonomy":"post_tag","embeddable":true,"href":"http:\/\/blogdalucianaoliveira.com.br\/blog\/wp-json\/wp\/v2\/tags?post=30675"}],"curies":[{"name":"wp","href":"https:\/\/api.w.org\/{rel}","templated":true}]}}