{"id":30678,"date":"2021-01-20T11:55:28","date_gmt":"2021-01-20T15:55:28","guid":{"rendered":"http:\/\/blogdalucianaoliveira.com.br\/blog\/?p=30678"},"modified":"2021-01-20T11:55:34","modified_gmt":"2021-01-20T15:55:34","slug":"entidades-medicas-repudiam-tratamento-precoce-para-covid-a-fake-news-do-governo-que-nao-combate-o-virus","status":"publish","type":"post","link":"http:\/\/blogdalucianaoliveira.com.br\/blog\/2021\/01\/20\/entidades-medicas-repudiam-tratamento-precoce-para-covid-a-fake-news-do-governo-que-nao-combate-o-virus\/","title":{"rendered":"Entidades m\u00e9dicas repudiam \u2018tratamento precoce\u2019 para Covid, a fake news do governo que n\u00e3o combate o v\u00edrus"},"content":{"rendered":"\n<figure class=\"wp-block-image size-large\"><img loading=\"lazy\" decoding=\"async\" width=\"1250\" height=\"600\" data-attachment-id=\"30679\" data-permalink=\"http:\/\/blogdalucianaoliveira.com.br\/blog\/2021\/01\/20\/entidades-medicas-repudiam-tratamento-precoce-para-covid-a-fake-news-do-governo-que-nao-combate-o-virus\/9ee1f1d1-b9cc-4172-885c-f59a308ef20e\/\" data-orig-file=\"https:\/\/i0.wp.com\/blogdalucianaoliveira.com.br\/blog\/wp-content\/uploads\/2021\/01\/9EE1F1D1-B9CC-4172-885C-F59A308EF20E.jpeg?fit=1250%2C600\" data-orig-size=\"1250,600\" data-comments-opened=\"0\" data-image-meta=\"{&quot;aperture&quot;:&quot;0&quot;,&quot;credit&quot;:&quot;&quot;,&quot;camera&quot;:&quot;&quot;,&quot;caption&quot;:&quot;&quot;,&quot;created_timestamp&quot;:&quot;0&quot;,&quot;copyright&quot;:&quot;&quot;,&quot;focal_length&quot;:&quot;0&quot;,&quot;iso&quot;:&quot;0&quot;,&quot;shutter_speed&quot;:&quot;0&quot;,&quot;title&quot;:&quot;&quot;,&quot;orientation&quot;:&quot;0&quot;}\" data-image-title=\"9EE1F1D1-B9CC-4172-885C-F59A308EF20E\" data-image-description=\"\" data-image-caption=\"\" data-medium-file=\"https:\/\/i0.wp.com\/blogdalucianaoliveira.com.br\/blog\/wp-content\/uploads\/2021\/01\/9EE1F1D1-B9CC-4172-885C-F59A308EF20E.jpeg?fit=300%2C144\" data-large-file=\"https:\/\/i0.wp.com\/blogdalucianaoliveira.com.br\/blog\/wp-content\/uploads\/2021\/01\/9EE1F1D1-B9CC-4172-885C-F59A308EF20E.jpeg?fit=600%2C288\" src=\"https:\/\/i1.wp.com\/blogdalucianaoliveira.com.br\/blog\/wp-content\/uploads\/2021\/01\/9EE1F1D1-B9CC-4172-885C-F59A308EF20E.jpeg?fit=600%2C288\" alt=\"\" class=\"wp-image-30679\" srcset=\"https:\/\/i0.wp.com\/blogdalucianaoliveira.com.br\/blog\/wp-content\/uploads\/2021\/01\/9EE1F1D1-B9CC-4172-885C-F59A308EF20E.jpeg?w=1250 1250w, https:\/\/i0.wp.com\/blogdalucianaoliveira.com.br\/blog\/wp-content\/uploads\/2021\/01\/9EE1F1D1-B9CC-4172-885C-F59A308EF20E.jpeg?resize=300%2C144 300w, https:\/\/i0.wp.com\/blogdalucianaoliveira.com.br\/blog\/wp-content\/uploads\/2021\/01\/9EE1F1D1-B9CC-4172-885C-F59A308EF20E.jpeg?resize=1024%2C492 1024w, https:\/\/i0.wp.com\/blogdalucianaoliveira.com.br\/blog\/wp-content\/uploads\/2021\/01\/9EE1F1D1-B9CC-4172-885C-F59A308EF20E.jpeg?resize=768%2C369 768w, https:\/\/i0.wp.com\/blogdalucianaoliveira.com.br\/blog\/wp-content\/uploads\/2021\/01\/9EE1F1D1-B9CC-4172-885C-F59A308EF20E.jpeg?resize=625%2C300 625w, https:\/\/i0.wp.com\/blogdalucianaoliveira.com.br\/blog\/wp-content\/uploads\/2021\/01\/9EE1F1D1-B9CC-4172-885C-F59A308EF20E.jpeg?w=1200 1200w\" sizes=\"auto, (max-width: 600px) 100vw, 600px\" \/><\/figure>\n\n\n\n<p><strong>247\u00a0<\/strong>&#8211; A Sociedade Brasileira de Infectologia (SBI) e a Associa\u00e7\u00e3o M\u00e9dica Brasileira (ABM) emitiram nota conjunta nesta ter\u00e7a-feira, 19, para recha\u00e7ar a exist\u00eancia de um \u201ctratamento precoce\u201d contra o coconrav\u00edrus. A\u00a0<a href=\"https:\/\/saude.estadao.com.br\/noticias\/geral,entidades-medicas-repudiam-tratamento-precoce-contra-covid-19,70003587354?utm_source=twitter:newsfeed&amp;utm_medium=social-organic&amp;utm_campaign=redes-sociais:012021:e&amp;utm_content=:::&amp;utm_term=\">reportagem<\/a>\u00a0\u00e9 do jornal Estado de S.Paulo.\u00a0<br><\/p>\n\n\n\n<!--more-->\n\n\n\n<p>No texto, as entidades tamb\u00e9m afirmam que \u201ca desinforma\u00e7\u00e3o dos negacionistas\u201d piora a \u201cdevastadora situa\u00e7\u00e3o da pandemia em nosso Pa\u00eds\u201d.<\/p>\n\n\n\n<p>\u201cAs melhores evid\u00eancias cient\u00edficas demonstram que nenhuma medica\u00e7\u00e3o tem efic\u00e1cia na preven\u00e7\u00e3o ou no \u2018tratamento precoce\u2019 para a covid-19 at\u00e9 o presente momento\u201d, diz a nota. O texto tamb\u00e9m afirma que o posicionamento \u00e9 seguido pelas principais sociedades m\u00e9dicas e organismos nacionais e internacionais de sa\u00fade p\u00fablica, incluindo a Ag\u00eancia Nacional de Vigil\u00e2ncia Sanit\u00e1ria.<\/p>\n","protected":false},"excerpt":{"rendered":"<p>247\u00a0&#8211; A Sociedade Brasileira de Infectologia (SBI) e a Associa\u00e7\u00e3o M\u00e9dica Brasileira (ABM) emitiram nota conjunta nesta ter\u00e7a-feira, 19, para recha\u00e7ar a exist\u00eancia de um \u201ctratamento precoce\u201d contra o coconrav\u00edrus. A\u00a0reportagem\u00a0\u00e9 do jornal Estado de S.Paulo.\u00a0<\/p>\n","protected":false},"author":1,"featured_media":0,"comment_status":"closed","ping_status":"open","sticky":false,"template":"","format":"standard","meta":{"_exactmetrics_skip_tracking":false,"_exactmetrics_sitenote_active":false,"_exactmetrics_sitenote_note":"","_exactmetrics_sitenote_category":0,"jetpack_post_was_ever_published":false,"_jetpack_newsletter_access":"","_jetpack_dont_email_post_to_subs":false,"_jetpack_newsletter_tier_id":0,"_jetpack_memberships_contains_paywalled_content":false,"_jetpack_memberships_contains_paid_content":false,"footnotes":"","jetpack_publicize_message":"","jetpack_publicize_feature_enabled":true,"jetpack_social_post_already_shared":true,"jetpack_social_options":{"image_generator_settings":{"template":"highway","enabled":false},"version":2}},"categories":[1],"tags":[],"class_list":["post-30678","post","type-post","status-publish","format-standard","hentry","category-notas"],"jetpack_publicize_connections":[],"jetpack_sharing_enabled":true,"jetpack_featured_media_url":"","jetpack_shortlink":"https:\/\/wp.me\/p7wKYW-7YO","jetpack-related-posts":[],"_links":{"self":[{"href":"http:\/\/blogdalucianaoliveira.com.br\/blog\/wp-json\/wp\/v2\/posts\/30678","targetHints":{"allow":["GET"]}}],"collection":[{"href":"http:\/\/blogdalucianaoliveira.com.br\/blog\/wp-json\/wp\/v2\/posts"}],"about":[{"href":"http:\/\/blogdalucianaoliveira.com.br\/blog\/wp-json\/wp\/v2\/types\/post"}],"author":[{"embeddable":true,"href":"http:\/\/blogdalucianaoliveira.com.br\/blog\/wp-json\/wp\/v2\/users\/1"}],"replies":[{"embeddable":true,"href":"http:\/\/blogdalucianaoliveira.com.br\/blog\/wp-json\/wp\/v2\/comments?post=30678"}],"version-history":[{"count":1,"href":"http:\/\/blogdalucianaoliveira.com.br\/blog\/wp-json\/wp\/v2\/posts\/30678\/revisions"}],"predecessor-version":[{"id":30680,"href":"http:\/\/blogdalucianaoliveira.com.br\/blog\/wp-json\/wp\/v2\/posts\/30678\/revisions\/30680"}],"wp:attachment":[{"href":"http:\/\/blogdalucianaoliveira.com.br\/blog\/wp-json\/wp\/v2\/media?parent=30678"}],"wp:term":[{"taxonomy":"category","embeddable":true,"href":"http:\/\/blogdalucianaoliveira.com.br\/blog\/wp-json\/wp\/v2\/categories?post=30678"},{"taxonomy":"post_tag","embeddable":true,"href":"http:\/\/blogdalucianaoliveira.com.br\/blog\/wp-json\/wp\/v2\/tags?post=30678"}],"curies":[{"name":"wp","href":"https:\/\/api.w.org\/{rel}","templated":true}]}}