{"id":30684,"date":"2021-01-20T15:41:51","date_gmt":"2021-01-20T19:41:51","guid":{"rendered":"http:\/\/blogdalucianaoliveira.com.br\/blog\/?p=30684"},"modified":"2021-01-20T15:41:58","modified_gmt":"2021-01-20T19:41:58","slug":"gemeas-milionarias-de-manaus-sao-nomeadas-as-pressas-em-ubs-e-tomam-vacina","status":"publish","type":"post","link":"http:\/\/blogdalucianaoliveira.com.br\/blog\/2021\/01\/20\/gemeas-milionarias-de-manaus-sao-nomeadas-as-pressas-em-ubs-e-tomam-vacina\/","title":{"rendered":"G\u00eameas milion\u00e1rias de Manaus s\u00e3o nomeadas \u00e0s pressas em UBS e tomam vacina"},"content":{"rendered":"\n<figure class=\"wp-block-image size-large\"><img data-recalc-dims=\"1\" loading=\"lazy\" decoding=\"async\" width=\"600\" height=\"452\" data-attachment-id=\"30685\" data-permalink=\"http:\/\/blogdalucianaoliveira.com.br\/blog\/2021\/01\/20\/gemeas-milionarias-de-manaus-sao-nomeadas-as-pressas-em-ubs-e-tomam-vacina\/4c13b505-5666-4c84-af09-5387afe23f56\/\" data-orig-file=\"https:\/\/i0.wp.com\/blogdalucianaoliveira.com.br\/blog\/wp-content\/uploads\/2021\/01\/4C13B505-5666-4C84-AF09-5387AFE23F56.jpeg?fit=943%2C711\" data-orig-size=\"943,711\" data-comments-opened=\"0\" data-image-meta=\"{&quot;aperture&quot;:&quot;0&quot;,&quot;credit&quot;:&quot;&quot;,&quot;camera&quot;:&quot;&quot;,&quot;caption&quot;:&quot;&quot;,&quot;created_timestamp&quot;:&quot;0&quot;,&quot;copyright&quot;:&quot;&quot;,&quot;focal_length&quot;:&quot;0&quot;,&quot;iso&quot;:&quot;0&quot;,&quot;shutter_speed&quot;:&quot;0&quot;,&quot;title&quot;:&quot;&quot;,&quot;orientation&quot;:&quot;1&quot;}\" data-image-title=\"4C13B505-5666-4C84-AF09-5387AFE23F56\" data-image-description=\"\" data-image-caption=\"\" data-medium-file=\"https:\/\/i0.wp.com\/blogdalucianaoliveira.com.br\/blog\/wp-content\/uploads\/2021\/01\/4C13B505-5666-4C84-AF09-5387AFE23F56.jpeg?fit=300%2C226\" data-large-file=\"https:\/\/i0.wp.com\/blogdalucianaoliveira.com.br\/blog\/wp-content\/uploads\/2021\/01\/4C13B505-5666-4C84-AF09-5387AFE23F56.jpeg?fit=600%2C452\" src=\"https:\/\/i0.wp.com\/blogdalucianaoliveira.com.br\/blog\/wp-content\/uploads\/2021\/01\/4C13B505-5666-4C84-AF09-5387AFE23F56.jpeg?resize=600%2C452\" alt=\"\" class=\"wp-image-30685\" srcset=\"https:\/\/i0.wp.com\/blogdalucianaoliveira.com.br\/blog\/wp-content\/uploads\/2021\/01\/4C13B505-5666-4C84-AF09-5387AFE23F56.jpeg?w=943 943w, https:\/\/i0.wp.com\/blogdalucianaoliveira.com.br\/blog\/wp-content\/uploads\/2021\/01\/4C13B505-5666-4C84-AF09-5387AFE23F56.jpeg?resize=300%2C226 300w, https:\/\/i0.wp.com\/blogdalucianaoliveira.com.br\/blog\/wp-content\/uploads\/2021\/01\/4C13B505-5666-4C84-AF09-5387AFE23F56.jpeg?resize=768%2C579 768w, https:\/\/i0.wp.com\/blogdalucianaoliveira.com.br\/blog\/wp-content\/uploads\/2021\/01\/4C13B505-5666-4C84-AF09-5387AFE23F56.jpeg?resize=398%2C300 398w\" sizes=\"auto, (max-width: 600px) 100vw, 600px\" \/><\/figure>\n\n\n\n<p>Uma delas foi nomeada na v\u00e9spera do in\u00edcio da vacina\u00e7\u00e3o e a outra no mesmo dia.<\/p>\n\n\n\n<!--more-->\n\n\n\n<p>Revista F\u00f3rum, por \u00a0<a rel=\"noreferrer noopener\" href=\"https:\/\/revistaforum.com.br\/author\/julinho\/\" target=\"_blank\">Julinho Bittencourt<\/a><\/p>\n\n\n\n<p>As g\u00eameas milion\u00e1rias de Manaus, Gabrielle Kirk Lins e Isabelle Kirk Lins, causaram pol\u00eamica nesta ter\u00e7a-feira (19) ap\u00f3s postarem no Instagram fotos tomando a vacina contra a Covid-19.&nbsp;<\/p>\n\n\n\n<p>Logo ap\u00f3s, circularam em grupos de WhatsApp de profissionais da Sa\u00fade imagens da vacina\u00e7\u00e3o das duas acompanhada da nomea\u00e7\u00e3o, no Di\u00e1rio Oficial de Manaus. A de Gabrielle no dia 18 de janeiro, um dia antes do in\u00edcio da vacina\u00e7\u00e3o, como gerente de projetos da Secretaria Municipal de Sa\u00fade. A irm\u00e3 dela foi nomeada no dia 19 de janeiro.<\/p>\n\n\n\n<figure class=\"wp-block-image\"><img data-recalc-dims=\"1\" decoding=\"async\" src=\"https:\/\/i0.wp.com\/cdn.revistaforum.com.br\/wp-content\/uploads\/2021\/01\/gemeas-milionarias.jpg?w=600&#038;ssl=1\" alt=\"\" class=\"wp-image-307381\"\/><\/figure>\n\n\n\n<p>No Facebook, Gabrielle chegou a responder uma publica\u00e7\u00e3o:&nbsp;\u201cRealmente eu sou m\u00e9dica, sim, formada em maio de 2020, durante o primeiro pico da pandemia. Desde a semana passada fui convidada pra atuar na aten\u00e7\u00e3o primeira ao COVID, na nova UBS da prefeitura. E hoje durante meu plant\u00e3o fui convidada a me vacinar juntamente com os demais m\u00e9dicos e enfermeiros das unidades. Realmente n\u00e3o propague fake news, isso \u00e9 triste!\u201d.<\/p>\n\n\n\n<p><strong>A Prefeitura de Manaus emitiu nota justificando a quantidade de vacina e a lista de prioridade. Confira abaixo:<\/strong><\/p>\n\n\n\n<p><em>A&nbsp;Prefeitura de Manaus, por meio da Secretaria Municipal de Sa\u00fade (Semsa), iniciou na tarde desta ter\u00e7a-feira, 19, a vacina\u00e7\u00e3o dos profissionais de sa\u00fade da rede p\u00fablica da cidade. A equipe de imuniza\u00e7\u00e3o da Semsa iniciou os trabalhos pelas Unidades B\u00e1sicas de Sa\u00fade (UBSs), com atendimento exclusivo para casos suspeitos de Covid-19.<\/em><\/p>\n\n\n\n<p><em>Com o baixo volume de doses de vacinas contra a Covid-19 repassado pelo governo do Estado \u00e0 Prefeitura de Manaus \u2013 apenas 40.072 das 282 mil recebidas do Minist\u00e9rio da Sa\u00fade, na \u00faltima segunda-feira, 18 -, o Executivo municipal precisou rever o plano de vacina\u00e7\u00e3o.<\/em><\/p>\n\n\n\n<p><em>Do total de doses recebido, a prefeitura reservou 12,2% delas para os profissionais da rede municipal, que est\u00e3o atuando no enfrentamento \u00e0 Covid-19.<\/em><\/p>\n\n\n\n<p><em>Com o baixo volume de vacinas, a Semsa solicitou ao Estado a lista de prioridades das suas unidades de m\u00e9dia e alta complexidades. No entanto, o documento final s\u00f3 foi enviado por volta das 15h30.<\/em><\/p>\n\n\n\n<p><em>Seguindo a programa\u00e7\u00e3o, com escolta, a equipe de imuniza\u00e7\u00e3o saiu, \u00e0s 14h, do complexo oeste da divis\u00e3o do Programa Nacional Imuniza\u00e7\u00e3o municipal, no bairro da Paz, onde est\u00e1 localizada a rede de frio municipal, onde s\u00e3o armazenadas todas as vacinas.<\/em><\/p>\n\n\n\n<p><em>Com a lista de prioridades da rede de sa\u00fade do Estado, a Semsa come\u00e7a nesta quarta-feira, 20, a vacina\u00e7\u00e3o dos profissionais da sa\u00fade dos hospitais, prontos-socorros, Unidades de Pronto Atendimento (UPAs) e Servi\u00e7os de Pronto Atendimento (SPAs) escolhidos pelo governo.<\/em><\/p>\n\n\n\n<p><em>Sobre o caso das m\u00e9dicas Gabrielle Kirk Lins e Isabbele Kirk Lins, vacinadas neste primeiro dia de imuniza\u00e7\u00e3o, n\u00e3o h\u00e1 nenhuma irregularidade, uma vez que se encontram nomeadas e atuando legitimamente no plant\u00e3o da unidade de sa\u00fade, para a qual foram designadas, em raz\u00e3o da urg\u00eancia e exce\u00e7\u00e3o sanit\u00e1rias, estabelecidas nos primeiros 15 dias da nova gest\u00e3o.<\/em><\/p>\n\n\n\n<p><strong>O Governo do Amazonas, por sua vez, afirmou que n\u00e3o \u00e9 respons\u00e1vel pela aplica\u00e7\u00e3o da vacina. Confira a nota:<\/strong><\/p>\n\n\n\n<p><em>O Governo do Estado do Amazonas informa que \u00e9 respons\u00e1vel somente pelo recebimento das vacinas do Minist\u00e9rio da Sa\u00fade (MS) e distribui\u00e7\u00e3o \u00e0s Prefeituras Municipais.<\/em><\/p>\n\n\n\n<p><em>A aplica\u00e7\u00e3o \u00e9 de responsabilidade das Secretarias Municipais de Sa\u00fade e obedece aos crit\u00e9rios de prioridade definidos pelo Minist\u00e9rio da Sa\u00fade.<\/em><\/p>\n\n\n\n<p><em>O Governo do Estado n\u00e3o \u00e9 respons\u00e1vel pela vacina\u00e7\u00e3o de qualquer pessoa.<\/em><\/p>\n\n\n\n<p><\/p>\n","protected":false},"excerpt":{"rendered":"<p>Uma delas foi nomeada na v\u00e9spera do in\u00edcio da vacina\u00e7\u00e3o e a outra no mesmo dia.<\/p>\n","protected":false},"author":1,"featured_media":0,"comment_status":"closed","ping_status":"open","sticky":false,"template":"","format":"standard","meta":{"_exactmetrics_skip_tracking":false,"_exactmetrics_sitenote_active":false,"_exactmetrics_sitenote_note":"","_exactmetrics_sitenote_category":0,"jetpack_post_was_ever_published":false,"_jetpack_newsletter_access":"","_jetpack_dont_email_post_to_subs":false,"_jetpack_newsletter_tier_id":0,"_jetpack_memberships_contains_paywalled_content":false,"_jetpack_memberships_contains_paid_content":false,"footnotes":"","jetpack_publicize_message":"","jetpack_publicize_feature_enabled":true,"jetpack_social_post_already_shared":true,"jetpack_social_options":{"image_generator_settings":{"template":"highway","enabled":false},"version":2}},"categories":[1],"tags":[],"class_list":["post-30684","post","type-post","status-publish","format-standard","hentry","category-notas"],"jetpack_publicize_connections":[],"jetpack_sharing_enabled":true,"jetpack_featured_media_url":"","jetpack_shortlink":"https:\/\/wp.me\/p7wKYW-7YU","jetpack-related-posts":[],"_links":{"self":[{"href":"http:\/\/blogdalucianaoliveira.com.br\/blog\/wp-json\/wp\/v2\/posts\/30684","targetHints":{"allow":["GET"]}}],"collection":[{"href":"http:\/\/blogdalucianaoliveira.com.br\/blog\/wp-json\/wp\/v2\/posts"}],"about":[{"href":"http:\/\/blogdalucianaoliveira.com.br\/blog\/wp-json\/wp\/v2\/types\/post"}],"author":[{"embeddable":true,"href":"http:\/\/blogdalucianaoliveira.com.br\/blog\/wp-json\/wp\/v2\/users\/1"}],"replies":[{"embeddable":true,"href":"http:\/\/blogdalucianaoliveira.com.br\/blog\/wp-json\/wp\/v2\/comments?post=30684"}],"version-history":[{"count":1,"href":"http:\/\/blogdalucianaoliveira.com.br\/blog\/wp-json\/wp\/v2\/posts\/30684\/revisions"}],"predecessor-version":[{"id":30686,"href":"http:\/\/blogdalucianaoliveira.com.br\/blog\/wp-json\/wp\/v2\/posts\/30684\/revisions\/30686"}],"wp:attachment":[{"href":"http:\/\/blogdalucianaoliveira.com.br\/blog\/wp-json\/wp\/v2\/media?parent=30684"}],"wp:term":[{"taxonomy":"category","embeddable":true,"href":"http:\/\/blogdalucianaoliveira.com.br\/blog\/wp-json\/wp\/v2\/categories?post=30684"},{"taxonomy":"post_tag","embeddable":true,"href":"http:\/\/blogdalucianaoliveira.com.br\/blog\/wp-json\/wp\/v2\/tags?post=30684"}],"curies":[{"name":"wp","href":"https:\/\/api.w.org\/{rel}","templated":true}]}}