{"id":30687,"date":"2021-01-21T10:27:41","date_gmt":"2021-01-21T14:27:41","guid":{"rendered":"http:\/\/blogdalucianaoliveira.com.br\/blog\/?p=30687"},"modified":"2021-01-21T10:27:46","modified_gmt":"2021-01-21T14:27:46","slug":"fracasso-de-bolsonaro-na-pandemia-multiplica-pedidos-de-impeachment","status":"publish","type":"post","link":"http:\/\/blogdalucianaoliveira.com.br\/blog\/2021\/01\/21\/fracasso-de-bolsonaro-na-pandemia-multiplica-pedidos-de-impeachment\/","title":{"rendered":"Fracasso de Bolsonaro na pandemia multiplica pedidos de impeachment"},"content":{"rendered":"\n<figure class=\"wp-block-image size-large\"><img loading=\"lazy\" decoding=\"async\" width=\"1188\" height=\"600\" data-attachment-id=\"30688\" data-permalink=\"http:\/\/blogdalucianaoliveira.com.br\/blog\/2021\/01\/21\/fracasso-de-bolsonaro-na-pandemia-multiplica-pedidos-de-impeachment\/f6da15a0-7dab-4e01-9773-3fa8d506f45e\/\" data-orig-file=\"https:\/\/i0.wp.com\/blogdalucianaoliveira.com.br\/blog\/wp-content\/uploads\/2021\/01\/F6DA15A0-7DAB-4E01-9773-3FA8D506F45E.jpeg?fit=1188%2C600\" data-orig-size=\"1188,600\" data-comments-opened=\"0\" data-image-meta=\"{&quot;aperture&quot;:&quot;0&quot;,&quot;credit&quot;:&quot;&quot;,&quot;camera&quot;:&quot;&quot;,&quot;caption&quot;:&quot;&quot;,&quot;created_timestamp&quot;:&quot;0&quot;,&quot;copyright&quot;:&quot;&quot;,&quot;focal_length&quot;:&quot;0&quot;,&quot;iso&quot;:&quot;0&quot;,&quot;shutter_speed&quot;:&quot;0&quot;,&quot;title&quot;:&quot;&quot;,&quot;orientation&quot;:&quot;1&quot;}\" data-image-title=\"F6DA15A0-7DAB-4E01-9773-3FA8D506F45E\" data-image-description=\"\" data-image-caption=\"\" data-medium-file=\"https:\/\/i0.wp.com\/blogdalucianaoliveira.com.br\/blog\/wp-content\/uploads\/2021\/01\/F6DA15A0-7DAB-4E01-9773-3FA8D506F45E.jpeg?fit=300%2C152\" data-large-file=\"https:\/\/i0.wp.com\/blogdalucianaoliveira.com.br\/blog\/wp-content\/uploads\/2021\/01\/F6DA15A0-7DAB-4E01-9773-3FA8D506F45E.jpeg?fit=600%2C303\" src=\"https:\/\/i0.wp.com\/blogdalucianaoliveira.com.br\/blog\/wp-content\/uploads\/2021\/01\/F6DA15A0-7DAB-4E01-9773-3FA8D506F45E.jpeg?fit=600%2C303\" alt=\"\" class=\"wp-image-30688\" srcset=\"https:\/\/i0.wp.com\/blogdalucianaoliveira.com.br\/blog\/wp-content\/uploads\/2021\/01\/F6DA15A0-7DAB-4E01-9773-3FA8D506F45E.jpeg?w=1188 1188w, https:\/\/i0.wp.com\/blogdalucianaoliveira.com.br\/blog\/wp-content\/uploads\/2021\/01\/F6DA15A0-7DAB-4E01-9773-3FA8D506F45E.jpeg?resize=300%2C152 300w, https:\/\/i0.wp.com\/blogdalucianaoliveira.com.br\/blog\/wp-content\/uploads\/2021\/01\/F6DA15A0-7DAB-4E01-9773-3FA8D506F45E.jpeg?resize=1024%2C517 1024w, https:\/\/i0.wp.com\/blogdalucianaoliveira.com.br\/blog\/wp-content\/uploads\/2021\/01\/F6DA15A0-7DAB-4E01-9773-3FA8D506F45E.jpeg?resize=768%2C388 768w, https:\/\/i0.wp.com\/blogdalucianaoliveira.com.br\/blog\/wp-content\/uploads\/2021\/01\/F6DA15A0-7DAB-4E01-9773-3FA8D506F45E.jpeg?resize=594%2C300 594w\" sizes=\"auto, (max-width: 600px) 100vw, 600px\" \/><\/figure>\n\n\n\n<p><strong>247 &#8211;&nbsp;<\/strong>A inefic\u00e1cia do governo federal no combate \u00e0 pandemia resultou na multil\u00edca\u00e7\u00e3o dos pedidos de impeachment contra Jair Bolsonaro. Em dois anos de mandato, foram protocolados 61 pedidos de impeachment, sendo que apenas sete s\u00e3o anteriores ao m\u00eas de mar\u00e7o do ano passado, quando teve in\u00edcio a pandemia do novo coronav\u00edrus. &nbsp;<\/p>\n\n\n\n<!--more-->\n\n\n\n<p>Nos \u00faltimos dias, as falhas do governo associada a falta de oxig\u00eanio que levou a morte de pacientes internados em estado grave no Amazonas e no Par\u00e1 serviu de base para uma den\u00fancia coletiva que deve ser protocolada at\u00e9 o final desta semana. A den\u00fancia est\u00e1 sendo formulada pelo PT, PCdoB, Rede, PSB e PDT.\u00a0<br><\/p>\n\n\n\n<p>Segundo reportagem do jornal&nbsp;<a href=\"https:\/\/politica.estadao.com.br\/noticias\/geral,covid-multiplica-pedidos-de-impeachment,70003588631\">O Estado de S. Paulo<\/a>, existem 56 pedidos de impeachment contra Jair Bolsonaro parados na C\u00e2mara dos Deputados, al\u00e9m de outros cinco que foram arquivados. Ao todo, do pedidos de afastamento em aberto, 10 foram protocolados em maio do ano passado, 13 em abril e 14 em mar\u00e7o.&nbsp;<\/p>\n\n\n\n<p>Constam da lista 26 den\u00fancias contra Bolsonaro por participa\u00e7\u00e3o em atos antidemocr\u00e1ticos e de ataques as institui\u00e7\u00f5es . Outros 21 pedidos de afastamento est\u00e3o ligados as a\u00e7\u00f5es do ex-capit\u00e3o no combate \u00e0 pandemia. &nbsp;<\/p>\n","protected":false},"excerpt":{"rendered":"<p>247 &#8211;&nbsp;A inefic\u00e1cia do governo federal no combate \u00e0 pandemia resultou na multil\u00edca\u00e7\u00e3o dos pedidos de impeachment contra Jair Bolsonaro. Em dois anos de mandato, foram protocolados 61 pedidos de impeachment, sendo que apenas sete s\u00e3o anteriores ao m\u00eas de mar\u00e7o do ano passado, quando teve in\u00edcio a pandemia do novo coronav\u00edrus. &nbsp;<\/p>\n","protected":false},"author":1,"featured_media":0,"comment_status":"closed","ping_status":"open","sticky":false,"template":"","format":"standard","meta":{"_exactmetrics_skip_tracking":false,"_exactmetrics_sitenote_active":false,"_exactmetrics_sitenote_note":"","_exactmetrics_sitenote_category":0,"jetpack_post_was_ever_published":false,"_jetpack_newsletter_access":"","_jetpack_dont_email_post_to_subs":false,"_jetpack_newsletter_tier_id":0,"_jetpack_memberships_contains_paywalled_content":false,"_jetpack_memberships_contains_paid_content":false,"footnotes":"","jetpack_publicize_message":"","jetpack_publicize_feature_enabled":true,"jetpack_social_post_already_shared":true,"jetpack_social_options":{"image_generator_settings":{"template":"highway","enabled":false},"version":2}},"categories":[1],"tags":[],"class_list":["post-30687","post","type-post","status-publish","format-standard","hentry","category-notas"],"jetpack_publicize_connections":[],"jetpack_sharing_enabled":true,"jetpack_featured_media_url":"","jetpack_shortlink":"https:\/\/wp.me\/p7wKYW-7YX","jetpack-related-posts":[],"_links":{"self":[{"href":"http:\/\/blogdalucianaoliveira.com.br\/blog\/wp-json\/wp\/v2\/posts\/30687","targetHints":{"allow":["GET"]}}],"collection":[{"href":"http:\/\/blogdalucianaoliveira.com.br\/blog\/wp-json\/wp\/v2\/posts"}],"about":[{"href":"http:\/\/blogdalucianaoliveira.com.br\/blog\/wp-json\/wp\/v2\/types\/post"}],"author":[{"embeddable":true,"href":"http:\/\/blogdalucianaoliveira.com.br\/blog\/wp-json\/wp\/v2\/users\/1"}],"replies":[{"embeddable":true,"href":"http:\/\/blogdalucianaoliveira.com.br\/blog\/wp-json\/wp\/v2\/comments?post=30687"}],"version-history":[{"count":1,"href":"http:\/\/blogdalucianaoliveira.com.br\/blog\/wp-json\/wp\/v2\/posts\/30687\/revisions"}],"predecessor-version":[{"id":30689,"href":"http:\/\/blogdalucianaoliveira.com.br\/blog\/wp-json\/wp\/v2\/posts\/30687\/revisions\/30689"}],"wp:attachment":[{"href":"http:\/\/blogdalucianaoliveira.com.br\/blog\/wp-json\/wp\/v2\/media?parent=30687"}],"wp:term":[{"taxonomy":"category","embeddable":true,"href":"http:\/\/blogdalucianaoliveira.com.br\/blog\/wp-json\/wp\/v2\/categories?post=30687"},{"taxonomy":"post_tag","embeddable":true,"href":"http:\/\/blogdalucianaoliveira.com.br\/blog\/wp-json\/wp\/v2\/tags?post=30687"}],"curies":[{"name":"wp","href":"https:\/\/api.w.org\/{rel}","templated":true}]}}