{"id":30690,"date":"2021-01-21T10:34:40","date_gmt":"2021-01-21T14:34:40","guid":{"rendered":"http:\/\/blogdalucianaoliveira.com.br\/blog\/?p=30690"},"modified":"2021-01-21T10:34:47","modified_gmt":"2021-01-21T14:34:47","slug":"as-ameacas-contra-academicos-jornalistas-e-politicos-no-brasil-tem-nome-bolsoterrorismo","status":"publish","type":"post","link":"http:\/\/blogdalucianaoliveira.com.br\/blog\/2021\/01\/21\/as-ameacas-contra-academicos-jornalistas-e-politicos-no-brasil-tem-nome-bolsoterrorismo\/","title":{"rendered":"As amea\u00e7as contra acad\u00eamicos, jornalistas e pol\u00edticos no Brasil t\u00eam nome: bolsoterrorismo"},"content":{"rendered":"\n<figure class=\"wp-block-image size-large\"><img loading=\"lazy\" decoding=\"async\" width=\"1865\" height=\"1333\" data-attachment-id=\"30691\" data-permalink=\"http:\/\/blogdalucianaoliveira.com.br\/blog\/2021\/01\/21\/as-ameacas-contra-academicos-jornalistas-e-politicos-no-brasil-tem-nome-bolsoterrorismo\/f105617f-6224-48b8-bad2-deabaca2fdc5\/\" data-orig-file=\"https:\/\/i0.wp.com\/blogdalucianaoliveira.com.br\/blog\/wp-content\/uploads\/2021\/01\/F105617F-6224-48B8-BAD2-DEABACA2FDC5.jpeg?fit=1865%2C1333\" data-orig-size=\"1865,1333\" data-comments-opened=\"0\" data-image-meta=\"{&quot;aperture&quot;:&quot;0&quot;,&quot;credit&quot;:&quot;&quot;,&quot;camera&quot;:&quot;&quot;,&quot;caption&quot;:&quot;&quot;,&quot;created_timestamp&quot;:&quot;0&quot;,&quot;copyright&quot;:&quot;&quot;,&quot;focal_length&quot;:&quot;0&quot;,&quot;iso&quot;:&quot;0&quot;,&quot;shutter_speed&quot;:&quot;0&quot;,&quot;title&quot;:&quot;&quot;,&quot;orientation&quot;:&quot;0&quot;}\" data-image-title=\"F105617F-6224-48B8-BAD2-DEABACA2FDC5\" data-image-description=\"\" data-image-caption=\"\" data-medium-file=\"https:\/\/i0.wp.com\/blogdalucianaoliveira.com.br\/blog\/wp-content\/uploads\/2021\/01\/F105617F-6224-48B8-BAD2-DEABACA2FDC5.jpeg?fit=300%2C214\" data-large-file=\"https:\/\/i0.wp.com\/blogdalucianaoliveira.com.br\/blog\/wp-content\/uploads\/2021\/01\/F105617F-6224-48B8-BAD2-DEABACA2FDC5.jpeg?fit=600%2C429\" src=\"https:\/\/i0.wp.com\/blogdalucianaoliveira.com.br\/blog\/wp-content\/uploads\/2021\/01\/F105617F-6224-48B8-BAD2-DEABACA2FDC5.jpeg?fit=600%2C429\" alt=\"\" class=\"wp-image-30691\" srcset=\"https:\/\/i0.wp.com\/blogdalucianaoliveira.com.br\/blog\/wp-content\/uploads\/2021\/01\/F105617F-6224-48B8-BAD2-DEABACA2FDC5.jpeg?w=1865 1865w, https:\/\/i0.wp.com\/blogdalucianaoliveira.com.br\/blog\/wp-content\/uploads\/2021\/01\/F105617F-6224-48B8-BAD2-DEABACA2FDC5.jpeg?resize=300%2C214 300w, https:\/\/i0.wp.com\/blogdalucianaoliveira.com.br\/blog\/wp-content\/uploads\/2021\/01\/F105617F-6224-48B8-BAD2-DEABACA2FDC5.jpeg?resize=1024%2C732 1024w, https:\/\/i0.wp.com\/blogdalucianaoliveira.com.br\/blog\/wp-content\/uploads\/2021\/01\/F105617F-6224-48B8-BAD2-DEABACA2FDC5.jpeg?resize=768%2C549 768w, https:\/\/i0.wp.com\/blogdalucianaoliveira.com.br\/blog\/wp-content\/uploads\/2021\/01\/F105617F-6224-48B8-BAD2-DEABACA2FDC5.jpeg?resize=1536%2C1098 1536w, https:\/\/i0.wp.com\/blogdalucianaoliveira.com.br\/blog\/wp-content\/uploads\/2021\/01\/F105617F-6224-48B8-BAD2-DEABACA2FDC5.jpeg?resize=420%2C300 420w, https:\/\/i0.wp.com\/blogdalucianaoliveira.com.br\/blog\/wp-content\/uploads\/2021\/01\/F105617F-6224-48B8-BAD2-DEABACA2FDC5.jpeg?w=1200 1200w, https:\/\/i0.wp.com\/blogdalucianaoliveira.com.br\/blog\/wp-content\/uploads\/2021\/01\/F105617F-6224-48B8-BAD2-DEABACA2FDC5.jpeg?w=1800 1800w\" sizes=\"auto, (max-width: 600px) 100vw, 600px\" \/><\/figure>\n\n\n\n<p>Ataques terroristas n\u00e3o s\u00e3o sin\u00f4nimo do 11 de Setembro. O Brasil sob Bolsonaro acumula exemplos de terrorismo de extrema direita com amea\u00e7as contra a vida. O legislativo precisa dar uma resposta a isso.<\/p>\n\n\n\n<!--more-->\n\n\n\n<p>The Intercept, por <a href=\"https:\/\/theintercept.com\/equipe\/joao-raphael-da-silva\/\">Jo\u00e3o Raphael da Silva<\/a><\/p>\n\n\n\n<p><br><\/p>\n\n\n\n<p>PARA MUITOS BRASILEIROS,\u00a0<a rel=\"noreferrer noopener\" href=\"https:\/\/archive.nytimes.com\/www.nytimes.com\/packages\/html\/nyregion\/9-11imagemap.html?mcubz\" target=\"_blank\">o 11 de Setembro<\/a>\u00a0nos Estados Unidos simboliza o que \u00e9 terrorismo. Mas essa concep\u00e7\u00e3o est\u00e1 desatualizada. Estudiosos da \u00e1rea est\u00e3o de olho, h\u00e1 algum tempo, no decl\u00ednio gradual do terrorismo com motiva\u00e7\u00f5es alegadamente religiosas, como nos casos dos ataques da al-Qaeda e do Estado Isl\u00e2mico. Paralelamente, surge o que pode vir a se consolidar como\u00a0<a rel=\"noreferrer noopener\" href=\"https:\/\/www.jstor.org\/stable\/26918302\" target=\"_blank\">uma onda global de terrorismo de extrema direita<\/a>, que assola o Brasil sob o governo Bolsonaro.<\/p>\n\n\n\n<p>Jornalistas, pesquisadores, produtores de conte\u00fado e opositores do governo encabe\u00e7am a lista de alvos. Identitariamente, eles s\u00e3o negros, mulheres e a comunidade LGBTQIA+. Para al\u00e9m da constata\u00e7\u00e3o do problema, a\u00e7\u00f5es legislativas precisam ser tomadas urgentemente.<\/p>\n\n\n\n<p>Apesar de n\u00e3o haver um consenso sobre o que \u00e9 terrorismo, v\u00e1rios especialistas concordam que se trata do\u00a0<em>uso ou da amea\u00e7a do uso da viol\u00eancia<\/em>\u00a0motivados por uma s\u00e9rie de elementos que s\u00e3o explorados politicamente. Esse \u00e9 o mesmo entendimento utilizado pelo Center for Strategic and International Studies<em>, o CSIS,<\/em><a rel=\"noreferrer noopener\" href=\"https:\/\/guides.library.upenn.edu\/c.php?g=1035991&amp;p=7509974\" target=\"_blank\">o melhor think-tank americano e um dos melhores do mundo<\/a>, em seu \u00faltimo\u00a0<a rel=\"noreferrer noopener\" href=\"https:\/\/csis-website-prod.s3.amazonaws.com\/s3fs-public\/publication\/200612_Jones_DomesticTerrorism_v6.pdf\" target=\"_blank\">estudo<\/a>\u00a0sobre terrorismo nos Estados Unidos. Segundo o CSIS, houve 893 ocorr\u00eancias terroristas entre 1994 e 2020, mas apenas 15% delas tiveram motiva\u00e7\u00f5es religiosas. Terrorismo de extrema esquerda contabiliza 25% das ocorr\u00eancias, enquanto o de extrema direita abrange 57% dos casos.<\/p>\n\n\n\n<p>Parafraseando Bolsonaro quando descreveu um livro como&nbsp;<a href=\"https:\/\/hashtag.blogfolha.uol.com.br\/2020\/01\/06\/2020-o-ano-em-que-livro-virou-um-montao-de-amontoado-de-muita-coisa-escrita\/\" target=\"_blank\" rel=\"noreferrer noopener\">\u201cum mont\u00e3o de amontoado de muita coisa escrita\u201d<\/a>,&nbsp;<a href=\"https:\/\/doi.org\/10.1111\/j.1475-6765.1995.tb00636.x\" target=\"_blank\" rel=\"noreferrer noopener\">a extrema direita<\/a>pode ser entendida como a politiza\u00e7\u00e3o de um mont\u00e3o de amontoado de muitas avers\u00f5es, discrimina\u00e7\u00f5es, preconceitos, \u00f3dios com toques de autoritarismo e nacionalismo, que se tornam terrorismo ao motivar&nbsp;<em>o uso<\/em>&nbsp;<em>ou a amea\u00e7a do uso da viol\u00eancia<\/em>. Existem v\u00e1rios exemplos disso no Brasil atual.<\/p>\n\n\n\n<p>Professora, pesquisadora e ativista pela descriminaliza\u00e7\u00e3o do aborto, Debora Diniz&nbsp;<a href=\"https:\/\/brasil.elpais.com\/brasil\/2019\/02\/22\/politica\/1550871025_250666.html\" target=\"_blank\" rel=\"noreferrer noopener\">recebeu<\/a>&nbsp;a seguinte mensagem: \u201cQuem disse que meu objetivo \u00e9 te ofender? Eu vou te matar! Matar, vadia! Entendeu?\u201d Note que quem escreveu essa amea\u00e7a escolheu n\u00e3o se limitar a ser machista e\/ou mis\u00f3gino, mas tamb\u00e9m tentou aterroriz\u00e1-la. Ao El Pa\u00eds, Diniz&nbsp;<a href=\"https:\/\/brasil.elpais.com\/brasil\/2018\/12\/15\/politica\/1544829470_991854.html\" target=\"_blank\" rel=\"noreferrer noopener\">declarou<\/a>:<\/p>\n\n\n\n<blockquote class=\"wp-block-quote is-layout-flow wp-block-quote-is-layout-flow\"><p>\u201cChegaram ao ponto de cogitar um massacre na universidade caso eu continuasse dando aulas. A estrat\u00e9gia desse&nbsp;<em>terror<\/em>&nbsp;\u00e9 a covardia da d\u00favida. N\u00e3o sabemos se s\u00e3o apenas bravateiros. H\u00e1 o risco do efeito de cont\u00e1gio, de algu\u00e9m de fora do circuito concretizar a&nbsp;<em>amea\u00e7a<\/em>, j\u00e1 que&nbsp;<em>os agressores incitam viol\u00eancia e \u00f3dio<\/em>&nbsp;contra mim a todo o momento\u201d.<\/p><\/blockquote>\n\n\n\n<p>Diniz n\u00e3o estava exagerando. Em 2015, Robert Lewis Dear dizia querer proteger a vida de beb\u00eas quando entrou na cl\u00ednica especializada em sa\u00fade sexual e reprodutiva&nbsp;<em>Planned Parenthood<\/em>&nbsp;no Colorado, Estados Unidos, e atirou em diversas pessoas que acompanhavam pacientes.&nbsp;<a href=\"https:\/\/www.nytimes.com\/2015\/11\/28\/us\/colorado-planned-parenthood-shooting.html\" target=\"_blank\" rel=\"noreferrer noopener\">Tr\u00eas pessoas morreram<\/a>&nbsp;e, acredite se quiser,&nbsp;<a href=\"https:\/\/www.nytimes.com\/interactive\/2015\/11\/29\/us\/30abortion-clinic-violence.html\" target=\"_blank\" rel=\"noreferrer noopener\">esse n\u00e3o havia sido o primeiro caso do tipo<\/a>.<\/p>\n\n\n\n<p>No Brasil, onde cerca de\u00a0<a rel=\"noreferrer noopener\" href=\"https:\/\/soudapaz.org\/noticias\/fantastico-e-g1-levantamento-inedito-sete-em-cada-dez-homicidios-no-brasil-ficam-sem-solucao\/\" target=\"_blank\">70% dos homic\u00eddios n\u00e3o s\u00e3o solucionados<\/a>, amea\u00e7as de morte bastam para aterrorizar as v\u00edtimas. N\u00e3o surpreendentemente, Diniz\u00a0<a rel=\"noreferrer noopener\" href=\"https:\/\/oglobo.globo.com\/sociedade\/ameacada-de-morte-antropologa-debora-diniz-diz-que-hora-de-discutir-aborto-no-brasil-23761500\" target=\"_blank\">deixou o Brasil em 2018<\/a>. A lista segue com outros exilados acad\u00eamicos. Ilona Szab\u00f3, presidente do Instituto Igarap\u00e9, tamb\u00e9m\u00a0<a rel=\"noreferrer noopener\" href=\"https:\/\/www.uol.com.br\/ecoa\/reportagens-especiais\/ilona-szabo-nao-e-nem-de-direita-nem-de-esquerda-e-busca-nova-politica\/#page4\" target=\"_blank\">deixou o Brasil<\/a>. Recebendo um volume crescente de amea\u00e7as de morte desde 2017, Szab\u00f3\u00a0<a rel=\"noreferrer noopener\" href=\"https:\/\/istoe.com.br\/mudei-de-pais-depois-de-sofrer-de-ataques-diz-ilona-szabo-cientista-politica-nomeada-por-sergio-moro\/\" target=\"_blank\">chegou a ser mencionada<\/a>, em tom depreciativo, por Bolsonaro, que a chamou de \u201cabortista\u201d, durante o seu discurso sobre a sa\u00edda de Sergio Moro do cargo de ministro da Justi\u00e7a.<\/p>\n\n\n\n<p>David Nemer, professor assistente da Universidade da Virg\u00ednia, EUA, e pesquisador de grupos de WhatsApp bolsonaristas, precisou encurtar sua \u00faltima visita ao Brasil ao&nbsp;<a href=\"https:\/\/noticias.uol.com.br\/politica\/ultimas-noticias\/2019\/12\/17\/pesquisador-do-whatsapp-bolsonarista-relata-ameaca-e-foge-do-brasil.htm\" target=\"_blank\" rel=\"noreferrer noopener\">receber uma amea\u00e7a por e-mail em 2019<\/a>. Alguns meses depois, ap\u00f3s conceder uma&nbsp;<a href=\"https:\/\/www.uol.com.br\/tilt\/noticias\/redacao\/2020\/07\/13\/parler-rede-social-adotada-por-bolsonaro-deixa-espaco-para-desinformacao.htm\" target=\"_blank\" rel=\"noreferrer noopener\">entrevista sobre o Parler<\/a>, uma rede social que vem sendo amplamente utilizada pela extrema direita mundialmente, Nemer recebeu a mensagem:&nbsp;<a href=\"https:\/\/noticias.uol.com.br\/colunas\/chico-alves\/2020\/07\/16\/professor-brasileiro-nos-eua-denuncia-ao-fbi-ameaca-nas-redes-sociais.htm\" target=\"_blank\" rel=\"noreferrer noopener\">\u201cO esquerdista tem fam\u00edlia no Brasil, n\u00e9?\u201d<\/a>. Fotos de armas e muni\u00e7\u00f5es acompanhavam a amea\u00e7a.<\/p>\n\n\n\n<p>Diniz, Szab\u00f3 e Nemer aumentam um n\u00famero que costumava ser discreto. Fundada em 1999, a Acad\u00eamicos em Risco, uma rede que busca proteger acad\u00eamicos e sua liberdade, havia recebido apenas quatro pedidos de socorro de acad\u00eamicos brasileiros em quase duas d\u00e9cadas de exist\u00eancia. Desde as \u00faltimas elei\u00e7\u00f5es presidenciais,&nbsp;<a href=\"https:\/\/www.dw.com\/pt-br\/relat%C3%B3rio-aponta-s%C3%A9rio-risco-%C3%A0-liberdade-acad%C3%AAmica-no-brasil\/a-54993042\" target=\"_blank\" rel=\"noreferrer noopener\">o n\u00famero subiu para 48<\/a>.<\/p>\n\n\n\n<p>Youtubers s\u00e3o um outro alvo do terrorismo de extrema direita. H\u00e1 cerca de um ano, o canal humor\u00edstico do YouTube Porta dos Fundos lan\u00e7ou o seu Especial de Natal:&nbsp;<a href=\"https:\/\/www.youtube.com\/watch?v=XP9lX27D4Vo\" target=\"_blank\" rel=\"noreferrer noopener\">A Primeira Tenta\u00e7\u00e3o de Cristo<\/a>, no qual Jesus Cristo, personagem de Greg\u00f3rio Duvivier, tem uma rela\u00e7\u00e3o amorosa com Orlando, Fabio Porchat, e Deus, Antonio Tabet, \u00e9 amante de Maria, Evelyn Castro. Descontente com o enredo, o Comando de Insurg\u00eancia Popular Nacionalista, o CIPN, grupo com supostas conex\u00f5es com a Frente Integralista Brasileira, a FIB, e que&nbsp;<a href=\"https:\/\/ponte.org\/grupo-de-extrema-direita-rouba-bandeiras-antifascistas-de-universidade-federal\/\" target=\"_blank\" rel=\"noreferrer noopener\">havia roubado e queimado bandeiras anti-fascistas da Universidade Federal do Estado do Rio de Janeiro em dezembro de 2018<\/a>, atacou a sede da produtora com coquet\u00e9is Molotov alguns dias depois do lan\u00e7amento do Especial de Natal.<\/p>\n\n\n\n<p>Em seu&nbsp;<a href=\"https:\/\/www.youtube.com\/watch?v=3h0cDbFOmzQ&amp;feature=emb_logo\" target=\"_blank\" rel=\"noreferrer noopener\">pronunciamento<\/a>, no qual reclama a autoria do ataque, o CIPN apresenta elementos de discrimina\u00e7\u00e3o, preconceito religioso e \u00f3dio contra a comunidade LGBTQIA+. Amea\u00e7as motivadas pelo mesmo \u00f3dio haviam levado a m\u00e3e do youtuber Felipe Neto a&nbsp;<a href=\"https:\/\/veja.abril.com.br\/cultura\/felipe-neto-relata-ameacas-ja-tirei-minha-mae-do-brasil\/\" target=\"_blank\" rel=\"noreferrer noopener\">deixar o Brasil naquele mesmo ano<\/a>. Em resposta a uma&nbsp;<a href=\"https:\/\/www1.folha.uol.com.br\/ilustrada\/2019\/09\/marcelo-crivella-manda-censurar-gibis-dos-vingadores-na-bienal-do-livro-no-rio.shtml\" target=\"_blank\" rel=\"noreferrer noopener\">tentativa de censura<\/a>&nbsp;do ex-prefeito do Rio de Janeiro Marcelo Crivella, o youtuber havia&nbsp;<a href=\"https:\/\/entretenimento.uol.com.br\/noticias\/redacao\/2019\/09\/06\/felipe-neto-distribuira-10-mil-livros-de-tematica-lgbt-e-critica-crivella.htm\" target=\"_blank\" rel=\"noreferrer noopener\">comprado e distribu\u00eddo<\/a>&nbsp;14 mil livros com a tem\u00e1tica LGBTQIA+ h\u00e1 poucos dias.<\/p>\n\n\n\n<p>No come\u00e7o de 2020, a Band, o Grupo Globo e o jornal Folha de S.Paulo&nbsp;<a href=\"https:\/\/istoe.com.br\/por-falta-de-seguranca-globo-folha-e-band-suspendem-cobertura-no-alvorada\/\" target=\"_blank\" rel=\"noreferrer noopener\">suspenderam<\/a>&nbsp;a cobertura na sa\u00edda do Pal\u00e1cio da Alvorada devido a preocupa\u00e7\u00f5es com a seguran\u00e7a de seus rep\u00f3rteres, evidenciando o clima de clara amea\u00e7a \u00e0 seguran\u00e7a da categoria.<\/p>\n\n\n\n<p>Uma jornalista acostumada a cobrir cen\u00e1rios de guerra como a S\u00edria, Patr\u00edcia Campos Mello, da Folha de S.Paulo, precisou de escolta privada depois de&nbsp;<a href=\"https:\/\/www1.folha.uol.com.br\/poder\/2018\/10\/folha-pede-que-policia-federal-investigue-ameacas-a-profissionais.shtml\" target=\"_blank\" rel=\"noreferrer noopener\">receber mensagens e liga\u00e7\u00f5es de pessoas que amea\u00e7aram agredi-la<\/a>. Depois da publica\u00e7\u00e3o da s\u00e9rie de reportagens da&nbsp;<a href=\"https:\/\/theintercept.com\/2020\/01\/20\/linha-do-tempo-vaza-jato\/\" target=\"_blank\" rel=\"noreferrer noopener\">Vaza Jato<\/a>, o jornalista Glenn Greenwald e o seu marido, o deputado federal David Miranda, do PSOL,&nbsp;<a href=\"https:\/\/www1.folha.uol.com.br\/poder\/2019\/06\/marido-de-greenwald-deputado-david-miranda-relata-ameacas-de-morte-a-pf.shtml\" target=\"_blank\" rel=\"noreferrer noopener\">receberam<\/a>&nbsp;amea\u00e7as grav\u00edssimas. Por exemplo:<\/p>\n\n\n\n<p>\u201cIremos pegar as crian\u00e7as depois da escola atrav\u00e9s de um Uber, vamos tortur\u00e1-las a\u00ed no Jacarezinho! Depois de estupr\u00e1-las com nossos consolos, finalizando com esquartejamento dos corpos, iremos espalhar os peda\u00e7os das bichas-mirins por toda a \u2018comunidade\u2019\u201d.<\/p>\n\n\n\n<p>Enquanto o caso de Campos Mello \u00e9 permeado por sexismo e misoginia, no caso de Greenwald e Miranda h\u00e1 algo velado a ser observado: a condi\u00e7\u00e3o de estrangeiro de Greenwald acrescenta uma nuance xen\u00f3foba e nacionalista \u00e0s amea\u00e7as, componentes caracter\u00edsticos da extrema direita.<\/p>\n\n\n\n<p>Segundo a Federa\u00e7\u00e3o Nacional dos Jornalistas, a Fenaj,&nbsp;<a href=\"https:\/\/fenaj.org.br\/wp-content\/uploads\/2020\/01\/relatorio_fenaj_2019.pdf\" target=\"_blank\" rel=\"noreferrer noopener\">o n\u00famero de agress\u00f5es \u00e0 classe aumentou em 54% entre 2018 e 2019<\/a>. No Ranking Mundial de Liberdade de Imprensa, o Brasil&nbsp;<a href=\"https:\/\/rsf.org\/en\/brazil\" target=\"_blank\" rel=\"noreferrer noopener\">caiu duas posi\u00e7\u00f5es em 2019<\/a>.<\/p>\n\n\n\n<p>Quanto aos que se apresentam como oposi\u00e7\u00e3o ao governo Bolsonaro, a situa\u00e7\u00e3o n\u00e3o \u00e9 menos aterrorizante. O senador Fabiano Contarato, da Rede,&nbsp;<a href=\"https:\/\/theintercept.com\/2020\/01\/07\/entrevista-fabiano-contarato\/\" target=\"_blank\" rel=\"noreferrer noopener\">declarou<\/a>&nbsp;ao&nbsp;<strong>Intercept<\/strong>: \u201cCom 27 anos na pol\u00edcia, s\u00f3 recebi amea\u00e7a de morte depois do embate com Moro\u201d. Foram amea\u00e7as de morte que levaram o ent\u00e3o deputado federal Jean Wyllys, do PSOL, a&nbsp;<a href=\"https:\/\/www1.folha.uol.com.br\/poder\/2019\/01\/com-medo-de-ameacas-jean-wyllys-do-psol-desiste-de-mandato-e-deixa-o-brasil.shtml?fbclid=IwAR2xaObsE9yajyVP36wFqkE-yN5EqlElc2rwSE5AGv_FbnhL3nED3_4W7tY\" target=\"_blank\" rel=\"noreferrer noopener\">abrir m\u00e3o de seu terceiro mandato e deixar o Brasil em 2019<\/a>. Poucas semanas depois, a candidata ao governo do estado do Rio em 2018 pelo PT, Marcia Tiburi,&nbsp;<a href=\"https:\/\/valor.globo.com\/politica\/noticia\/2019\/03\/11\/marcia-tiburi-relata-ameacas-e-deixa-o-pais.ghtml\" target=\"_blank\" rel=\"noreferrer noopener\">deixou o pa\u00eds pelo mesmo motivo<\/a>.<\/p>\n\n\n\n<p>Jornalistas temendo por sua seguran\u00e7a, acad\u00eamicos e opositores pol\u00edticos deixando o Brasil. Em alguma medida, o momento atual se conecta a um passado recente. Na \u00faltima d\u00e9cada da ditadura militar, grupos como a Vanguarda de Ca\u00e7a aos Comunistas, a VCC; o Comando de Ca\u00e7a aos Comunistas, o CCC; o Comando Delta, o CD; e a Falange P\u00e1tria Nova, a FPN,&nbsp;<a href=\"https:\/\/www.metropoles.com\/brasil\/politica-brasil\/exclusivo-sni-registrou-terrorismo-da-direita-de-1978-a-1987\" target=\"_blank\" rel=\"noreferrer noopener\">conduziram quase 200 ataques terroristas de extrema direita<\/a>.<\/p>\n\n\n\n<p>Como a minha negritude antecede o meu saber acad\u00eamico, por essa coisa de pele e consci\u00eancia, me revolta saber que nem todos os alvos ter\u00e3o recursos para deixar o Brasil ou tempo para solicitar uma escolta privada. O Mestre de Capoeira Moa do Katend\u00ea&nbsp;<a href=\"https:\/\/g1.globo.com\/ba\/bahia\/noticia\/2018\/10\/17\/investigacao-policial-conclui-que-morte-de-moa-do-katende-foi-motivada-por-briga-politica-inquerito-foi-enviado-ao-mp.ghtml\" target=\"_blank\" rel=\"noreferrer noopener\">n\u00e3o teve tempo<\/a>. Segundo uma&nbsp;<a href=\"https:\/\/www.violenciapolitica.org\/violencias\" target=\"_blank\" rel=\"noreferrer noopener\">pesquisa<\/a>&nbsp;com mulheres negras que se comprometeram com a&nbsp;<a href=\"https:\/\/www.agendamarielle.com\/\" target=\"_blank\" rel=\"noreferrer noopener\">Agenda Marielle Franco<\/a>, 20,72% receberam coment\u00e1rios ou mensagens machistas, 18% receberam coment\u00e1rios ou mensagens racistas e 1,8% receberam coment\u00e1rios ou mensagens LGBTQIA+f\u00f3bicos.<\/p>\n\n\n\n<p>Em novembro,\u00a0<a rel=\"noreferrer noopener\" href=\"https:\/\/www.agendamarielle.com\/eleitas\" target=\"_blank\">milhares de pessoas elegeram dezenas de signat\u00e1rias da Agenda Marielle Franco por todo o Brasil<\/a>. Algumas delas se tornaram alvo antes mesmo de assumir os seus cargos, como Carol Dartora, do PT, a primeira vereadora negra eleita em Curitiba, e Duda Salabert, do PDT, a primeira vereadora transexual eleita em Belo Horizonte.<\/p>\n\n\n\n<figure class=\"wp-block-embed-twitter wp-block-embed is-type-rich is-provider-twitter\"><div class=\"wp-block-embed__wrapper\">\n<blockquote class=\"twitter-tweet\" data-width=\"550\" data-dnt=\"true\"><p lang=\"pt\" dir=\"ltr\">URGENTE<br><br>Acabo de receber amea\u00e7as de morte.<br><br>As autoridades ja foram contatadas e todas as provid\u00eancias est\u00e3o sendo tomadas para que seja garantida minha seguran\u00e7a  e da minha equipe.<br><br>Eles combinaram de nos matar, combinamos de ocupar tudo! <a href=\"https:\/\/t.co\/WqeHn2ZnlR\">pic.twitter.com\/WqeHn2ZnlR<\/a><\/p>&mdash; Carol Dartora (@caroldartora13) <a href=\"https:\/\/twitter.com\/caroldartora13\/status\/1335604823551520768?ref_src=twsrc%5Etfw\">December 6, 2020<\/a><\/blockquote><script async src=\"https:\/\/platform.twitter.com\/widgets.js\" charset=\"utf-8\"><\/script>\n<\/div><\/figure>\n\n\n\n<figure class=\"wp-block-embed-twitter wp-block-embed is-type-rich is-provider-twitter\"><div class=\"wp-block-embed__wrapper\">\n<blockquote class=\"twitter-tweet\" data-width=\"550\" data-dnt=\"true\"><p lang=\"pt\" dir=\"ltr\">Estou sofrendo amea\u00e7as de morte. Ontem recebi esse e-mail. E pior: o grupo odioso enviou esse mesmo email para a escola em que trabalho e para os donos e para a dire\u00e7\u00e3o da escola. \u00c9 uma estrat\u00e9gia n\u00e3o s\u00f3 para me intimidar, como tamb\u00e9m para for\u00e7ar que a escola me demita. <a href=\"https:\/\/t.co\/FaayymIjin\">pic.twitter.com\/FaayymIjin<\/a><\/p>&mdash; Duda Salabert (@DudaSalabert) <a href=\"https:\/\/twitter.com\/DudaSalabert\/status\/1334877124474376194?ref_src=twsrc%5Etfw\">December 4, 2020<\/a><\/blockquote><script async src=\"https:\/\/platform.twitter.com\/widgets.js\" charset=\"utf-8\"><\/script>\n<\/div><\/figure>\n\n\n\n<p>Juridicamente, a&nbsp;<a href=\"http:\/\/www.planalto.gov.br\/ccivil_03\/_ato2015-2018\/2016\/lei\/l13260.htm\" target=\"_blank\" rel=\"noreferrer noopener\">Lei Antiterrorismo&nbsp;<\/a>\u00e9 de pouqu\u00edssima utilidade. Ela se originou na press\u00e3o do Grupo de A\u00e7\u00e3o Financeira Internacional, o Gafi,&nbsp; organismo que delibera medidas que previnam organiza\u00e7\u00f5es como a al-Qaeda de conseguir dinheiro para a\u00e7\u00f5es como as do 11 de Setembro. Promulgada pela ex-presidenta Dilma Rousseff, a lei estabeleceu que atos terroristas s\u00e3o motivados por \u201c[\u2026] xenofobia, discrimina\u00e7\u00e3o ou preconceito de ra\u00e7a, cor, etnia e religi\u00e3o, quando cometidos com a finalidade de provocar terror social ou generalizado, expondo a perigo pessoa, patrim\u00f4nio, a paz p\u00fablica ou a incolumidade p\u00fablica.\u201d<\/p>\n\n\n\n<p>Al\u00e9m de termos vagos que amea\u00e7am o direito de protestar, a lei precisa ser revista. Nesse sentido, o Brasil pode aprender como a versatilidade dos governos estrangeiros. Aqui no Reino Unido, onde\u00a0<a rel=\"noreferrer noopener\" href=\"https:\/\/www.theguardian.com\/uk-news\/2019\/sep\/19\/fastest-growing-uk-terrorist-threat-is-from-far-right-say-police\" target=\"_blank\">o terrorismo de extrema direita cresce em uma velocidade alarmante<\/a>, legislou-se pelo menos sete vezes sobre o tema nas \u00faltimas duas d\u00e9cadas. Entre os assuntos, estavam em pauta a defini\u00e7\u00e3o de terrorismo no\u00a0<a rel=\"noreferrer noopener\" href=\"https:\/\/www.legislation.gov.uk\/ukpga\/2000\/11\/contents\" target=\"_blank\">Terrorism Act 2000<\/a>\u00a0e adapta\u00e7\u00f5es \u00e0 era digital no\u00a0<a rel=\"noreferrer noopener\" href=\"https:\/\/www.legislation.gov.uk\/ukpga\/2019\/3\/contents\" target=\"_blank\">Counter-Terrorism and Border Security Act 2019<\/a>. Na\u00a0<a rel=\"noreferrer noopener\" href=\"https:\/\/www.legislation.gov.uk\/ukpga\/2000\/11\/section\/1\" target=\"_blank\">Se\u00e7\u00e3o 1 (C)<\/a>\u00a0do Terrorism Act 2000, por exemplo, a \u201camea\u00e7a\u201d \u00e9 explicitamente colocada como um elemento constitutivo do terrorismo.<\/p>\n\n\n\n<p>Nos \u00faltimos anos, a Divis\u00e3o Antiterrorismo do Minist\u00e9rio P\u00fablico da Coroa Brit\u00e2nica&nbsp;<a href=\"https:\/\/www.cps.gov.uk\/crime-info\/terrorism\/counter-terrorism-division-crown-prosecution-service-cps-successful-prosecutions-2016\" target=\"_blank\" rel=\"noreferrer noopener\">prendeu<\/a>&nbsp;diversos usu\u00e1rios do Facebook e do Twitter que postaram amea\u00e7as de viol\u00eancia contra grupos definidos de acordo com a ra\u00e7a, religi\u00e3o e\/ou orienta\u00e7\u00e3o sexual de seus componentes. Contudo, utilizou-se o&nbsp;<a href=\"https:\/\/www.legislation.gov.uk\/ukpga\/1986\/64\/contents\" target=\"_blank\" rel=\"noreferrer noopener\">Public Order Act 1986<\/a>&nbsp;para condenar os acusados. Racismo, discrimina\u00e7\u00e3o e preconceito religioso s\u00e3o elementos presentes tanto no Terrorismo Act 2000 quanto no Public Order Act 1986 \u2013 por\u00e9m, apenas o \u00faltimo trata de discrimina\u00e7\u00e3o e preconceito de orienta\u00e7\u00e3o sexual, uma transgress\u00e3o presente em algumas das acusa\u00e7\u00f5es.<\/p>\n\n\n\n<p>A Lei Antiterrorismo precisa ser atualizada para acrescentar a amea\u00e7a do uso da viol\u00eancia, as discrimina\u00e7\u00f5es e preconceito de orienta\u00e7\u00e3o sexual e g\u00eanero, al\u00e9m de eliminar os termos vagos. Mas toda altera\u00e7\u00e3o deve ser acompanhada de debates com pluralidade, envolvendo ONGs e entidades como a Conectas, a Coaliz\u00e3o Negra por Direitos, as M\u00e3es de Maio, Instituto Marielle Franco, Instituto Patr\u00edcia Galv\u00e3o, Themis e outros membros da sociedade civil.<\/p>\n\n\n\n<p>Pode ser que n\u00e3o tenhamos que esperar tanto para que esses debates ocorram. No apagar das luzes de 2020, o presidente da C\u00e2mara, Rodrigo Maia, estabeleceu uma c<a href=\"https:\/\/oabce.org.br\/wp-content\/uploads\/2020\/12\/C%C3%A2mara-dos-Deputados-Comiss%C3%A3o-de-Juristas-DCD-18.12.20201.pdf\" target=\"_blank\" rel=\"noreferrer noopener\">omiss\u00e3o de juristas para avaliar e propor dispositivos legais para lidar com o racismo<\/a>. Por se tratar de uma viol\u00eancia pol\u00edtica que operacionaliza, dentre outras discrimina\u00e7\u00f5es, o racismo, tor\u00e7o para que o terrorismo de extrema direita possa ser pautado pela Comiss\u00e3o, assim como a aplicabilidade da Lei Antiterrorismo.<\/p>\n\n\n\n<p>Aos que recha\u00e7am debater o assunto porque ativistas como Angela Davis e Nelson Mandela foram tachados como terroristas, trago uma novidade: sua aus\u00eancia do debate n\u00e3o o eliminar\u00e1. Bolsonaristas utilizam o termo como um recurso discursivo sem qualquer cerim\u00f4nia e devem continuar. Progressistas, liberais ou como queiram ser chamados, n\u00e3o podem se abster de colocar esse debate na pauta. Caso contr\u00e1rio, o Brasil sucumbir\u00e1 ao bolsoterrorismo, nome que utilizo para acusar nada al\u00e9m do atual&nbsp;<em>zeitgeist<\/em>, que n\u00e3o come\u00e7ou quando Bolsonaro se tornou presidente da Rep\u00fablica nem terminar\u00e1 quando ele deixar de ocupar o cargo.<\/p>\n","protected":false},"excerpt":{"rendered":"<p>Ataques terroristas n\u00e3o s\u00e3o sin\u00f4nimo do 11 de Setembro. O Brasil sob Bolsonaro acumula exemplos de terrorismo de extrema direita com amea\u00e7as contra a vida. O legislativo precisa dar uma resposta a isso.<\/p>\n","protected":false},"author":1,"featured_media":0,"comment_status":"closed","ping_status":"open","sticky":false,"template":"","format":"standard","meta":{"_exactmetrics_skip_tracking":false,"_exactmetrics_sitenote_active":false,"_exactmetrics_sitenote_note":"","_exactmetrics_sitenote_category":0,"jetpack_post_was_ever_published":false,"_jetpack_newsletter_access":"","_jetpack_dont_email_post_to_subs":false,"_jetpack_newsletter_tier_id":0,"_jetpack_memberships_contains_paywalled_content":false,"_jetpack_memberships_contains_paid_content":false,"footnotes":"","jetpack_publicize_message":"","jetpack_publicize_feature_enabled":true,"jetpack_social_post_already_shared":true,"jetpack_social_options":{"image_generator_settings":{"template":"highway","enabled":false},"version":2}},"categories":[1],"tags":[],"class_list":["post-30690","post","type-post","status-publish","format-standard","hentry","category-notas"],"jetpack_publicize_connections":[],"jetpack_sharing_enabled":true,"jetpack_featured_media_url":"","jetpack_shortlink":"https:\/\/wp.me\/p7wKYW-7Z0","jetpack-related-posts":[],"_links":{"self":[{"href":"http:\/\/blogdalucianaoliveira.com.br\/blog\/wp-json\/wp\/v2\/posts\/30690","targetHints":{"allow":["GET"]}}],"collection":[{"href":"http:\/\/blogdalucianaoliveira.com.br\/blog\/wp-json\/wp\/v2\/posts"}],"about":[{"href":"http:\/\/blogdalucianaoliveira.com.br\/blog\/wp-json\/wp\/v2\/types\/post"}],"author":[{"embeddable":true,"href":"http:\/\/blogdalucianaoliveira.com.br\/blog\/wp-json\/wp\/v2\/users\/1"}],"replies":[{"embeddable":true,"href":"http:\/\/blogdalucianaoliveira.com.br\/blog\/wp-json\/wp\/v2\/comments?post=30690"}],"version-history":[{"count":1,"href":"http:\/\/blogdalucianaoliveira.com.br\/blog\/wp-json\/wp\/v2\/posts\/30690\/revisions"}],"predecessor-version":[{"id":30692,"href":"http:\/\/blogdalucianaoliveira.com.br\/blog\/wp-json\/wp\/v2\/posts\/30690\/revisions\/30692"}],"wp:attachment":[{"href":"http:\/\/blogdalucianaoliveira.com.br\/blog\/wp-json\/wp\/v2\/media?parent=30690"}],"wp:term":[{"taxonomy":"category","embeddable":true,"href":"http:\/\/blogdalucianaoliveira.com.br\/blog\/wp-json\/wp\/v2\/categories?post=30690"},{"taxonomy":"post_tag","embeddable":true,"href":"http:\/\/blogdalucianaoliveira.com.br\/blog\/wp-json\/wp\/v2\/tags?post=30690"}],"curies":[{"name":"wp","href":"https:\/\/api.w.org\/{rel}","templated":true}]}}