{"id":30693,"date":"2021-01-21T16:41:05","date_gmt":"2021-01-21T20:41:05","guid":{"rendered":"http:\/\/blogdalucianaoliveira.com.br\/blog\/?p=30693"},"modified":"2021-01-21T16:41:09","modified_gmt":"2021-01-21T20:41:09","slug":"pesquisa-revela-que-bolsonaro-executou-uma-estrategia-institucional-de-propagacao-do-coronavirus","status":"publish","type":"post","link":"http:\/\/blogdalucianaoliveira.com.br\/blog\/2021\/01\/21\/pesquisa-revela-que-bolsonaro-executou-uma-estrategia-institucional-de-propagacao-do-coronavirus\/","title":{"rendered":"Pesquisa revela que Bolsonaro executou uma \u201cestrat\u00e9gia institucional de propaga\u00e7\u00e3o do coronav\u00edrus\u201d"},"content":{"rendered":"\n<figure class=\"wp-block-image size-large\"><img data-recalc-dims=\"1\" loading=\"lazy\" decoding=\"async\" width=\"600\" height=\"400\" data-attachment-id=\"30694\" data-permalink=\"http:\/\/blogdalucianaoliveira.com.br\/blog\/2021\/01\/21\/pesquisa-revela-que-bolsonaro-executou-uma-estrategia-institucional-de-propagacao-do-coronavirus\/61df3ea0-02a7-4a62-aa0c-32eb86251061\/\" data-orig-file=\"https:\/\/i0.wp.com\/blogdalucianaoliveira.com.br\/blog\/wp-content\/uploads\/2021\/01\/61DF3EA0-02A7-4A62-AA0C-32EB86251061.jpeg?fit=640%2C427\" data-orig-size=\"640,427\" data-comments-opened=\"0\" data-image-meta=\"{&quot;aperture&quot;:&quot;0&quot;,&quot;credit&quot;:&quot;&quot;,&quot;camera&quot;:&quot;&quot;,&quot;caption&quot;:&quot;&quot;,&quot;created_timestamp&quot;:&quot;0&quot;,&quot;copyright&quot;:&quot;&quot;,&quot;focal_length&quot;:&quot;0&quot;,&quot;iso&quot;:&quot;0&quot;,&quot;shutter_speed&quot;:&quot;0&quot;,&quot;title&quot;:&quot;&quot;,&quot;orientation&quot;:&quot;0&quot;}\" data-image-title=\"61DF3EA0-02A7-4A62-AA0C-32EB86251061\" data-image-description=\"\" data-image-caption=\"\" data-medium-file=\"https:\/\/i0.wp.com\/blogdalucianaoliveira.com.br\/blog\/wp-content\/uploads\/2021\/01\/61DF3EA0-02A7-4A62-AA0C-32EB86251061.jpeg?fit=300%2C200\" data-large-file=\"https:\/\/i0.wp.com\/blogdalucianaoliveira.com.br\/blog\/wp-content\/uploads\/2021\/01\/61DF3EA0-02A7-4A62-AA0C-32EB86251061.jpeg?fit=600%2C400\" src=\"https:\/\/i0.wp.com\/blogdalucianaoliveira.com.br\/blog\/wp-content\/uploads\/2021\/01\/61DF3EA0-02A7-4A62-AA0C-32EB86251061.jpeg?resize=600%2C400\" alt=\"\" class=\"wp-image-30694\" srcset=\"https:\/\/i0.wp.com\/blogdalucianaoliveira.com.br\/blog\/wp-content\/uploads\/2021\/01\/61DF3EA0-02A7-4A62-AA0C-32EB86251061.jpeg?w=640 640w, https:\/\/i0.wp.com\/blogdalucianaoliveira.com.br\/blog\/wp-content\/uploads\/2021\/01\/61DF3EA0-02A7-4A62-AA0C-32EB86251061.jpeg?resize=300%2C200 300w, https:\/\/i0.wp.com\/blogdalucianaoliveira.com.br\/blog\/wp-content\/uploads\/2021\/01\/61DF3EA0-02A7-4A62-AA0C-32EB86251061.jpeg?resize=450%2C300 450w\" sizes=\"auto, (max-width: 600px) 100vw, 600px\" \/><\/figure>\n\n\n\n<p>Ao analisar 3.049 normas federais produzidas em 2020, a Faculdade de Sa\u00fade P\u00fablica da USP e a Conectas Direitos Humanos mostram por que o Brasil j\u00e1 superou mais de 212.000 mortes por covid-19.<\/p>\n\n\n\n<!--more-->\n\n\n\n<p><a href=\"https:\/\/brasil.elpais.com\/autor\/eliane-brum\/\">ELIANE BRUM<\/a>, no El Pa\u00eds <\/p>\n\n\n\n<p>A linha de tempo mais macabra da hist\u00f3ria da sa\u00fade p\u00fablica do Brasil emerge da pesquisa das normas produzidas pelo Governo de&nbsp;<a href=\"https:\/\/brasil.elpais.com\/noticias\/jair-messias-bolsonaro\/\" target=\"_blank\" rel=\"noreferrer noopener\">Jair Messias Bolsonaro<\/a>relacionadas \u00e0 pandemia de covid-19. Num esfor\u00e7o conjunto, desde mar\u00e7o de 2020, o Centro de Pesquisas e Estudos de Direito Sanit\u00e1rio (CEPEDISA) da Faculdade de Sa\u00fade P\u00fablica (FSP) da Universidade de S\u00e3o Paulo (USP) e a Conectas Direitos Humanos, uma das mais respeitadas organiza\u00e7\u00f5es de justi\u00e7a da Am\u00e9rica Latina, se dedicam a coletar e esmiu\u00e7ar as normas federais e estaduais relativas ao novo&nbsp;<a href=\"https:\/\/brasil.elpais.com\/noticias\/coronavirus\/\" target=\"_blank\" rel=\"noreferrer noopener\">coronav\u00edrus<\/a>, produzindo um boletim chamado&nbsp;<em>Direitos na Pandemia \u2013 Mapeamento e An\u00e1lise das Normas Jur\u00eddicas de Resposta \u00e0 Covid-19 no Brasil<\/em>. Nesta quinta-feira (21\/1),&nbsp;<a href=\"https:\/\/www.conectas.org\/wp\/wp-content\/uploads\/2021\/01\/Boletim_Direitos-na-Pandemia_ed_10.pdf\" target=\"_blank\" rel=\"noreferrer noopener\"><strong>lan\u00e7am uma edi\u00e7\u00e3o especial<\/strong><\/a>&nbsp;na qual fazem uma afirma\u00e7\u00e3o contundente: \u201cNossa pesquisa revelou a exist\u00eancia de uma&nbsp;<a href=\"https:\/\/brasil.elpais.com\/brasil\/2021-01-19\/os-crimes-de-bolsonaro-durante-a-pandemia-segundo-um-grupo-de-juristas-que-pressionam-o-pgr.html\" target=\"_blank\" rel=\"noreferrer noopener\">estrat\u00e9gia institucional de propaga\u00e7\u00e3o do v\u00edrus<\/a>, promovida pelo Governo brasileiro sob a lideran\u00e7a da Presid\u00eancia da Rep\u00fablica\u201d.<\/p>\n\n\n\n<p>Obtida com exclusividade pelo EL PA\u00cdS, a an\u00e1lise da produ\u00e7\u00e3o de portarias, medidas provis\u00f3rias, resolu\u00e7\u00f5es, instru\u00e7\u00f5es normativas, leis, decis\u00f5es e decretos do Governo federal, assim como o levantamento das falas p\u00fablicas do presidente, desenham o mapa que\u00a0<a rel=\"noreferrer noopener\" href=\"https:\/\/brasil.elpais.com\/brasil\/2021-01-04\/agravamento-da-pandemia-de-covid-19-se-impoe-no-brasil-nos-primeiros-dias-de-2021.html\" target=\"_blank\">fez do Brasil um dos pa\u00edses mais afetados pela covid-19<\/a>\u00a0e, ao contr\u00e1rio de outras na\u00e7\u00f5es do mundo, ainda sem uma campanha de vacina\u00e7\u00e3o com cronograma confi\u00e1vel. N\u00e3o \u00e9 poss\u00edvel mensurar quantas das mais de 212.000 mortes de brasileiros poderiam ter sido evitadas se, sob a lideran\u00e7a de Bolsonaro, o Governo n\u00e3o tivesse executado um projeto de propaga\u00e7\u00e3o do v\u00edrus. Mas \u00e9 razo\u00e1vel afirmar que muitas pessoas teriam hoje suas m\u00e3es, pais, irm\u00e3os e filhos vivos caso n\u00e3o houvesse um projeto institucional do Governo brasileiro para a dissemina\u00e7\u00e3o da\u00a0<a rel=\"noreferrer noopener\" href=\"https:\/\/brasil.elpais.com\/noticias\/covid-19\/\" target=\"_blank\">covid-19<\/a>.<\/p>\n\n\n\n<p>H\u00e1 inten\u00e7\u00e3o, h\u00e1 plano e h\u00e1 a\u00e7\u00e3o sistem\u00e1tica nas normas do Governo e nas manifesta\u00e7\u00f5es de Bolsonaro, segundo aponta o estudo. \u201cOs resultados afastam a persistente interpreta\u00e7\u00e3o de que haveria incompet\u00eancia e neglig\u00eancia de parte do governo federal na gest\u00e3o da pandemia. Bem ao contr\u00e1rio, a sistematiza\u00e7\u00e3o de dados, ainda que incompletos em raz\u00e3o da falta de espa\u00e7o na publica\u00e7\u00e3o para tantos eventos, revela o empenho e a efici\u00eancia da atua\u00e7\u00e3o da Uni\u00e3o em prol da ampla dissemina\u00e7\u00e3o do v\u00edrus no territ\u00f3rio nacional, declaradamente com o objetivo de retomar a atividade econ\u00f4mica o mais r\u00e1pido poss\u00edvel e a qualquer custo\u201d, afirma o editorial da publica\u00e7\u00e3o. \u201cEsperamos que essa linha <\/p>\n\n\n\n<p>\u201cEsperamos que essa linha do tempo ofere\u00e7a uma vis\u00e3o de conjunto de um processo que vivemos de forma fragmentada e muitas vezes confusa\u201d.<\/p>\n\n\n\n<p>A pesquisa \u00e9 coordenada por&nbsp;<a href=\"https:\/\/brasil.elpais.com\/brasil\/2020-07-22\/ha-indicios-significativos-para-que-autoridades-brasileiras-entre-elas-o-presidente-sejam-investigadas-por-genocidio.html\" target=\"_blank\" rel=\"noreferrer noopener\">Deisy Ventura, uma das juristas mais respeitadas do Brasil<\/a>, pesquisadora da rela\u00e7\u00e3o entre pandemias e direito internacional e coordenadora do doutorado em sa\u00fade global e sustentabilidade da USP; Fernando Aith, professor-titular do Departamento de Pol\u00edtica, Gest\u00e3o e Sa\u00fade da FSP e diretor do CEPEDISA\/USP, centro pioneiro de pesquisa sobre o direito da sa\u00fade no Brasil; Camila Lissa Asano, coordenadora de Programas da Conectas Direitos Humanos; e Rossana Rocha Reis, professora do departamento de Ci\u00eancia Pol\u00edtica e do Instituto de Rela\u00e7\u00f5es Internacionais da USP.<\/p>\n\n\n\n<p>A linha do tempo \u00e9 composta por tr\u00eas eixos apresentados em ordem cronol\u00f3gica, de mar\u00e7o de 2020 aos primeiros 16 dias de janeiro de 2021: 1)&nbsp;<a href=\"https:\/\/brasil.elpais.com\/brasil\/2020-07-08\/bolsonaro-veta-obrigacao-do-governo-de-garantir-acesso-a-agua-potavel-e-leitos-a-indigenas-na-pandemia.html\" target=\"_blank\" rel=\"noreferrer noopener\">atos normativos da Uni\u00e3o<\/a>, incluindo a edi\u00e7\u00e3o de normas por autoridades e \u00f3rg\u00e3os federais e vetos presidenciais; 2) atos de obstru\u00e7\u00e3o \u00e0s respostas dos governos estaduais e municipais \u00e0 pandemia; e 3)&nbsp;<a href=\"https:\/\/brasil.elpais.com\/brasil\/2020-07-07\/bolsonaro-ignorou-regras-contra-coronavirus-e-pode-ter-contaminado-ao-menos-76-pessoas.html\" target=\"_blank\" rel=\"noreferrer noopener\">propaganda contra a sa\u00fade p\u00fablica<\/a>, definida como \u201co discurso pol\u00edtico que mobiliza argumentos econ\u00f4micos, ideol\u00f3gicos e morais, al\u00e9m de<a href=\"https:\/\/brasil.elpais.com\/brasil\/2021-01-18\/cientistas-brasileiros-travam-guerra-contra-a-desinformacao-bolsonarista-por-vacinacao.html\" target=\"_blank\" rel=\"noreferrer noopener\">not\u00edcias falsas e informa\u00e7\u00f5es t\u00e9cnicas sem comprova\u00e7\u00e3o cient\u00edfica<\/a>, com o prop\u00f3sito de desacreditar as autoridades sanit\u00e1rias, enfraquecer a ades\u00e3o popular a recomenda\u00e7\u00f5es de sa\u00fade baseadas em evid\u00eancias cient\u00edficas, e promover o ativismo pol\u00edtico contra as medidas de sa\u00fade p\u00fablica necess\u00e1rias para conter o avan\u00e7o da covid-19\u201d.<\/p>\n\n\n\n<p>Os autores assinalam que a publica\u00e7\u00e3o n\u00e3o apresenta todas as normas e falas coletadas e armazenadas no banco de dados da pesquisa, mas sim uma sele\u00e7\u00e3o que busca evitar a repeti\u00e7\u00e3o e apresentar o mais relevante para a an\u00e1lise. Os dados foram selecionados junto \u00e0 base de dados do projeto Direitos na Pandemia, \u00e0 jurisprud\u00eancia do Supremo Tribunal Federal (STF) e do Tribunal de Contas da Uni\u00e3o, al\u00e9m de documentos e discursos oficiais. No eixo que definem como propaganda, foi tamb\u00e9m realizada uma busca na plataforma Google para a coleta de v\u00eddeos, postagens e not\u00edcias.<\/p>\n\n\n\n<p>A an\u00e1lise mostra que \u201ca maioria das mortes seriam evit\u00e1veis por meio de uma estrat\u00e9gia de conten\u00e7\u00e3o da doen\u00e7a, o que constitui uma&nbsp;<a href=\"https:\/\/brasil.elpais.com\/brasil\/2021-01-19\/os-crimes-de-bolsonaro-durante-a-pandemia-segundo-um-grupo-de-juristas-que-pressionam-o-pgr.html\" target=\"_blank\" rel=\"noreferrer noopener\">viola\u00e7\u00e3o sem precedentes do direito \u00e0 vida e do direito \u00e0 sa\u00fade dos brasileiros<\/a>\u201d. E isso \u201csem que os gestores envolvidos sejam responsabilizados, ainda que institui\u00e7\u00f5es como o Supremo Tribunal Federal e o Tribunal de Contas da Uni\u00e3o tenham, in\u00fameras vezes, apontado a inconformidade \u00e0 ordem jur\u00eddica brasileira de condutas e de omiss\u00f5es conscientes e volunt\u00e1rias de gestores federais\u201d. Tamb\u00e9m destacam \u201ca urg\u00eancia de discutir com profundidade a configura\u00e7\u00e3o de crimes contra a sa\u00fade p\u00fablica, crimes de responsabilidade e crimes contra a humanidade durante a pandemia de covid-19 no Brasil\u201d.<\/p>\n\n\n\n<p>Os atos e falas de Bolsonaro s\u00e3o conhecidos, mas acabam se diluindo no cotidiano alimentado pela produ\u00e7\u00e3o de factoides e de not\u00edcias falsas, no qual<a href=\"https:\/\/brasil.elpais.com\/opiniao\/2020-04-28\/por-que-o-bolsonarismo-raiz-engendrado-nos-gabinetes-do-odio-nao-tera-futuro-no-brasil.html\" target=\"_blank\" rel=\"noreferrer noopener\">&nbsp;a guerra de \u00f3dios \u00e9 tamb\u00e9m uma estrat\u00e9gia<\/a>&nbsp;para encobrir a consist\u00eancia e persist\u00eancia do projeto que avan\u00e7a enquanto a temperatura \u00e9 mantida alta nas redes sociais. A publica\u00e7\u00e3o provoca choque e mal estar ao sistematizar a produ\u00e7\u00e3o expl\u00edcita de maldades colocadas em pr\u00e1tica por Bolsonaro e seu governo durante quase um ano de pandemia. Um dos principais m\u00e9ritos da investiga\u00e7\u00e3o \u00e9 justamente articular as diversas medidas oficiais e falas p\u00fablicas do presidente na linha do tempo. Dessa an\u00e1lise meticulosa emerge o plano, com todas as suas fases devidamente documentadas.<\/p>\n\n\n\n<p>Tamb\u00e9m torna-se expl\u00edcito contra quais popula\u00e7\u00f5es se concentram os ataques. Al\u00e9m dos<a href=\"https:\/\/brasil.elpais.com\/brasil\/2020-08-20\/congresso-derruba-vetos-de-bolsonaro-e-obriga-governo-a-garantir-utis-a-indigenas-na-pandemia.html\" target=\"_blank\" rel=\"noreferrer noopener\">&nbsp;povos ind\u00edgenas, a quem Bolsonaro nega at\u00e9 mesmo \u00e1gua pot\u00e1vel<\/a>, h\u00e1 uma s\u00e9rie de medidas tomadas para impedir que os trabalhadores possam se proteger da covid-19 e fazer isolamento. O governo amplia o conceito de atividades essenciais at\u00e9 mesmo para sal\u00f5es de beleza e busca&nbsp;<a href=\"https:\/\/brasil.elpais.com\/economia\/2020-12-21\/fim-do-auxilio-emergencial-deixa-o-brasil-entre-o-medo-da-pandemia-e-do-desemprego-em-2021.html\" target=\"_blank\" rel=\"noreferrer noopener\">anular o direito ao aux\u00edlio emergencial&nbsp;<\/a>de 600 reais determinado pelo Congresso a v\u00e1rias categorias. Ao mesmo tempo, busca implantar um duplo tratamento aos profissionais de sa\u00fade: Bolsonaro veta integralmente o projeto que prev\u00ea compensa\u00e7\u00e3o financeira para aqueles trabalhadores que ficarem incapacitados em consequ\u00eancia de sua atua\u00e7\u00e3o para conter a pandemia e tenta isentar os funcion\u00e1rios p\u00fablicos de qualquer responsabilidade por atos e omiss\u00f5es no enfrentamento \u00e0 covid-19. Em resumo: o trabalho duro e arriscado de preven\u00e7\u00e3o e combate numa pandemia \u00e9 desestimulado, a omiss\u00e3o \u00e9 estimulada.<\/p>\n\n\n\n<p>Atrav\u00e9s de reten\u00e7\u00e3o de recursos destinados \u00e0 covid-19, o Governo prejudica a assist\u00eancia aos doentes na rede p\u00fablica de Estados e munic\u00edpios. A guerra contra governadores e prefeitos que tentam implementar medidas de preven\u00e7\u00e3o e combate ao v\u00edrus \u00e9 constante. Por meio de vetos, Bolsonaro anula mesmo as medidas mais b\u00e1sicas, como obrigatoriedade de m\u00e1scaras dentro de estabelecimentos com autoriza\u00e7\u00e3o para funcionar. Muitas de suas medidas e vetos s\u00e3o depois derrubadas pelo Supremo Tribunal Federal (STF) ou pelo pr\u00f3prio Legislativo.<\/p>\n\n\n\n<p>Esse \u00e9 outro ponto importante: a an\u00e1lise dos dados mostra tamb\u00e9m o quanto a situa\u00e7\u00e3o do Brasil poderia ser ainda mais tr\u00e1gica caso o STF e outras inst\u00e2ncias n\u00e3o tivessem barrado v\u00e1rias das&nbsp;<a href=\"https:\/\/brasil.elpais.com\/brasil\/2020-12-30\/atraso-do-brasil-em-comecar-vacinacao-contra-covid-19-estende-crise-e-retarda-retomada-da-economia.html\" target=\"_blank\" rel=\"noreferrer noopener\">medidas de propaga\u00e7\u00e3o do v\u00edrus produzidas pelo Governo<\/a>. Apesar da fragilidade demonstrada pelas institui\u00e7\u00f5es e pela sociedade, \u00e9 vis\u00edvel o esfor\u00e7o de parte dos protagonistas para tentar anular ou neutralizar os atos de Bolsonaro. \u00c9 poss\u00edvel fazer o exerc\u00edcio de projetar o quanto todos esses esfor\u00e7os, somados e associados a um governo disposto a prevenir a doen\u00e7a e combater o v\u00edrus, poderiam ter feito para evitar mortes em um pa\u00eds que conta com o&nbsp;<a href=\"https:\/\/brasil.elpais.com\/noticias\/sus-sistema-unico-saude\/\" target=\"_blank\" rel=\"noreferrer noopener\">Sistema \u00danico de Sa\u00fade (SUS)<\/a>. Em vez disso, Bolsonaro produziu uma guerra em que a maior parte da energia de parte das institui\u00e7\u00f5es e da sociedade organizada foi dissipada para reduzir os danos produzidos por suas a\u00e7\u00f5es, em vez de se concentrar em combater a maior crise sanit\u00e1ria em um s\u00e9culo.<\/p>\n\n\n\n<p><a href=\"https:\/\/brasil.elpais.com\/politica\/2020-03-17\/brasil-tem-primeira-vitima-fatal-do-coronavirus-um-homem-de-62-anos-com-doencas-pre-existentes.html\" target=\"_blank\" rel=\"noreferrer noopener\">Quase um ano depois do primeiro caso de covid-19<\/a>, resta saber se as institui\u00e7\u00f5es e a sociedade que n\u00e3o est\u00e3o acumpliciadas com Bolsonaro ser\u00e3o fortes o suficiente para, diante do mapa de a\u00e7\u00f5es institucionais de propaga\u00e7\u00e3o do v\u00edrus, finalmente barrar os agentes de dissemina\u00e7\u00e3o da doen\u00e7a. O uso da m\u00e1quina do Estado para promover destrui\u00e7\u00e3o tem sido determinante para produzir a realidade atual de&nbsp;<a href=\"https:\/\/brasil.elpais.com\/opiniao\/2020-04-03\/cemiterio-em-sao-paulo-a-foto-que-jamais-gostariamos-de-publicar.html\" target=\"_blank\" rel=\"noreferrer noopener\">mais de 1.000 covas abertas por dia para abrigar pessoas que poderiam estar vivas<\/a>. Na gaveta de Rodrigo Maia (DEM), presidente da C\u00e2mara, h\u00e1 mais de 60&nbsp;<a href=\"https:\/\/brasil.elpais.com\/brasil\/2021-01-16\/cresce-pressao-por-responsabilizar-bolsonaro-por-manaus-e-ideia-de-impeachment-comeca-a-ser-aventada.html\" target=\"_blank\" rel=\"noreferrer noopener\">pedidos de impeachment<\/a>. No Tribunal Penal Internacional, pelo menos tr\u00eas comunica\u00e7\u00f5es relacionam genoc\u00eddio e outros crimes contra a humanidade \u00e0 atua\u00e7\u00e3o de Bolsonaro e membros do governo relacionadas \u00e0 pandemia. As pr\u00f3ximas semanas ser\u00e3o decisivas para que os brasileiros digam quem s\u00e3o e o que responder\u00e3o \u00e0s gera\u00e7\u00f5es futuras quando lhes perguntarem onde estavam quando tantos morreram de covid-19.<\/p>\n\n\n\n<p>A seguir, os principais pontos da linha do tempo das a\u00e7\u00f5es de Jair Bolsonaro e seu Governo:<\/p>\n\n\n\n<h3 class=\"wp-block-heading\">CASOS ACUMULADOS:&nbsp;<strong>19 &#8211;&nbsp;<\/strong>\u00d3BITOS ACUMULADOS:&nbsp;<strong>0<\/strong><\/h3>\n\n\n\n<h4 class=\"wp-block-heading\">\u201cPequena crise\u201d<\/h4>\n\n\n\n<p>Uma portaria da Funda\u00e7\u00e3o Nacional do \u00cdndio (FUNAI) tenta abrir uma brecha para o acesso de n\u00e3o ind\u00edgenas, \u201cem car\u00e1ter excepcional\u201d, com o objetivo de realizar \u201catividades essenciais\u201d em territ\u00f3rios de povos isolados. A medida busca usar a covid-19 para criar uma porta de acesso a comunidades que nunca tiveram contato com n\u00e3o ind\u00edgenas (nem com seus v\u00edrus e bact\u00e9rias) ou que decidiram viver sem contato.<\/p>\n\n\n\n<h5 class=\"wp-block-heading\">O que Bolsonaro diz:<\/h5>\n\n\n\n<p>\u201cOBVIAMENTE TEMOS NO MOMENTO UMA CRISE, UMA PEQUENA CRISE. NO MEU ENTENDER, MUITO MAIS FANTASIA. A QUEST\u00c3O DO CORONAV\u00cdRUS, QUE N\u00c3O \u00c9 ISSO TUDO QUE A GRANDE M\u00cdDIA PROPALA OU PROPAGA PELO MUNDO TODOEM 7\/3, EM MIAMI, NA FL\u00d3RIDA, REGI\u00c3O CONSIDERADA DE ALTO RISCO. PELO MENOS 23 PESSOAS DE SUA COMITIVA FORAM INFECTADAS<\/p>\n\n\n\n<h2 class=\"wp-block-heading\"><strong>ABRIL<\/strong>(SEMANA EPIDEMIOL\u00d3GICA 15: 5-10\/4)<\/h2>\n\n\n\n<h3 class=\"wp-block-heading\">CASOS ACUMULADOS:&nbsp;<strong>20.818 &#8211;&nbsp;<\/strong>\u00d3BITOS ACUMULADOS:&nbsp;<strong>699<\/strong><\/h3>\n\n\n\n<h4 class=\"wp-block-heading\">Troca de ministro<\/h4>\n\n\n\n<figure class=\"wp-block-image\"><img data-recalc-dims=\"1\" decoding=\"async\" src=\"https:\/\/i0.wp.com\/imagens.brasil.elpais.com\/resizer\/U1it3LP8wj3NsbglNOyWvv1NusM%3D\/768x0\/cloudfront-eu-central-1.images.arcpublishing.com\/prisa\/4U3BBZSJRREUHLPPGDIWH7JD4M.jpg?w=600&#038;ssl=1\" alt=\"\"\/><figcaption>UESLEI MARCELINO \/ REUTERS<\/figcaption><\/figure>\n\n\n\n<p>Bolsonaro&nbsp;<a href=\"https:\/\/brasil.elpais.com\/sociedade\/2020-04-16\/mandetta-e-demitido-por-bolsonaro.html\">demite o ministro da Sa\u00fade<\/a>durante a pandemia. Luiz Henrique Mandetta, al\u00e9m de pol\u00edtico, \u00e9 m\u00e9dico. A principal raz\u00e3o da demiss\u00e3o \u00e9 a discord\u00e2ncia sobre o uso da cloroquina e sobre a atua\u00e7\u00e3o pautada pelas recomenda\u00e7\u00f5es da Organiza\u00e7\u00e3o Mundial da Sa\u00fade (OMS). Ao final de mar\u00e7o,&nbsp;<a href=\"https:\/\/brasil.elpais.com\/brasil\/2020-08-15\/mandetta-o-sus-foi-minado-o-que-vem-pela-frente-e-mais-complicado-do-que-o-que-ja-ficou-para-tras.html\">segundo Mandetta<\/a>, o presidente passou a buscar assessoria para se contrapor aos dados e \u00e0 estrat\u00e9gia do Minist\u00e9rio da Sa\u00fade: \u201cO Pal\u00e1cio do Planalto passou a ser frequentado por m\u00e9dicos bolsonaristas. (&#8230;) Ele [Bolsonaro] queria no seu entorno pessoas que dissessem aquilo que ele queria escutar. (&#8230;) Nunca na cabe\u00e7a dele houve a preocupa\u00e7\u00e3o de propor a cloroquina como um caminho de sa\u00fade. A preocupa\u00e7\u00e3o dele era sempre: \u2018Vamos dar esse rem\u00e9dio porque, com essa caixinha de cloroquina na m\u00e3o, os trabalhadores voltar\u00e3o \u00e0 ativa, voltar\u00e3o a produzir\u2019. (&#8230;) O projeto dele para o combate \u00e0 pandemia \u00e9 dizer que o governo tem o rem\u00e9dio e quem tomar o rem\u00e9dio vai ficar bem. S\u00f3 vai morrer quem ia morrer de qualquer maneira\u201d.<\/p>\n\n\n\n<p>O Congresso&nbsp;<a href=\"https:\/\/brasil.elpais.com\/brasil\/2020-03-31\/congresso-aprova-renda-basica-emergencial-por-crise-do-coronavirus-enquanto-planalto-luta-por-protagonismo.html\">aprova o aux\u00edlio emergencial de 600 reais<\/a>, medida parlamentar que seria equivocadamente associada a Bolsonaro por grande parte dos beneficiados, resultando em aumento de popularidade para o presidente.<\/p>\n\n\n\n<h5 class=\"wp-block-heading\">O que Bolsonaro diz:<\/h5>\n\n\n\n<p>\u201cE DA\u00cd? LAMENTO, QUER QUE FA\u00c7A O QU\u00ca? EU SOU \u2018MESSIAS\u2019, MAS EU N\u00c3O FA\u00c7O MILAGRE28\/4, AO COMENTAR O N\u00daMERO DE MORTOS DURANTE UMA ENTREVISTA, FAZENDO REFER\u00caNCIA AO SEU NOME DO MEIO<\/p>\n\n\n\n<h2 class=\"wp-block-heading\"><strong>MAIO<\/strong>(SEMANA EPIDEMIOL\u00d3GICA 19: 3-9\/5)<\/h2>\n\n\n\n<h3 class=\"wp-block-heading\">CASOS ACUMULADOS:&nbsp;<strong>155.939 &#8211;&nbsp;<\/strong>\u00d3BITOS ACUMULADOS:&nbsp;<strong>3.877<\/strong><\/h3>\n\n\n\n<h4 class=\"wp-block-heading\">Guerra com Estados<\/h4>\n\n\n\n<figure class=\"wp-block-image\"><img data-recalc-dims=\"1\" decoding=\"async\" src=\"https:\/\/i0.wp.com\/imagens.brasil.elpais.com\/resizer\/fe1HEVO4nTgUc6gFsfKO92zSr6M%3D\/768x0\/cloudfront-eu-central-1.images.arcpublishing.com\/prisa\/NMI3IXOWIZFPHMBPLJZMYFXSYU.jpg?w=600&#038;ssl=1\" alt=\"\"\/><figcaption>JO\u00c9DSON ALVES \/ EFE<\/figcaption><\/figure>\n\n\n\n<p>Bolsonaro usa decretos para boicotar as determina\u00e7\u00f5es de preven\u00e7\u00e3o e combate \u00e0 covid-19 de estados e munic\u00edpios. Para isso, amplia o entendimento do que \u00e9 atividade essencial durante uma pandemia e que, portanto, pode seguir funcionando apesar do agravamento da emerg\u00eancia sanit\u00e1ria. Assim, a \u00e1rea de constru\u00e7\u00e3o civil, sal\u00f5es de beleza e barbearias, academias de esporte de todas as modalidades e servi\u00e7os industriais em geral passam a ser \u201catividades essenciais\u201d.<\/p>\n\n\n\n<p>O presidente tenta ainda isentar os agentes p\u00fablicos de serem responsabilizados, civil e administrativamente, por atos e omiss\u00f5es no enfrentamento da pandemia. Bolsonaro tamb\u00e9m veta o aux\u00edlio emergencial de 600 reais mensais institu\u00eddo pelo Congresso a pescadores artesanais, taxistas, motoristas de aplicativo, motoristas de transporte escolar, entregadores de aplicativo, profissionais aut\u00f4nomos de educa\u00e7\u00e3o f\u00edsica, ambulantes, feirantes, gar\u00e7ons, bab\u00e1s, manicures, cabeleireiros e professores contratados que estejam sem receber sal\u00e1rio. Pela lei aprovada pelo parlamento, essas categorias seriam contempladas pelo aux\u00edlio emergencial, para que pudessem fazer isolamento para se proteger do v\u00edrus.<\/p>\n\n\n\n<p>O novo&nbsp;<a href=\"https:\/\/brasil.elpais.com\/brasil\/2020-05-15\/brasil-perde-segundo-ministro-da-saude-sob-pressao-de-bolsonaro-para-abrir-economia-e-por-uso-da-cloroquina.html\">ministro da Sa\u00fade, m\u00e9dico Nelson Teich, se demite<\/a>: \u201cN\u00e3o vou manchar a minha hist\u00f3ria por causa da cloroquina\u201d. Assume o posto, interinamente, o general da ativa&nbsp;<a href=\"https:\/\/brasil.elpais.com\/noticias\/eduardo-pazuello\/\">Eduardo Pazuello<\/a>. Em solenidade oficial, o militar afirmou que, antes de assumir o cargo, \u201cnem sabia o que era o SUS\u201d. A militariza\u00e7\u00e3o do minist\u00e9rio se amplia ainda mais. Um protocolo do Minist\u00e9rio da Sa\u00fade determina o uso de cloroquina para todos os casos de covid-19, medicamento comprovadamente sem efic\u00e1cia para combater o novo coronav\u00edrus.<\/p>\n\n\n\n<p>Bolsonaro abre guerra contra governadores. O Conselho Nacional da Sa\u00fade denuncia que mais de 8 bilh\u00f5es de reais destinados ao combate \u00e0 pandemia deixaram de ser repassados aos estados e munic\u00edpios, que sofrem com a falta de insumos b\u00e1sicos, respiradores e leitos. O CNS lan\u00e7a a campanha \u201cRepassa j\u00e1!\u201d.<\/p>\n\n\n\n<h5 class=\"wp-block-heading\">O que Bolsonaro diz:<\/h5>\n\n\n\n<p>\u201cSE FOR ISSO MESMO, \u00c9 GUERRA. SE QUISEREM EU VOU A S\u00c3O PAULO, VOC\u00caS T\u00caM QUE LUTAR CONTRA O GOVERNADOR14\/5, EM VIDEOCONFER\u00caNCIA PROMOVIDA PELA FEDERA\u00c7\u00c3O DAS IND\u00daSTRIAS DO ESTADO DE S\u00c3O PAULO (FIESP), INCITANDO OS EMPRES\u00c1RIOS A LUTAR CONTRA O &#8216;LOCKDOWN&#8217;<\/p>\n\n\n\n<h2 class=\"wp-block-heading\"><strong>JUNHO<\/strong>(SEMANA EPIDEMIOL\u00d3GICA 24: 7-13\/6)<\/h2>\n\n\n\n<h3 class=\"wp-block-heading\">CASOS ACUMULADOS:&nbsp;<strong>850.514 &#8211;&nbsp;<\/strong>\u00d3BITOS ACUMULADOS:&nbsp;<strong>42.720<\/strong><\/h3>\n\n\n\n<h4 class=\"wp-block-heading\">Apag\u00e3o de dados<\/h4>\n\n\n\n<p>Bolsonaro incita seus seguidores a invadir hospitais e filmar, com a justificativa de que os n\u00fameros de doentes e de ocupa\u00e7\u00e3o de leitos est\u00e3o inflacionados. Em 3 de junho, o Governo divulga dados sobre a covid-19 com atraso, ap\u00f3s as 22h. Em 5 de junho, o site do Minist\u00e9rio da Sa\u00fade sai do ar e retorna no dia seguinte apenas com informa\u00e7\u00f5es das \u00faltimas 24 horas. A&nbsp;<a href=\"https:\/\/brasil.elpais.com\/brasil\/2020-06-06\/governo-bolsonaro-impoe-apagao-de-dados-sobre-a-covid-19-no-brasil-em-meio-a-disparada-das-mortes.html\">tentativa de encobrir os n\u00fameros de doentes e de mortos<\/a>&nbsp;por covid-19 \u00e9 denunciada pela imprensa. A sociedade perde a confian\u00e7a nos dados oficiais e seis dos principais jornais e sites de jornalismo \u2014G1, O Globo, Extra, O Estado de S. Paulo, Folha de S.Paulo e UOL\u2014 formam um cons\u00f3rcio para registrar os n\u00fameros da pandemia.<\/p>\n\n\n\n<h5 class=\"wp-block-heading\">O que Bolsonaro diz:<\/h5>\n\n\n\n<p>\u201cARRANJA UMA MANEIRA DE ENTRAR E FILMAR. MUITA GENTE T\u00c1 FAZENDO ISSO, MAS MAIS GENTE TEM QUE FAZER PARA MOSTRAR SE OS LEITOS EST\u00c3O OCUPADOS OU N\u00c3O, SE OS GASTOS S\u00c3O COMPAT\u00cdVEIS OU N\u00c3O10\/6, EM TRANSMISS\u00c3O AO VIVO NO FACEBOOK<\/p>\n\n\n\n<h2 class=\"wp-block-heading\"><strong>JULHO<\/strong>(SEMANA EPIDEMIOL\u00d3GICA 28: 5-11\/7)<\/h2>\n\n\n\n<h3 class=\"wp-block-heading\">CASOS ACUMULADOS:&nbsp;<strong>1.839.850 &#8211;&nbsp;<\/strong>\u00d3BITOS ACUMULADOS:&nbsp;<strong>71.469<\/strong><\/h3>\n\n\n\n<h4 class=\"wp-block-heading\">Vetos de maldade<\/h4>\n\n\n\n<figure class=\"wp-block-image\"><img data-recalc-dims=\"1\" decoding=\"async\" src=\"https:\/\/i0.wp.com\/imagens.brasil.elpais.com\/resizer\/lj7zT1twVW_BH0Y5H54RQZl5J50%3D\/768x0\/cloudfront-eu-central-1.images.arcpublishing.com\/prisa\/COYNKXCUSJBLGAIPMJJ5OZTZT4.jpg?w=600&#038;ssl=1\" alt=\"\"\/><figcaption>ERALDO PERES \/ AP<\/figcaption><\/figure>\n\n\n\n<p>Bolsonaro veta a obrigatoriedade do uso de m\u00e1scaras em estabelecimentos comerciais e industriais, templos religiosos, escolas e demais locais fechados em que haja reuni\u00e3o de pessoas. Tamb\u00e9m veta a multa aos estabelecimentos que n\u00e3o disponibilizem \u00e1lcool em gel a 70% em locais pr\u00f3ximos \u00e0s suas entradas, elevadores e escadas rolantes.<\/p>\n\n\n\n<p>Bolsonaro veta a obriga\u00e7\u00e3o dos estabelecimentos em funcionamento durante a pandemia de fornecer gratuitamente a seus funcion\u00e1rios e colaboradores m\u00e1scaras de prote\u00e7\u00e3o individual. Veta ainda a obriga\u00e7\u00e3o de afixar cartazes informativos sobre a forma de uso correto de m\u00e1scaras e de prote\u00e7\u00e3o individual nos estabelecimentos prisionais e nos estabelecimentos de cumprimento de medidas socioeducativas.<\/p>\n\n\n\n<p>Bolsonaro veta medidas de prote\u00e7\u00e3o para comunidades ind\u00edgenas durante a pandemia de Covid-19. Entre elas: o acesso a \u00e1gua pot\u00e1vel, materiais de higiene e limpeza, leitos hospitalares e de UTIs, ventiladores e m\u00e1quinas de oxigena\u00e7\u00e3o sangu\u00ednea, materiais informativos sobre a covid-19 e internet nas aldeias. Veta tamb\u00e9m a obriga\u00e7\u00e3o da Uni\u00e3o de distribuir alimentos aos povos ind\u00edgenas, durante a pandemia, na forma de cestas b\u00e1sicas, sementes e ferramentas.<\/p>\n\n\n\n<p>O Ex\u00e9rcito paga 167% a mais pelo principal insumo da cloroquina, com a seguinte justificativa: \u201cproduzir esperan\u00e7a para cora\u00e7\u00f5es aflitos\u201d.<\/p>\n\n\n\n<p>Ao criticar a militariza\u00e7\u00e3o do Minist\u00e9rio da Sa\u00fade, o ministro do STF Gilmar Mendes define a resposta do governo federal \u00e0 pandemia como \u201cgenoc\u00eddio\u201d: \u201cN\u00e3o podemos mais tolerar essa situa\u00e7\u00e3o que se passa no Minist\u00e9rio da Sa\u00fade. (&#8230;) \u00c9 preciso dizer isso de maneira muito clara: o Ex\u00e9rcito est\u00e1 se associando a esse genoc\u00eddio, n\u00e3o \u00e9 razo\u00e1vel. \u00c9 preciso por fim a isso\u201d.<\/p>\n\n\n\n<h5 class=\"wp-block-heading\">O que Bolsonaro diz:<\/h5>\n\n\n\n<p>\u201cLAMENTO AS MORTES. MORRE GENTE TODO DIA, DE UMA S\u00c9RIE DE CAUSAS. \u00c9 A VIDA30\/7, EM MEIO A UMA AGLOMERA\u00c7\u00c3O EM BAG\u00c9, NO RIO GRANDE DO SUL<\/p>\n\n\n\n<h2 class=\"wp-block-heading\"><strong>AGOSTO<\/strong>(SEMANA EPIDEMIOL\u00d3GICA 32: 2-8\/8)<\/h2>\n\n\n\n<h3 class=\"wp-block-heading\">CASOS ACUMULADOS:&nbsp;<strong>3.012.412 &#8211;&nbsp;<\/strong>\u00d3BITOS ACUMULADOS:&nbsp;<strong>100.477<\/strong><\/h3>\n\n\n\n<h4 class=\"wp-block-heading\">Ataque \u00e0 vacina<\/h4>\n\n\n\n<p>Bolsonaro veta integralmente o projeto de lei que determina compensa\u00e7\u00e3o financeira paga pela Uni\u00e3o a profissionais e trabalhadores de sa\u00fade que ficarem incapacitados por atuarem no combate \u00e0 covid-19.<\/p>\n\n\n\n<p>O Governo Bolsonaro ignora a proposta da Pfizer, que garante a entrega do primeiro lote de vacinas em 20 de dezembro de 2020.<\/p>\n\n\n\n<p>O Minist\u00e9rio da Sa\u00fade rejeita a doa\u00e7\u00e3o de pelo menos 20 mil kits de testes PCR para covid-19 da empresa LG International, dois meses ap\u00f3s a oferta.<\/p>\n\n\n\n<p><strong>O que Bolsonaro diz:<\/strong>\u201cNINGU\u00c9M PODE OBRIGAR NINGU\u00c9M A TOMAR VACINA31\/8, EM CONVERSA COM APOIADORES NO JARDIM DO PAL\u00c1CIO DO ALVORADA<\/p>\n\n\n\n<h2 class=\"wp-block-heading\"><strong>SETEMBRO<\/strong>(SEMANA EPIDEMIOL\u00d3GICA 37: 6-12\/9)<\/h2>\n\n\n\n<h3 class=\"wp-block-heading\">CASOS ACUMULADOS:&nbsp;<strong>4.315.687 &#8211;&nbsp;<\/strong>\u00d3BITOS ACUMULADOS:&nbsp;<strong>131.210<\/strong><\/h3>\n\n\n\n<h4 class=\"wp-block-heading\">Militar na Sa\u00fade<\/h4>\n\n\n\n<p>Uma resolu\u00e7\u00e3o de Diretoria Colegiada da Ag\u00eancia Nacional de Vigil\u00e2ncia Sanit\u00e1ria (Anvisa) flexibiliza ainda mais a prescri\u00e7\u00e3o de ivermectina e nitazoxanida, dispensando a reten\u00e7\u00e3o de receita m\u00e9dica para a venda em farm\u00e1cias. Os medicamentos s\u00e3o propagandeados pelo governo como eficazes para a covid-19, mas estudos cient\u00edficos mostram que n\u00e3o diminuem a gravidade da doen\u00e7a nem impedem a morte de pacientes. O general da ativa Eduardo Pazuello \u00e9 efetivado como ministro da Sa\u00fade.<\/p>\n\n\n\n<h5 class=\"wp-block-heading\">O que Bolsonaro diz:<\/h5>\n\n\n\n<p>\u201cESTAMOS PRATICAMENTE VENCENDO A PANDEMIA. O GOVERNO FEZ TUDO PARA QUE OS EFEITOS NEGATIVOS DA MESMA FOSSEM MINIMIZADOS, AJUDANDO PREFEITOS E GOVERNADORES COM NECESSIDADES NA SA\u00daDE11\/9, EM AGLOMERA\u00c7\u00c3O NA BAHIA<\/p>\n\n\n\n<h2 class=\"wp-block-heading\"><strong>OUTUBRO<\/strong>(SEMANA EPIDEMIOL\u00d3GICA 41: 4-10\/10)<\/h2>\n\n\n\n<h3 class=\"wp-block-heading\">CASOS ACUMULADOS:&nbsp;<strong>5.082.637 &#8211;&nbsp;<\/strong>\u00d3BITOS ACUMULADOS:<strong>150.198<\/strong><\/h3>\n\n\n\n<h4 class=\"wp-block-heading\">\u201cVacina chinesa\u201d<\/h4>\n\n\n\n<figure class=\"wp-block-image\"><img data-recalc-dims=\"1\" decoding=\"async\" src=\"https:\/\/i0.wp.com\/imagens.brasil.elpais.com\/resizer\/i5dTS5Jv-Y3aFmLnX63lPk0gesc%3D\/768x0\/cloudfront-eu-central-1.images.arcpublishing.com\/prisa\/WSGWWNX3NEMTI7LKLDKEO4XBLA.jpg?w=600&#038;ssl=1\" alt=\"\"\/><figcaption>AMANDA PEROBELLI \/ REUTERS<\/figcaption><\/figure>\n\n\n\n<p>Bolsonaro afirma que a pandemia foi superdimensionada, mente que a cloroquina garante 100% de cura se usada no in\u00edcio dos sintomas e cancela a compra de 46 milh\u00f5es de doses da vacina chinesa Coronavac pelo Minist\u00e9rio da Sa\u00fade: \u201cO povo brasileiro n\u00e3o ser\u00e1 cobaia de ningu\u00e9m\u201d.<\/p>\n\n\n\n<h5 class=\"wp-block-heading\">O que Bolsonaro diz:<\/h5>\n\n\n\n<p>\u201cEST\u00c1 ACABANDO A PANDEMIA [NO BRASIL].&nbsp;ACHO QUE [O JO\u00c3O DORIA, GOVERNADOR DE S\u00c3O PAULO] QUER VACINAR O PESSOAL NA MARRA&nbsp;RAPIDINHO PORQUE [A PANDEMIA] VAI ACABAR E DA\u00cd ELE FALA: \u2018ACABOU POR CAUSA DA MINHA VACINA\u2019. QUEM EST\u00c1 ACABANDO \u00c9 O GOVERNO DELE, COM TODA CERTEZA\u201d (&#8230;) O QUE EU VEJO NA QUEST\u00c3O DA PANDEMIA? EST\u00c1 INDO EMBORA, ISSO J\u00c1 ACONTECEU, A GENTE V\u00ca LIVROS DE HIST\u00d3RIA.\u201d&nbsp;EM 30\/10, EM DECLARA\u00c7\u00d5ES TRANSMITIDAS POR UM SITE BOLSONARISTA<\/p>\n\n\n\n<h2 class=\"wp-block-heading\"><strong>NOVEMBRO<\/strong>(SEMANA EPIDEMIOL\u00d3GICA 45: 1\u00ba-7\/11)<\/h2>\n\n\n\n<h3 class=\"wp-block-heading\">CASOS ACUMULADOS:&nbsp;<strong>5.653.561 &#8211;&nbsp;<\/strong>\u00d3BITOS ACUMULADOS:<strong>162.269<\/strong><\/h3>\n\n\n\n<h4 class=\"wp-block-heading\">Produ\u00e7\u00e3o de mentiras<\/h4>\n\n\n\n<p>Apesar de todos os fatos e n\u00fameros em contr\u00e1rio, Bolsonaro afirma que o Brasil foi um dos pa\u00edses que menos sofreu com a pandemia. Segue atacando a vacina.<\/p>\n\n\n\n<h5 class=\"wp-block-heading\">O que Bolsonaro diz:<\/h5>\n\n\n\n<p>\u201cMORTE, INVALIDEZ, ANOMALIA. ESTA \u00c9 A VACINA QUE O [JO\u00c3O] DORIA QUERIA OBRIGAR TODOS OS PAULISTANOS A TOMAR. O PRESIDENTE DISSE QUE A VACINA JAMAIS PODERIA SER OBRIGAT\u00d3RIA. MAIS UMA QUE JAIR BOLSONARO GANHAEM 10\/11, NO FACEBOOK, AO COMEMORAR A SUSPENS\u00c3O DOS TESTES DA VACINA CORONAVAC<\/p>\n\n\n\n<h2 class=\"wp-block-heading\"><strong>DEZEMBRO<\/strong>(SEMANA EPIDEMIOL\u00d3GICA 50: 6-12\/12)<\/h2>\n\n\n\n<h3 class=\"wp-block-heading\">CASOS ACUMULADOS:&nbsp;<strong>6.880.127 &#8211;&nbsp;<\/strong>\u00d3BITOS ACUMULADOS:&nbsp;<strong>181.123<\/strong><\/h3>\n\n\n\n<h4 class=\"wp-block-heading\">Qual \u00e9 o plano?<\/h4>\n\n\n\n<figure class=\"wp-block-image\"><img data-recalc-dims=\"1\" decoding=\"async\" src=\"https:\/\/i0.wp.com\/imagens.brasil.elpais.com\/resizer\/Q3BQFBQ2sjDclMhKT-nM2t2LcIs%3D\/768x0\/cloudfront-eu-central-1.images.arcpublishing.com\/prisa\/7CYXXHQBNGSHHKD6QLGNW3OZYY.jpg?w=600&#038;ssl=1\" alt=\"\"\/><figcaption>ERALDO PERES \/ AP<\/figcaption><\/figure>\n\n\n\n<p>Bolsonaro anuncia que n\u00e3o vai se vacinar e atua para criar p\u00e2nico na popula\u00e7\u00e3o, referindo-se a terr\u00edveis efeitos colaterais. Em resposta ao questionamento do Supremo Tribunal Federal, o Minist\u00e9rio da Sa\u00fade&nbsp;<a href=\"https:\/\/brasil.elpais.com\/brasil\/2020-12-16\/governo-projeta-vacinacao-contra-covid-19-em-fevereiro-e-contempla-todas-as-vacinas-incluindo-a-coronavac.html\">apresenta o Plano Nacional de Operacionaliza\u00e7\u00e3o da Vacina\u00e7\u00e3o<\/a>. O Governo, por\u00e9m, ainda n\u00e3o tem vacina a oferecer nem cronograma confi\u00e1vel de vacina\u00e7\u00e3o. Onze ex-ministros da Sa\u00fade de diferentes partidos publicam artigo denunciando \u201cdesastrada e ineficiente condu\u00e7\u00e3o do MS em rela\u00e7\u00e3o \u00e0 estrat\u00e9gia brasileira de vacina\u00e7\u00e3o da popula\u00e7\u00e3o contra a covid-19\u201d. Ainda n\u00e3o h\u00e1 plano emergencial para os ind\u00edgenas. Diz o ministro Lu\u00eds Roberto Barroso, do STF: \u201cImpressiona que, ap\u00f3s quase 10 meses de pandemia, n\u00e3o tenha a Uni\u00e3o logrado o m\u00ednimo: oferecer um plano com seus elementos essenciais, situa\u00e7\u00e3o que segue expondo a risco a vida e a sa\u00fade dos povos ind\u00edgenas\u201d.<\/p>\n\n\n\n<h5 class=\"wp-block-heading\">O que Bolsonaro diz:<\/h5>\n\n\n\n<p>\u201cA PANDEMIA, REALMENTE, EST\u00c1 CHEGANDO AO FIM. TEMOS UMA PEQUENA ASCENS\u00c3O, AGORA, QUE CHAMA DE PEQUENO REPIQUE QUE PODE ACONTECER, MAS A PRESSA DA VACINA N\u00c3O SE JUSTIFICA. (&#8230;) V\u00c3O INOCULAR ALGO EM VOC\u00ca. O SEU SISTEMA IMUNOL\u00d3GICO PODE REAGIR, AINDA DE FORMA IMPREVISTA19\/12, EM ENTREVISTA AO PROGRAMA DE UM DE SEUS FILHOS NO YOUTUBE<\/p>\n\n\n\n<h2 class=\"wp-block-heading\"><strong>JANEIRO DE 2021, AT\u00c9 O DIA 16&nbsp;<\/strong>(SEMANA EPIDEMIOL\u00d3GICA 2:10-16\/1)<\/h2>\n\n\n\n<h3 class=\"wp-block-heading\">CASOS ACUMULADOS:&nbsp;<strong>8.455.059 &#8211;&nbsp;<\/strong>\u00d3BITOS ACUMULADOS:&nbsp;<strong>209.296<\/strong><\/h3>\n\n\n\n<h4 class=\"wp-block-heading\">Mortos por asfixia<\/h4>\n\n\n\n<figure class=\"wp-block-image\"><img data-recalc-dims=\"1\" decoding=\"async\" src=\"https:\/\/i0.wp.com\/imagens.brasil.elpais.com\/resizer\/nvDtqqnj4q8-FNUwyH2kocWYdeQ%3D\/768x0\/cloudfront-eu-central-1.images.arcpublishing.com\/prisa\/4SSMWGQVOU3TWGKOYB7JN7IXZA.jpg?w=600&#038;ssl=1\" alt=\"\"\/><figcaption>BRUNO KELLY \/ REUTERS<\/figcaption><\/figure>\n\n\n\n<p>O Minist\u00e9rio das Rela\u00e7\u00f5es Exteriores afirma ter comprado 2 milh\u00f5es de doses da vacina da AstraZeneca\/Oxford da \u00cdndia. Nos dias seguintes, o governo federal organiza uma grande opera\u00e7\u00e3o de propaganda, incluindo a divulga\u00e7\u00e3o massiva na m\u00eddia e adesivagem de um Airbus da Azul Linhas A\u00e9reas, que faria uma \u201cviagem hist\u00f3rica\u201d com o slogan: \u201cVacina\u00e7\u00e3o &#8211; Brasil imunizado &#8211; Somos uma s\u00f3 na\u00e7\u00e3o\u201d. Bolsonaro chega a enviar uma carta ao Primeiro Ministro da \u00cdndia solicitando urg\u00eancia no envio das doses, mas a opera\u00e7\u00e3o \u00e9 suspensa pela \u00cdndia. Diante do colapso da sa\u00fade em Manaus, com pacientes morrendo asfixiados por falta de oxig\u00eanio na rede hospitalar, o ministro da Sa\u00fade, general da ativa Eduardo Pazuello, declara: \u201cO que voc\u00ea vai fazer? Nada. Voc\u00ea e todo mundo v\u00e3o esperar chegar o oxig\u00eanio para ser distribu\u00eddo\u201d.<\/p>\n\n\n\n<p>Bolsonaro veta parte da Lei Complementar n\u00ba 177, de 12\/1\/20, aprovada por ampla maioria no Senado (71 x1 votos) e na C\u00e2mara dos Deputados (385 x 18 votos). Segundo a Ag\u00eancia FAPESP, vetos presidenciais subtraem 9,1 bilh\u00f5es de reais dos investimentos em ci\u00eancia, tecnologia e inova\u00e7\u00e3o neste ano, impedindo que o Brasil desenvolva uma vacina contra a covid-19, apesar de ter infraestrutura e recursos humanos suficientes. Comunidades acad\u00eamica e empresarial mobilizam-se para derrubada dos vetos,<\/p>\n\n\n\n<h5 class=\"wp-block-heading\">O que Bolsonaro diz:<\/h5>\n\n\n\n<p>\u201cO BRASIL EST\u00c1 QUEBRADO, CHEFE. EU N\u00c3O CONSIGO FAZER NADA. EU QUERIA MEXER NA TABELA DO IMPOSTO DE RENDA, T\u00c1, TEVE ESSE V\u00cdRUS, POTENCIALIZADO PELA M\u00cdDIA QUE N\u00d3S TEMOS, ESSA M\u00cdDIA SEM CAR\u00c1TER5\/1, NA SA\u00cdDA DO PAL\u00c1CIO DO PLANALTO<\/p>\n\n\n\n<p><strong>Acesse o&nbsp;<\/strong><a href=\"https:\/\/www.conectas.org\/wp\/wp-content\/uploads\/2021\/01\/Boletim_Direitos-na-Pandemia_ed_10.pdf\" target=\"_blank\" rel=\"noreferrer noopener\"><strong>documento completo aqui<\/strong><\/a><strong>.<\/strong><\/p>\n","protected":false},"excerpt":{"rendered":"<p>Ao analisar 3.049 normas federais produzidas em 2020, a Faculdade de Sa\u00fade P\u00fablica da USP e a Conectas Direitos Humanos mostram por que o Brasil j\u00e1 superou mais de 212.000 mortes por covid-19.<\/p>\n","protected":false},"author":1,"featured_media":0,"comment_status":"closed","ping_status":"open","sticky":false,"template":"","format":"standard","meta":{"_exactmetrics_skip_tracking":false,"_exactmetrics_sitenote_active":false,"_exactmetrics_sitenote_note":"","_exactmetrics_sitenote_category":0,"jetpack_post_was_ever_published":false,"_jetpack_newsletter_access":"","_jetpack_dont_email_post_to_subs":false,"_jetpack_newsletter_tier_id":0,"_jetpack_memberships_contains_paywalled_content":false,"_jetpack_memberships_contains_paid_content":false,"footnotes":"","jetpack_publicize_message":"","jetpack_publicize_feature_enabled":true,"jetpack_social_post_already_shared":true,"jetpack_social_options":{"image_generator_settings":{"template":"highway","enabled":false},"version":2}},"categories":[1],"tags":[],"class_list":["post-30693","post","type-post","status-publish","format-standard","hentry","category-notas"],"jetpack_publicize_connections":[],"jetpack_sharing_enabled":true,"jetpack_featured_media_url":"","jetpack_shortlink":"https:\/\/wp.me\/p7wKYW-7Z3","jetpack-related-posts":[],"_links":{"self":[{"href":"http:\/\/blogdalucianaoliveira.com.br\/blog\/wp-json\/wp\/v2\/posts\/30693","targetHints":{"allow":["GET"]}}],"collection":[{"href":"http:\/\/blogdalucianaoliveira.com.br\/blog\/wp-json\/wp\/v2\/posts"}],"about":[{"href":"http:\/\/blogdalucianaoliveira.com.br\/blog\/wp-json\/wp\/v2\/types\/post"}],"author":[{"embeddable":true,"href":"http:\/\/blogdalucianaoliveira.com.br\/blog\/wp-json\/wp\/v2\/users\/1"}],"replies":[{"embeddable":true,"href":"http:\/\/blogdalucianaoliveira.com.br\/blog\/wp-json\/wp\/v2\/comments?post=30693"}],"version-history":[{"count":1,"href":"http:\/\/blogdalucianaoliveira.com.br\/blog\/wp-json\/wp\/v2\/posts\/30693\/revisions"}],"predecessor-version":[{"id":30695,"href":"http:\/\/blogdalucianaoliveira.com.br\/blog\/wp-json\/wp\/v2\/posts\/30693\/revisions\/30695"}],"wp:attachment":[{"href":"http:\/\/blogdalucianaoliveira.com.br\/blog\/wp-json\/wp\/v2\/media?parent=30693"}],"wp:term":[{"taxonomy":"category","embeddable":true,"href":"http:\/\/blogdalucianaoliveira.com.br\/blog\/wp-json\/wp\/v2\/categories?post=30693"},{"taxonomy":"post_tag","embeddable":true,"href":"http:\/\/blogdalucianaoliveira.com.br\/blog\/wp-json\/wp\/v2\/tags?post=30693"}],"curies":[{"name":"wp","href":"https:\/\/api.w.org\/{rel}","templated":true}]}}