{"id":30699,"date":"2021-01-21T18:20:18","date_gmt":"2021-01-21T22:20:18","guid":{"rendered":"http:\/\/blogdalucianaoliveira.com.br\/blog\/?p=30699"},"modified":"2021-01-21T18:20:24","modified_gmt":"2021-01-21T22:20:24","slug":"diplomacia-de-biden-desmonta-agenda-que-uniu-bolsonaro-e-trump-no-mundo","status":"publish","type":"post","link":"http:\/\/blogdalucianaoliveira.com.br\/blog\/2021\/01\/21\/diplomacia-de-biden-desmonta-agenda-que-uniu-bolsonaro-e-trump-no-mundo\/","title":{"rendered":"Diplomacia de Biden desmonta agenda que uniu Bolsonaro e Trump no mundo"},"content":{"rendered":"\n<figure class=\"wp-block-image size-large\"><img data-recalc-dims=\"1\" loading=\"lazy\" decoding=\"async\" width=\"600\" height=\"293\" data-attachment-id=\"30700\" data-permalink=\"http:\/\/blogdalucianaoliveira.com.br\/blog\/2021\/01\/21\/diplomacia-de-biden-desmonta-agenda-que-uniu-bolsonaro-e-trump-no-mundo\/6a198a9d-4c41-4a46-a6c7-87f41fd8f9d1\/\" data-orig-file=\"https:\/\/i0.wp.com\/blogdalucianaoliveira.com.br\/blog\/wp-content\/uploads\/2021\/01\/6A198A9D-4C41-4A46-A6C7-87F41FD8F9D1.jpeg?fit=615%2C300\" data-orig-size=\"615,300\" data-comments-opened=\"0\" data-image-meta=\"{&quot;aperture&quot;:&quot;0&quot;,&quot;credit&quot;:&quot;&quot;,&quot;camera&quot;:&quot;&quot;,&quot;caption&quot;:&quot;&quot;,&quot;created_timestamp&quot;:&quot;0&quot;,&quot;copyright&quot;:&quot;&quot;,&quot;focal_length&quot;:&quot;0&quot;,&quot;iso&quot;:&quot;0&quot;,&quot;shutter_speed&quot;:&quot;0&quot;,&quot;title&quot;:&quot;&quot;,&quot;orientation&quot;:&quot;1&quot;}\" data-image-title=\"6A198A9D-4C41-4A46-A6C7-87F41FD8F9D1\" data-image-description=\"\" data-image-caption=\"\" data-medium-file=\"https:\/\/i0.wp.com\/blogdalucianaoliveira.com.br\/blog\/wp-content\/uploads\/2021\/01\/6A198A9D-4C41-4A46-A6C7-87F41FD8F9D1.jpeg?fit=300%2C146\" data-large-file=\"https:\/\/i0.wp.com\/blogdalucianaoliveira.com.br\/blog\/wp-content\/uploads\/2021\/01\/6A198A9D-4C41-4A46-A6C7-87F41FD8F9D1.jpeg?fit=600%2C293\" src=\"https:\/\/i0.wp.com\/blogdalucianaoliveira.com.br\/blog\/wp-content\/uploads\/2021\/01\/6A198A9D-4C41-4A46-A6C7-87F41FD8F9D1.jpeg?resize=600%2C293\" alt=\"\" class=\"wp-image-30700\" srcset=\"https:\/\/i0.wp.com\/blogdalucianaoliveira.com.br\/blog\/wp-content\/uploads\/2021\/01\/6A198A9D-4C41-4A46-A6C7-87F41FD8F9D1.jpeg?w=615 615w, https:\/\/i0.wp.com\/blogdalucianaoliveira.com.br\/blog\/wp-content\/uploads\/2021\/01\/6A198A9D-4C41-4A46-A6C7-87F41FD8F9D1.jpeg?resize=300%2C146 300w\" sizes=\"auto, (max-width: 600px) 100vw, 600px\" \/><\/figure>\n\n\n\n<p>UOL, Jamil Chade &#8211; O governo de Joe Biden, novo presidente dos Estados Unidos (EUA), sinaliza que ir\u00e1 se afastar das alian\u00e7as formais e informais que tinham sido criadas nos \u00faltimos anos entre Donald Trump, Jair Bolsonaro e outros l\u00edderes populistas na defesa de agendas religiosas, pol\u00edticas ultraconservadoras, negacionismo ambiental, ataques \u00e0s institui\u00e7\u00f5es multilaterais e de desmonte dos pactos de direitos humanos.<\/p>\n\n\n\n<!--more-->\n\n\n\n<p>Uma primeira indica\u00e7\u00e3o dessa tend\u00eancia foi dada por sua equipe durante a sabatina no Senado americano com o novo chefe da diplomacia dos EUA, Antony Blinken, na noite de ter\u00e7a-feira (19). Questionado por mais de quatro horas, o experiente negociador que ir\u00e1 assumir o Departamento de Estado norte-americano foi expl\u00edcito em dizer que ser\u00e1 uma de suas prioridades lidar com a amea\u00e7a do populismo.<\/p>\n\n\n\n<p>Nossos colunistas <\/p>\n\n\n\n<p>Ao explicar seus planos, ele voltou a defender a ideia da realiza\u00e7\u00e3o no segundo semestre do ano de uma c\u00fapula para a promo\u00e7\u00e3o da democracia, reunindo pa\u00edses aliados.<\/p>\n\n\n\n<p>Para Blinken, existe um risco real por parte do &#8220;populismo emergente&#8221; no mundo. Sem citar nomes, ele ainda apontou como, ao longo dos \u00faltimos anos, os pilares da democracia foram abalados em alguns pa\u00edses. O evento tamb\u00e9m \u00e9 visto como um instrumento para dar uma resposta ao movimento mundial de extrema-direita, assim como um marco de sua Presid\u00eancia diante de ditaduras pelo mundo.<\/p>\n\n\n\n<p>Diplomatas brasileiros interpretaram a refer\u00eancia ao projeto como um sinal claro de que o tema da &#8220;democracia&#8221; estar\u00e1 presente nas decis\u00f5es de Biden e que isso, potencialmente, pode ser uma press\u00e3o sobre o governo Bolsonaro.<\/p>\n\n\n\n<p>A perspectiva \u00e9 de que a agenda da c\u00fapula inclua a prote\u00e7\u00e3o do papel da sociedade civil, meio ambiente, fortalecimento das institui\u00e7\u00f5es democr\u00e1ticas, ataques contra a desinforma\u00e7\u00e3o, al\u00e9m de combate contra a tortura. Alguns dos principais aliados dos EUA j\u00e1 estariam na lista, entre eles Canad\u00e1, Fran\u00e7a, Alemanha, Coreia do Sul, Austr\u00e1lia e Jap\u00e3o.<\/p>\n\n\n\n<p>EUA voltam ao Acordo de Paris e \u00e0 OMS<\/p>\n\n\n\n<p>Blinken ainda deixou claro que a agenda ambiental do novo governo americano ser\u00e1 implementada &#8220;imediatamente&#8221;. Isso inclui a volta ao Acordo Clim\u00e1tico de Paris e o engajamento de Washington em negocia\u00e7\u00f5es em diferentes f\u00f3runs.<\/p>\n\n\n\n<p>J\u00e1 na pr\u00f3xima semana, o enviado de Biden para temas ambientais, John Kerry, participar\u00e1 de um debate no F\u00f3rum Econ\u00f4mico Mundial, que organiza seu evento de maneira virtual. A expectativa \u00e9 de que o evento seja usado para que o novo governo explique quais ser\u00e3o suas metas.<\/p>\n\n\n\n<p>Os Estados Unidos voltar\u00e3o a integrar a OMS (Organiza\u00e7\u00e3o Mundial da Sa\u00fade), uma decis\u00e3o que ter\u00e1 um impacto na forma pela qual a pandemia ser\u00e1 administrada. Trump havia optado por sair do organismo, como uma forma de punir a institui\u00e7\u00e3o por seus erros na crise sanit\u00e1ria e sua proximidade ao governo chin\u00eas, al\u00e9m de fortalecer o discurso contra o multilateralismo.<\/p>\n\n\n\n<p>Para Blinken, por\u00e9m, essa aus\u00eancia apenas abriria caminho para que Pequim fortale\u00e7a sua posi\u00e7\u00e3o nas institui\u00e7\u00f5es internacionais. Ele insiste que a OMS ter\u00e1 de ser reformada. Mas defende que isso seja feito com um envolvimento direto dos EUA.<\/p>\n\n\n\n<p>Americanos querem retomar influ\u00eancia em decis\u00f5es globais na pandemia<\/p>\n\n\n\n<p>Com a meta de mostrar uma ruptura, Biden enviar\u00e1 Tony Fauci para representar os EUA numa reuni\u00e3o da OMS ainda nesta semana.<\/p>\n\n\n\n<p>O novo chefe da diplomacia americana tamb\u00e9m indicou que a Casa Branca vai aderir ao Covax, a alian\u00e7a de vacinas criada pela OMS. Segundo ele, existe um risco de que a pandemia gere uma vulnerabilidade ainda maior nos pa\u00edses mais pobres, o que minaria os interesses inclusive dos EUA em um cen\u00e1rio internacional mais est\u00e1vel.<\/p>\n\n\n\n<p>&#8220;H\u00e1 um interesse nacional em ajudar e fazer nossa parte para que as vacinas cheguem a todos&#8221;, afirmou.<\/p>\n\n\n\n<p>O Brasil tamb\u00e9m faz parte da alian\u00e7a de vacinas. Mas hesitou em aderir ao projeto, sob a justificativa de que tal projeto daria for\u00e7a para a OMS como centro da resposta global \u00e0 pandemia.<\/p>\n\n\n\n<p>Direitos LGBTQ<\/p>\n\n\n\n<p>Outro setor que sofrer\u00e1 ampla revis\u00e3o \u00e9 o cap\u00edtulo de direitos humanos. Blinken afirmou, diante do Senado, que embaixadores americanos voltar\u00e3o a ser autorizados a colocar uma bandeira que simboliza o movimento LGBT em suas agendas e em seus escrit\u00f3rios.<\/p>\n\n\n\n<p>&#8220;A viol\u00eancia contra a popula\u00e7\u00e3o LGBT aumenta no mundo. Os EUA precisam assumir seu papel de proteger essas pessoas&#8221;, disse. Entre os diferentes instrumentos, Biden ter\u00e1 um embaixador dedicado ao tema da promo\u00e7\u00e3o do direito desse segmento no palco internacional.<\/p>\n\n\n\n<p>Outra quest\u00e3o dos senadores se referia \u00e0 comiss\u00e3o criada por Trump com a ambi\u00e7\u00e3o de promover uma redefini\u00e7\u00e3o do que s\u00e3o os direitos humanos, num processo que poderia ter um impacto global. Para o novo chefe da diplomacia americana, as conclus\u00f5es da comiss\u00e3o ser\u00e3o rejeitadas.<\/p>\n\n\n\n<p>A meta inicial do projeto de Trump era colocar limites \u00e0s novas reivindica\u00e7\u00f5es dos direitos humanos e realizar a maior revis\u00e3o do termo desde a assinatura em 1948 da Declara\u00e7\u00e3o Universal dos Direitos Humanos.<\/p>\n\n\n\n<p>Interesse nas Am\u00e9ricas: democracia e bem-estar para classe m\u00e9dia<\/p>\n\n\n\n<p>O futuro chefe da diplomacia ainda destacou como Biden colocar\u00e1 &#8220;aten\u00e7\u00e3o sustent\u00e1vel&#8221; nas quest\u00f5es das Am\u00e9ricas e que a regi\u00e3o ser\u00e1 uma &#8220;\u00e1rea de foco&#8221;. Durante sua sabatina no Senado, Blinken indicou como o presidente eleito fez 16 viagens para pa\u00edses do continente quando era o vice-presidente de Barack Obama.<\/p>\n\n\n\n<p>Para ele, Biden tem uma &#8220;vis\u00e3o forte&#8221; de que um futuro para o continente deve ser &#8220;democr\u00e1tico e que proteja a classe m\u00e9dia&#8221; para que os interesses dos EUA sejam atendidos.<\/p>\n\n\n\n<p>Al\u00e9m do populismo, a situa\u00e7\u00e3o da Venezuela e Cuba tamb\u00e9m estar\u00e3o na agenda. Blinken estima que Nicol\u00e1s Maduro, presidente venezuelano, tem usado negocia\u00e7\u00f5es para ganhar tempo e o qualifica como &#8220;ditador brutal&#8221;. Mas alerta que Washington ter\u00e1 de atuar em maior sintonia com pa\u00edses da regi\u00e3o e adotando san\u00e7\u00f5es mais focadas.<\/p>\n\n\n\n<p><\/p>\n","protected":false},"excerpt":{"rendered":"<p>UOL, Jamil Chade &#8211; O governo de Joe Biden, novo presidente dos Estados Unidos (EUA), sinaliza que ir\u00e1 se afastar das alian\u00e7as formais e informais que tinham sido criadas nos \u00faltimos anos entre Donald Trump, Jair Bolsonaro e outros l\u00edderes populistas na defesa de agendas religiosas, pol\u00edticas ultraconservadoras, negacionismo ambiental, ataques \u00e0s institui\u00e7\u00f5es multilaterais e&#8230;<a class=\"more-link\" href=\"http:\/\/blogdalucianaoliveira.com.br\/blog\/2021\/01\/21\/diplomacia-de-biden-desmonta-agenda-que-uniu-bolsonaro-e-trump-no-mundo\/\">Continue a leitura <span class=\"meta-nav\">&raquo;<\/span><\/a><\/p>\n","protected":false},"author":1,"featured_media":0,"comment_status":"closed","ping_status":"open","sticky":false,"template":"","format":"standard","meta":{"_exactmetrics_skip_tracking":false,"_exactmetrics_sitenote_active":false,"_exactmetrics_sitenote_note":"","_exactmetrics_sitenote_category":0,"jetpack_post_was_ever_published":false,"_jetpack_newsletter_access":"","_jetpack_dont_email_post_to_subs":false,"_jetpack_newsletter_tier_id":0,"_jetpack_memberships_contains_paywalled_content":false,"_jetpack_memberships_contains_paid_content":false,"footnotes":"","jetpack_publicize_message":"","jetpack_publicize_feature_enabled":true,"jetpack_social_post_already_shared":true,"jetpack_social_options":{"image_generator_settings":{"template":"highway","enabled":false},"version":2}},"categories":[1],"tags":[],"class_list":["post-30699","post","type-post","status-publish","format-standard","hentry","category-notas"],"jetpack_publicize_connections":[],"jetpack_sharing_enabled":true,"jetpack_featured_media_url":"","jetpack_shortlink":"https:\/\/wp.me\/p7wKYW-7Z9","jetpack-related-posts":[],"_links":{"self":[{"href":"http:\/\/blogdalucianaoliveira.com.br\/blog\/wp-json\/wp\/v2\/posts\/30699","targetHints":{"allow":["GET"]}}],"collection":[{"href":"http:\/\/blogdalucianaoliveira.com.br\/blog\/wp-json\/wp\/v2\/posts"}],"about":[{"href":"http:\/\/blogdalucianaoliveira.com.br\/blog\/wp-json\/wp\/v2\/types\/post"}],"author":[{"embeddable":true,"href":"http:\/\/blogdalucianaoliveira.com.br\/blog\/wp-json\/wp\/v2\/users\/1"}],"replies":[{"embeddable":true,"href":"http:\/\/blogdalucianaoliveira.com.br\/blog\/wp-json\/wp\/v2\/comments?post=30699"}],"version-history":[{"count":1,"href":"http:\/\/blogdalucianaoliveira.com.br\/blog\/wp-json\/wp\/v2\/posts\/30699\/revisions"}],"predecessor-version":[{"id":30701,"href":"http:\/\/blogdalucianaoliveira.com.br\/blog\/wp-json\/wp\/v2\/posts\/30699\/revisions\/30701"}],"wp:attachment":[{"href":"http:\/\/blogdalucianaoliveira.com.br\/blog\/wp-json\/wp\/v2\/media?parent=30699"}],"wp:term":[{"taxonomy":"category","embeddable":true,"href":"http:\/\/blogdalucianaoliveira.com.br\/blog\/wp-json\/wp\/v2\/categories?post=30699"},{"taxonomy":"post_tag","embeddable":true,"href":"http:\/\/blogdalucianaoliveira.com.br\/blog\/wp-json\/wp\/v2\/tags?post=30699"}],"curies":[{"name":"wp","href":"https:\/\/api.w.org\/{rel}","templated":true}]}}