{"id":30702,"date":"2021-01-22T11:52:51","date_gmt":"2021-01-22T15:52:51","guid":{"rendered":"http:\/\/blogdalucianaoliveira.com.br\/blog\/?p=30702"},"modified":"2021-01-22T11:52:56","modified_gmt":"2021-01-22T15:52:56","slug":"em-livro-bomba-eduardo-cunha-diz-que-golpe-contra-dilma-foi-urdido-no-apartamento-de-rodrigo-maia","status":"publish","type":"post","link":"http:\/\/blogdalucianaoliveira.com.br\/blog\/2021\/01\/22\/em-livro-bomba-eduardo-cunha-diz-que-golpe-contra-dilma-foi-urdido-no-apartamento-de-rodrigo-maia\/","title":{"rendered":"Em livro-bomba, Eduardo Cunha diz que golpe contra Dilma foi urdido no apartamento de Rodrigo Maia"},"content":{"rendered":"\n<figure class=\"wp-block-image size-large\"><img loading=\"lazy\" decoding=\"async\" width=\"1250\" height=\"600\" data-attachment-id=\"30703\" data-permalink=\"http:\/\/blogdalucianaoliveira.com.br\/blog\/2021\/01\/22\/em-livro-bomba-eduardo-cunha-diz-que-golpe-contra-dilma-foi-urdido-no-apartamento-de-rodrigo-maia\/def217ce-04bf-4c9a-893c-ec0690a01dc5\/\" data-orig-file=\"https:\/\/i0.wp.com\/blogdalucianaoliveira.com.br\/blog\/wp-content\/uploads\/2021\/01\/DEF217CE-04BF-4C9A-893C-EC0690A01DC5.jpeg?fit=1250%2C600\" data-orig-size=\"1250,600\" data-comments-opened=\"0\" data-image-meta=\"{&quot;aperture&quot;:&quot;0&quot;,&quot;credit&quot;:&quot;&quot;,&quot;camera&quot;:&quot;&quot;,&quot;caption&quot;:&quot;&quot;,&quot;created_timestamp&quot;:&quot;0&quot;,&quot;copyright&quot;:&quot;&quot;,&quot;focal_length&quot;:&quot;0&quot;,&quot;iso&quot;:&quot;0&quot;,&quot;shutter_speed&quot;:&quot;0&quot;,&quot;title&quot;:&quot;&quot;,&quot;orientation&quot;:&quot;0&quot;}\" data-image-title=\"DEF217CE-04BF-4C9A-893C-EC0690A01DC5\" data-image-description=\"\" data-image-caption=\"\" data-medium-file=\"https:\/\/i0.wp.com\/blogdalucianaoliveira.com.br\/blog\/wp-content\/uploads\/2021\/01\/DEF217CE-04BF-4C9A-893C-EC0690A01DC5.jpeg?fit=300%2C144\" data-large-file=\"https:\/\/i0.wp.com\/blogdalucianaoliveira.com.br\/blog\/wp-content\/uploads\/2021\/01\/DEF217CE-04BF-4C9A-893C-EC0690A01DC5.jpeg?fit=600%2C288\" src=\"https:\/\/i1.wp.com\/blogdalucianaoliveira.com.br\/blog\/wp-content\/uploads\/2021\/01\/DEF217CE-04BF-4C9A-893C-EC0690A01DC5.jpeg?fit=600%2C288\" alt=\"\" class=\"wp-image-30703\" srcset=\"https:\/\/i0.wp.com\/blogdalucianaoliveira.com.br\/blog\/wp-content\/uploads\/2021\/01\/DEF217CE-04BF-4C9A-893C-EC0690A01DC5.jpeg?w=1250 1250w, https:\/\/i0.wp.com\/blogdalucianaoliveira.com.br\/blog\/wp-content\/uploads\/2021\/01\/DEF217CE-04BF-4C9A-893C-EC0690A01DC5.jpeg?resize=300%2C144 300w, https:\/\/i0.wp.com\/blogdalucianaoliveira.com.br\/blog\/wp-content\/uploads\/2021\/01\/DEF217CE-04BF-4C9A-893C-EC0690A01DC5.jpeg?resize=1024%2C492 1024w, https:\/\/i0.wp.com\/blogdalucianaoliveira.com.br\/blog\/wp-content\/uploads\/2021\/01\/DEF217CE-04BF-4C9A-893C-EC0690A01DC5.jpeg?resize=768%2C369 768w, https:\/\/i0.wp.com\/blogdalucianaoliveira.com.br\/blog\/wp-content\/uploads\/2021\/01\/DEF217CE-04BF-4C9A-893C-EC0690A01DC5.jpeg?resize=625%2C300 625w, https:\/\/i0.wp.com\/blogdalucianaoliveira.com.br\/blog\/wp-content\/uploads\/2021\/01\/DEF217CE-04BF-4C9A-893C-EC0690A01DC5.jpeg?w=1200 1200w\" sizes=\"auto, (max-width: 600px) 100vw, 600px\" \/><\/figure>\n\n\n\n<p><strong>247 &#8211;&nbsp;<\/strong>O ex-deputado federal Eduardo Cunha, condenado a 14 anos e seis meses de pris\u00e3o no \u00e2mbito da Lava Jato, relata no livro \u201cTchau Querida, o Di\u00e1rio do Impeachment\u201d, que dever\u00e1 ser lan\u00e7ado em abril, &nbsp;que o golpe parlamentar de 2016 que resultou no impeachment da ent\u00e3o presidente Dilma Rousseff, foi tramado no apartamento do atual presidente da C\u00e2mara, Rodrigo Maia (DEM-RJ), e contou com o apoio do PSDB. De acordo com a coluna&nbsp;<a href=\"https:\/\/veja.abril.com.br\/politica\/as-revelacoes-do-livro-de-cunha-sobre-bastidores-do-impeachment-de-dilma\/\">Radar<\/a>, da revista Veja, Cunha relata, ainda, que o primeiro pedido de afastamento &nbsp;foi feito pelo ent\u00e3o deputado Jair Bolsonaro.&nbsp;<\/p>\n\n\n\n<!--more-->\n\n\n\n<p>Segundo Cunha, a reuni\u00e3o que resultou na trama que desaguou no afastamento da presidente Dilma Rousseff teria sido realizada no apartamento do Rodrigo Maia, no Rio de Janeiro. Al\u00e9m deles, os deputados Carlos Sampaio, \u00e0 \u00e9poca l\u00edder do PSDB na C\u00e2mara, e Bruno Ara\u00fajo, atual presidente nacional da legenda tucana, teriam participado do encontro.&nbsp;<\/p>\n\n\n\n<p>Na obra, Cunha tamb\u00e9m diz que o deputado baleia Rossi (MDB-SP), que atualmente \u00e9 o candidato de Maia e conta com o apoio do PT na disputa pela presid\u00eancia da C\u00e2mara, tamb\u00e9m teria atuado nas articula\u00e7\u00f5es do impeachment. Michel Temer, ent\u00e3o vice-presidente, tamb\u00e9m ter\u00e1 tido um papel fundamental no processo.&nbsp;<\/p>\n\n\n\n<p>Segundo o ex-parlamentar, Temer \u201csimplesmente quis e disputou a Presid\u00eancia de forma indireta\u201d. \u201cFoi, sim, o militante mais atuante. Sem ele, n\u00e3o teria havido impeachment\u201d, assegura.&nbsp;<\/p>\n\n\n\n<p>Sobre a participa\u00e7\u00e3o de Jair Bolsonaro, ele afirma que \u201co primeiro pedido de impeachment coube ao ent\u00e3o deputado (\u2026), em fun\u00e7\u00e3o das den\u00fancias de corrup\u00e7\u00e3o na Petrobras. Eu rejeitei o seu pedido. De todos os pedidos por mim rejeitados, Bolsonaro foi o \u00fanico que recorreu\u201d.&nbsp;<\/p>\n","protected":false},"excerpt":{"rendered":"<p>247 &#8211;&nbsp;O ex-deputado federal Eduardo Cunha, condenado a 14 anos e seis meses de pris\u00e3o no \u00e2mbito da Lava Jato, relata no livro \u201cTchau Querida, o Di\u00e1rio do Impeachment\u201d, que dever\u00e1 ser lan\u00e7ado em abril, &nbsp;que o golpe parlamentar de 2016 que resultou no impeachment da ent\u00e3o presidente Dilma Rousseff, foi tramado no apartamento do&#8230;<a class=\"more-link\" href=\"http:\/\/blogdalucianaoliveira.com.br\/blog\/2021\/01\/22\/em-livro-bomba-eduardo-cunha-diz-que-golpe-contra-dilma-foi-urdido-no-apartamento-de-rodrigo-maia\/\">Continue a leitura <span class=\"meta-nav\">&raquo;<\/span><\/a><\/p>\n","protected":false},"author":1,"featured_media":0,"comment_status":"closed","ping_status":"open","sticky":false,"template":"","format":"standard","meta":{"_exactmetrics_skip_tracking":false,"_exactmetrics_sitenote_active":false,"_exactmetrics_sitenote_note":"","_exactmetrics_sitenote_category":0,"jetpack_post_was_ever_published":false,"_jetpack_newsletter_access":"","_jetpack_dont_email_post_to_subs":false,"_jetpack_newsletter_tier_id":0,"_jetpack_memberships_contains_paywalled_content":false,"_jetpack_memberships_contains_paid_content":false,"footnotes":"","jetpack_publicize_message":"","jetpack_publicize_feature_enabled":true,"jetpack_social_post_already_shared":true,"jetpack_social_options":{"image_generator_settings":{"template":"highway","enabled":false},"version":2}},"categories":[1],"tags":[],"class_list":["post-30702","post","type-post","status-publish","format-standard","hentry","category-notas"],"jetpack_publicize_connections":[],"jetpack_sharing_enabled":true,"jetpack_featured_media_url":"","jetpack_shortlink":"https:\/\/wp.me\/p7wKYW-7Zc","jetpack-related-posts":[],"_links":{"self":[{"href":"http:\/\/blogdalucianaoliveira.com.br\/blog\/wp-json\/wp\/v2\/posts\/30702","targetHints":{"allow":["GET"]}}],"collection":[{"href":"http:\/\/blogdalucianaoliveira.com.br\/blog\/wp-json\/wp\/v2\/posts"}],"about":[{"href":"http:\/\/blogdalucianaoliveira.com.br\/blog\/wp-json\/wp\/v2\/types\/post"}],"author":[{"embeddable":true,"href":"http:\/\/blogdalucianaoliveira.com.br\/blog\/wp-json\/wp\/v2\/users\/1"}],"replies":[{"embeddable":true,"href":"http:\/\/blogdalucianaoliveira.com.br\/blog\/wp-json\/wp\/v2\/comments?post=30702"}],"version-history":[{"count":1,"href":"http:\/\/blogdalucianaoliveira.com.br\/blog\/wp-json\/wp\/v2\/posts\/30702\/revisions"}],"predecessor-version":[{"id":30704,"href":"http:\/\/blogdalucianaoliveira.com.br\/blog\/wp-json\/wp\/v2\/posts\/30702\/revisions\/30704"}],"wp:attachment":[{"href":"http:\/\/blogdalucianaoliveira.com.br\/blog\/wp-json\/wp\/v2\/media?parent=30702"}],"wp:term":[{"taxonomy":"category","embeddable":true,"href":"http:\/\/blogdalucianaoliveira.com.br\/blog\/wp-json\/wp\/v2\/categories?post=30702"},{"taxonomy":"post_tag","embeddable":true,"href":"http:\/\/blogdalucianaoliveira.com.br\/blog\/wp-json\/wp\/v2\/tags?post=30702"}],"curies":[{"name":"wp","href":"https:\/\/api.w.org\/{rel}","templated":true}]}}