{"id":30705,"date":"2021-01-22T11:57:36","date_gmt":"2021-01-22T15:57:36","guid":{"rendered":"http:\/\/blogdalucianaoliveira.com.br\/blog\/?p=30705"},"modified":"2021-01-22T11:57:43","modified_gmt":"2021-01-22T15:57:43","slug":"atos-pro-impeachment-de-jair-bolsonaro-se-espalham-15-capitais-terao-carreatas","status":"publish","type":"post","link":"http:\/\/blogdalucianaoliveira.com.br\/blog\/2021\/01\/22\/atos-pro-impeachment-de-jair-bolsonaro-se-espalham-15-capitais-terao-carreatas\/","title":{"rendered":"Atos pr\u00f3-impeachment de Jair Bolsonaro se espalham; 15 capitais ter\u00e3o carreatas"},"content":{"rendered":"\n<figure class=\"wp-block-image size-large\"><img loading=\"lazy\" decoding=\"async\" width=\"1080\" height=\"1080\" data-attachment-id=\"30706\" data-permalink=\"http:\/\/blogdalucianaoliveira.com.br\/blog\/2021\/01\/22\/atos-pro-impeachment-de-jair-bolsonaro-se-espalham-15-capitais-terao-carreatas\/b6e2fd4f-24e4-40fa-9eb0-a4bee5a16ed6\/\" data-orig-file=\"https:\/\/i0.wp.com\/blogdalucianaoliveira.com.br\/blog\/wp-content\/uploads\/2021\/01\/B6E2FD4F-24E4-40FA-9EB0-A4BEE5A16ED6.jpeg?fit=1080%2C1080\" data-orig-size=\"1080,1080\" data-comments-opened=\"0\" data-image-meta=\"{&quot;aperture&quot;:&quot;0&quot;,&quot;credit&quot;:&quot;&quot;,&quot;camera&quot;:&quot;&quot;,&quot;caption&quot;:&quot;&quot;,&quot;created_timestamp&quot;:&quot;0&quot;,&quot;copyright&quot;:&quot;&quot;,&quot;focal_length&quot;:&quot;0&quot;,&quot;iso&quot;:&quot;0&quot;,&quot;shutter_speed&quot;:&quot;0&quot;,&quot;title&quot;:&quot;&quot;,&quot;orientation&quot;:&quot;0&quot;}\" data-image-title=\"B6E2FD4F-24E4-40FA-9EB0-A4BEE5A16ED6\" data-image-description=\"\" data-image-caption=\"\" data-medium-file=\"https:\/\/i0.wp.com\/blogdalucianaoliveira.com.br\/blog\/wp-content\/uploads\/2021\/01\/B6E2FD4F-24E4-40FA-9EB0-A4BEE5A16ED6.jpeg?fit=300%2C300\" data-large-file=\"https:\/\/i0.wp.com\/blogdalucianaoliveira.com.br\/blog\/wp-content\/uploads\/2021\/01\/B6E2FD4F-24E4-40FA-9EB0-A4BEE5A16ED6.jpeg?fit=600%2C600\" src=\"https:\/\/i0.wp.com\/blogdalucianaoliveira.com.br\/blog\/wp-content\/uploads\/2021\/01\/B6E2FD4F-24E4-40FA-9EB0-A4BEE5A16ED6.jpeg?fit=600%2C600\" alt=\"\" class=\"wp-image-30706\" srcset=\"https:\/\/i0.wp.com\/blogdalucianaoliveira.com.br\/blog\/wp-content\/uploads\/2021\/01\/B6E2FD4F-24E4-40FA-9EB0-A4BEE5A16ED6.jpeg?w=1080 1080w, https:\/\/i0.wp.com\/blogdalucianaoliveira.com.br\/blog\/wp-content\/uploads\/2021\/01\/B6E2FD4F-24E4-40FA-9EB0-A4BEE5A16ED6.jpeg?resize=300%2C300 300w, https:\/\/i0.wp.com\/blogdalucianaoliveira.com.br\/blog\/wp-content\/uploads\/2021\/01\/B6E2FD4F-24E4-40FA-9EB0-A4BEE5A16ED6.jpeg?resize=1024%2C1024 1024w, https:\/\/i0.wp.com\/blogdalucianaoliveira.com.br\/blog\/wp-content\/uploads\/2021\/01\/B6E2FD4F-24E4-40FA-9EB0-A4BEE5A16ED6.jpeg?resize=150%2C150 150w, https:\/\/i0.wp.com\/blogdalucianaoliveira.com.br\/blog\/wp-content\/uploads\/2021\/01\/B6E2FD4F-24E4-40FA-9EB0-A4BEE5A16ED6.jpeg?resize=768%2C768 768w\" sizes=\"auto, (max-width: 600px) 100vw, 600px\" \/><\/figure>\n\n\n\n<h4 class=\"wp-block-heading\">No s\u00e1bado, organiza\u00e7\u00f5es de esquerda saem \u00e0s ruas; no domingo, movimentos de direita tamb\u00e9m pedir\u00e3o a sa\u00edda do presidente<\/h4>\n\n\n\n<!--more-->\n\n\n\n<p>Brasil de Fato | S\u00e3o Paulo (SP)\u00a0<\/p>\n\n\n\n<p>O movimento pelo&nbsp;<em>impeachment<\/em>&nbsp;do presidente Jair Bolsonaro (sem partido) est\u00e1 ganhando for\u00e7a no pa\u00eds. Na \u00faltima quarta-feira (20), ap\u00f3s a&nbsp;<em>hashtag<\/em>#ForaBolsonaro aparecer entre os assuntos mais comentados do Brasil nas redes sociais, foi anunciada, para o pr\u00f3ximo fim&nbsp;de semana, uma s\u00e9rie de atos pela sa\u00edda do mandat\u00e1rio, divididos entre s\u00e1bado e domingo.<\/p>\n\n\n\n<p>Por conta da\u00a0<a href=\"https:\/\/www.brasildefato.com.br\/2021\/01\/20\/cns-pede-que-governo-revogue-orientacao-de-tratamento-precoce-para-covid-19\">pandemia do coronav\u00edrus<\/a>, que j\u00e1 contaminou 8 milh\u00f5es de brasileiros e matou 212 mil pessoas no territ\u00f3rio nacional, os atos foram convertidos em carreatas. Segundo a Frente Brasil Popular, j\u00e1 s\u00e3o 15 capitais com carreatas confirmadas \u2014 Bel\u00e9m, Macei\u00f3, Salvador, Jo\u00e3o Pessoa, Teresina, Recife, Fortaleza, S\u00e3o Paulo, Belo Horizonte, Rio de Janeiro, Bras\u00edlia, Campo Grande, Porto Alegre, Curitiba e Florian\u00f3polis \u2014, al\u00e9m de outras cidades ao redor do Brasil.\u00a0\u00a0<br><\/p>\n\n\n\n<p>A Frente Brasil Popular, Povo Sem Medo, F\u00f3rum Pelos Direitos e Liberdades Democr\u00e1ticas e o Acredito chamaram os atos que ocorrem no pr\u00f3ximo s\u00e1bado (23). Logo cedo, \u00e0s 9h, em Bras\u00edlia, na frente da Funarte, manifestantes partir\u00e3o em carreata at\u00e9 a Esplanada dos Minist\u00e9rios.<\/p>\n\n\n\n<p>Em Bel\u00e9m (PA), os manifestantes se concentrar\u00e3o na avenida Doca de Souza Franco; no Rio de Janeiro (RJ), \u00e0s 10h, a carreata sair\u00e1 do monumento Zumbi dos Palmares, na avenida Presidente Vargas; na pra\u00e7a da Independ\u00eancia, em Jo\u00e3o Pessoa (PB), os ativistas se concentram \u00e0 partir das 14h.<\/p>\n\n\n\n<p>Tamb\u00e9m \u00e0s 14h, os manifestantes saem em carreata em S\u00e3o Paulo (SP), tendo como ponto de encontro&nbsp;a Assembleia Legislativa; em Belo Horizonte (MG), a concentra\u00e7\u00e3o do ato ser\u00e1 no Miner\u00e3o, \u00e0s 16h; no mesmo hor\u00e1rio, os ga\u00fachos se encontram em Porto Alegre (RS), no largo Zumbi dos Palmares.<\/p>\n\n\n\n<p>Em Rio Branco (AC), a concentra\u00e7\u00e3o ser\u00e1 \u00e0s 15h na Uninorte; \u00e0s 16h, na pra\u00e7a Nossa Senhora de Salete, a manifesta\u00e7\u00e3o sair\u00e1 em Curitiba (PR); e em Goi\u00e2nia (GO), tamb\u00e9m \u00e0s 16h, na pra\u00e7a Universit\u00e1ria Palmas, no Eix\u00e3o Norte, os goianos partem em carreata pedindo a sa\u00edda do presidente.<\/p>\n\n\n\n<p>Tamb\u00e9m \u00e0s 14h, os manifestantes saem em carreata em S\u00e3o Paulo (SP), tendo como ponto de encontro&nbsp;a Assembleia Legislativa; em Belo Horizonte (MG), a concentra\u00e7\u00e3o do ato ser\u00e1 no Miner\u00e3o, \u00e0s 16h; no mesmo hor\u00e1rio, os ga\u00fachos se encontram em Porto Alegre (RS), no largo Zumbi dos Palmares.<\/p>\n\n\n\n<p>Em Rio Branco (AC), a concentra\u00e7\u00e3o ser\u00e1 \u00e0s 15h na Uninorte; \u00e0s 16h, na pra\u00e7a Nossa Senhora de Salete, a manifesta\u00e7\u00e3o sair\u00e1 em Curitiba (PR); e em Goi\u00e2nia (GO), tamb\u00e9m \u00e0s 16h, na pra\u00e7a Universit\u00e1ria Palmas, no Eix\u00e3o Norte, os goianos partem em carreata pedindo a sa\u00edda do presidente.<\/p>\n\n\n\n<figure class=\"wp-block-image\"><img data-recalc-dims=\"1\" decoding=\"async\" src=\"https:\/\/i0.wp.com\/images02.brasildefato.com.br\/c082b7d5007d954e955229dc96dbd01e.jpeg?w=600&#038;ssl=1\" alt=\"\"\/><\/figure>\n\n\n\n<p><\/p>\n","protected":false},"excerpt":{"rendered":"<p>No s\u00e1bado, organiza\u00e7\u00f5es de esquerda saem \u00e0s ruas; no domingo, movimentos de direita tamb\u00e9m pedir\u00e3o a sa\u00edda do presidente<\/p>\n","protected":false},"author":1,"featured_media":0,"comment_status":"closed","ping_status":"open","sticky":false,"template":"","format":"standard","meta":{"_exactmetrics_skip_tracking":false,"_exactmetrics_sitenote_active":false,"_exactmetrics_sitenote_note":"","_exactmetrics_sitenote_category":0,"jetpack_post_was_ever_published":false,"_jetpack_newsletter_access":"","_jetpack_dont_email_post_to_subs":false,"_jetpack_newsletter_tier_id":0,"_jetpack_memberships_contains_paywalled_content":false,"_jetpack_memberships_contains_paid_content":false,"footnotes":"","jetpack_publicize_message":"","jetpack_publicize_feature_enabled":true,"jetpack_social_post_already_shared":true,"jetpack_social_options":{"image_generator_settings":{"template":"highway","enabled":false},"version":2}},"categories":[1],"tags":[],"class_list":["post-30705","post","type-post","status-publish","format-standard","hentry","category-notas"],"jetpack_publicize_connections":[],"jetpack_sharing_enabled":true,"jetpack_featured_media_url":"","jetpack_shortlink":"https:\/\/wp.me\/p7wKYW-7Zf","jetpack-related-posts":[],"_links":{"self":[{"href":"http:\/\/blogdalucianaoliveira.com.br\/blog\/wp-json\/wp\/v2\/posts\/30705","targetHints":{"allow":["GET"]}}],"collection":[{"href":"http:\/\/blogdalucianaoliveira.com.br\/blog\/wp-json\/wp\/v2\/posts"}],"about":[{"href":"http:\/\/blogdalucianaoliveira.com.br\/blog\/wp-json\/wp\/v2\/types\/post"}],"author":[{"embeddable":true,"href":"http:\/\/blogdalucianaoliveira.com.br\/blog\/wp-json\/wp\/v2\/users\/1"}],"replies":[{"embeddable":true,"href":"http:\/\/blogdalucianaoliveira.com.br\/blog\/wp-json\/wp\/v2\/comments?post=30705"}],"version-history":[{"count":1,"href":"http:\/\/blogdalucianaoliveira.com.br\/blog\/wp-json\/wp\/v2\/posts\/30705\/revisions"}],"predecessor-version":[{"id":30707,"href":"http:\/\/blogdalucianaoliveira.com.br\/blog\/wp-json\/wp\/v2\/posts\/30705\/revisions\/30707"}],"wp:attachment":[{"href":"http:\/\/blogdalucianaoliveira.com.br\/blog\/wp-json\/wp\/v2\/media?parent=30705"}],"wp:term":[{"taxonomy":"category","embeddable":true,"href":"http:\/\/blogdalucianaoliveira.com.br\/blog\/wp-json\/wp\/v2\/categories?post=30705"},{"taxonomy":"post_tag","embeddable":true,"href":"http:\/\/blogdalucianaoliveira.com.br\/blog\/wp-json\/wp\/v2\/tags?post=30705"}],"curies":[{"name":"wp","href":"https:\/\/api.w.org\/{rel}","templated":true}]}}