{"id":30708,"date":"2021-01-22T13:40:19","date_gmt":"2021-01-22T17:40:19","guid":{"rendered":"http:\/\/blogdalucianaoliveira.com.br\/blog\/?p=30708"},"modified":"2021-01-22T13:40:25","modified_gmt":"2021-01-22T17:40:25","slug":"aprovacao-de-bolsonaro-despenca-de-37-para-26-diz-pesquisa","status":"publish","type":"post","link":"http:\/\/blogdalucianaoliveira.com.br\/blog\/2021\/01\/22\/aprovacao-de-bolsonaro-despenca-de-37-para-26-diz-pesquisa\/","title":{"rendered":"Aprova\u00e7\u00e3o de Bolsonaro despenca de 37% para 26%, diz pesquisa"},"content":{"rendered":"\n<figure class=\"wp-block-image size-large\"><img data-recalc-dims=\"1\" loading=\"lazy\" decoding=\"async\" width=\"600\" height=\"381\" data-attachment-id=\"30709\" data-permalink=\"http:\/\/blogdalucianaoliveira.com.br\/blog\/2021\/01\/22\/aprovacao-de-bolsonaro-despenca-de-37-para-26-diz-pesquisa\/96fece33-95a4-4cbc-a463-a9bc7b90d406\/\" data-orig-file=\"https:\/\/i0.wp.com\/blogdalucianaoliveira.com.br\/blog\/wp-content\/uploads\/2021\/01\/96FECE33-95A4-4CBC-A463-A9BC7B90D406.jpeg?fit=968%2C614\" data-orig-size=\"968,614\" data-comments-opened=\"0\" data-image-meta=\"{&quot;aperture&quot;:&quot;0&quot;,&quot;credit&quot;:&quot;&quot;,&quot;camera&quot;:&quot;&quot;,&quot;caption&quot;:&quot;&quot;,&quot;created_timestamp&quot;:&quot;0&quot;,&quot;copyright&quot;:&quot;&quot;,&quot;focal_length&quot;:&quot;0&quot;,&quot;iso&quot;:&quot;0&quot;,&quot;shutter_speed&quot;:&quot;0&quot;,&quot;title&quot;:&quot;&quot;,&quot;orientation&quot;:&quot;0&quot;}\" data-image-title=\"96FECE33-95A4-4CBC-A463-A9BC7B90D406\" data-image-description=\"\" data-image-caption=\"\" data-medium-file=\"https:\/\/i0.wp.com\/blogdalucianaoliveira.com.br\/blog\/wp-content\/uploads\/2021\/01\/96FECE33-95A4-4CBC-A463-A9BC7B90D406.jpeg?fit=300%2C190\" data-large-file=\"https:\/\/i0.wp.com\/blogdalucianaoliveira.com.br\/blog\/wp-content\/uploads\/2021\/01\/96FECE33-95A4-4CBC-A463-A9BC7B90D406.jpeg?fit=600%2C381\" src=\"https:\/\/i0.wp.com\/blogdalucianaoliveira.com.br\/blog\/wp-content\/uploads\/2021\/01\/96FECE33-95A4-4CBC-A463-A9BC7B90D406.jpeg?resize=600%2C381\" alt=\"\" class=\"wp-image-30709\" srcset=\"https:\/\/i0.wp.com\/blogdalucianaoliveira.com.br\/blog\/wp-content\/uploads\/2021\/01\/96FECE33-95A4-4CBC-A463-A9BC7B90D406.jpeg?w=968 968w, https:\/\/i0.wp.com\/blogdalucianaoliveira.com.br\/blog\/wp-content\/uploads\/2021\/01\/96FECE33-95A4-4CBC-A463-A9BC7B90D406.jpeg?resize=300%2C190 300w, https:\/\/i0.wp.com\/blogdalucianaoliveira.com.br\/blog\/wp-content\/uploads\/2021\/01\/96FECE33-95A4-4CBC-A463-A9BC7B90D406.jpeg?resize=768%2C487 768w, https:\/\/i0.wp.com\/blogdalucianaoliveira.com.br\/blog\/wp-content\/uploads\/2021\/01\/96FECE33-95A4-4CBC-A463-A9BC7B90D406.jpeg?resize=473%2C300 473w\" sizes=\"auto, (max-width: 600px) 100vw, 600px\" \/><\/figure>\n\n\n\n<p>A crise em Manaus e\u00a0a falta de perspectiva sobre cronograma de vacina\u00e7\u00e3o colaboraram para a queda de popularidade do presidente.<\/p>\n\n\n\n<!--more-->\n\n\n\n<p>Carta Capital <\/p>\n\n\n\n<p>Um levantamento da&nbsp;EXAME\/IDEIA, divulgado nesta sexta-feira 22 pelo site da&nbsp;<a href=\"https:\/\/exame.com\/brasil\/exame-ideia-aprovacao-de-bolsonaro-despenca-de-37-para-26\/\">revista Exame<\/a>, aponta que a aprova\u00e7\u00e3o do presidente Jair Bolsonaro caiu de 37% para 26%.<\/p>\n\n\n\n<p>De acordo com a pesquisa, a crise sanit\u00e1ria em Manaus (AM) e\u00a0a falta de perspectiva sobre cronograma de vacina\u00e7\u00e3o s\u00e3o alguns dos fatores que colaboraram para a queda de popularidade do presidente.<\/p>\n\n\n\n<p>Os dados mostram que&nbsp;a desaprova\u00e7\u00e3o de Bolsonaro \u00e9 maior nos estratos de maior renda e de maior escolaridade: entre os que ganham mais de cinco sal\u00e1rios m\u00ednimos, 58% n\u00e3o aprovam a gest\u00e3o do presidente. No grupo dos que t\u00eam ensino superior, 64% desaprovam o governo federal.<\/p>\n\n\n\n<p>O levantamento revela que a aprova\u00e7\u00e3o&nbsp;\u00e9 maior entre os que moram no Centro-Oeste e os evang\u00e9licos.&nbsp; Entre os que moram no Centro-Oeste, 36% aprovam o governo Bolsonaro \u2014 nas outras regi\u00f5es do Brasil, esse \u00edndice varia de 22% a 27%.<\/p>\n\n\n\n<p>Entre os evang\u00e9licos, 38% apoiam o governo Bolsonaro, ante 20% dos cat\u00f3licos e 23% dos que declaram seguir outra religi\u00e3o.<\/p>\n\n\n\n<p>Veja a&nbsp;<a href=\"https:\/\/www.cartacapital.com.br\/wp-content\/uploads\/2021\/01\/RELATORIO22JANEIRODE20214.pdf\">pesquisa completa<\/a>.<\/p>\n","protected":false},"excerpt":{"rendered":"<p>A crise em Manaus e\u00a0a falta de perspectiva sobre cronograma de vacina\u00e7\u00e3o colaboraram para a queda de popularidade do presidente.<\/p>\n","protected":false},"author":1,"featured_media":0,"comment_status":"closed","ping_status":"open","sticky":false,"template":"","format":"standard","meta":{"_exactmetrics_skip_tracking":false,"_exactmetrics_sitenote_active":false,"_exactmetrics_sitenote_note":"","_exactmetrics_sitenote_category":0,"jetpack_post_was_ever_published":false,"_jetpack_newsletter_access":"","_jetpack_dont_email_post_to_subs":false,"_jetpack_newsletter_tier_id":0,"_jetpack_memberships_contains_paywalled_content":false,"_jetpack_memberships_contains_paid_content":false,"footnotes":"","jetpack_publicize_message":"","jetpack_publicize_feature_enabled":true,"jetpack_social_post_already_shared":true,"jetpack_social_options":{"image_generator_settings":{"template":"highway","enabled":false},"version":2}},"categories":[1],"tags":[],"class_list":["post-30708","post","type-post","status-publish","format-standard","hentry","category-notas"],"jetpack_publicize_connections":[],"jetpack_sharing_enabled":true,"jetpack_featured_media_url":"","jetpack_shortlink":"https:\/\/wp.me\/p7wKYW-7Zi","jetpack-related-posts":[],"_links":{"self":[{"href":"http:\/\/blogdalucianaoliveira.com.br\/blog\/wp-json\/wp\/v2\/posts\/30708","targetHints":{"allow":["GET"]}}],"collection":[{"href":"http:\/\/blogdalucianaoliveira.com.br\/blog\/wp-json\/wp\/v2\/posts"}],"about":[{"href":"http:\/\/blogdalucianaoliveira.com.br\/blog\/wp-json\/wp\/v2\/types\/post"}],"author":[{"embeddable":true,"href":"http:\/\/blogdalucianaoliveira.com.br\/blog\/wp-json\/wp\/v2\/users\/1"}],"replies":[{"embeddable":true,"href":"http:\/\/blogdalucianaoliveira.com.br\/blog\/wp-json\/wp\/v2\/comments?post=30708"}],"version-history":[{"count":1,"href":"http:\/\/blogdalucianaoliveira.com.br\/blog\/wp-json\/wp\/v2\/posts\/30708\/revisions"}],"predecessor-version":[{"id":30710,"href":"http:\/\/blogdalucianaoliveira.com.br\/blog\/wp-json\/wp\/v2\/posts\/30708\/revisions\/30710"}],"wp:attachment":[{"href":"http:\/\/blogdalucianaoliveira.com.br\/blog\/wp-json\/wp\/v2\/media?parent=30708"}],"wp:term":[{"taxonomy":"category","embeddable":true,"href":"http:\/\/blogdalucianaoliveira.com.br\/blog\/wp-json\/wp\/v2\/categories?post=30708"},{"taxonomy":"post_tag","embeddable":true,"href":"http:\/\/blogdalucianaoliveira.com.br\/blog\/wp-json\/wp\/v2\/tags?post=30708"}],"curies":[{"name":"wp","href":"https:\/\/api.w.org\/{rel}","templated":true}]}}