{"id":30711,"date":"2021-01-22T18:09:21","date_gmt":"2021-01-22T22:09:21","guid":{"rendered":"http:\/\/blogdalucianaoliveira.com.br\/blog\/?p=30711"},"modified":"2021-01-22T18:09:28","modified_gmt":"2021-01-22T22:09:28","slug":"oab-denuncia-governo-de-jair-bolsonaro-a-oea-por-omissao-no-combate-a-covid-19","status":"publish","type":"post","link":"http:\/\/blogdalucianaoliveira.com.br\/blog\/2021\/01\/22\/oab-denuncia-governo-de-jair-bolsonaro-a-oea-por-omissao-no-combate-a-covid-19\/","title":{"rendered":"OAB denuncia governo de Jair Bolsonaro \u00e0 OEA por omiss\u00e3o no combate \u00e0 Covid-19"},"content":{"rendered":"\n<figure class=\"wp-block-image size-large\"><img data-recalc-dims=\"1\" loading=\"lazy\" decoding=\"async\" width=\"400\" height=\"267\" data-attachment-id=\"30712\" data-permalink=\"http:\/\/blogdalucianaoliveira.com.br\/blog\/2021\/01\/22\/oab-denuncia-governo-de-jair-bolsonaro-a-oea-por-omissao-no-combate-a-covid-19\/626fcbf2-ffc5-452f-a517-fb627756a5cd\/\" data-orig-file=\"https:\/\/i0.wp.com\/blogdalucianaoliveira.com.br\/blog\/wp-content\/uploads\/2021\/01\/626FCBF2-FFC5-452F-A517-FB627756A5CD.jpeg?fit=400%2C267\" data-orig-size=\"400,267\" data-comments-opened=\"0\" data-image-meta=\"{&quot;aperture&quot;:&quot;0&quot;,&quot;credit&quot;:&quot;&quot;,&quot;camera&quot;:&quot;&quot;,&quot;caption&quot;:&quot;&quot;,&quot;created_timestamp&quot;:&quot;0&quot;,&quot;copyright&quot;:&quot;&quot;,&quot;focal_length&quot;:&quot;0&quot;,&quot;iso&quot;:&quot;0&quot;,&quot;shutter_speed&quot;:&quot;0&quot;,&quot;title&quot;:&quot;&quot;,&quot;orientation&quot;:&quot;0&quot;}\" data-image-title=\"626FCBF2-FFC5-452F-A517-FB627756A5CD\" data-image-description=\"\" data-image-caption=\"\" data-medium-file=\"https:\/\/i0.wp.com\/blogdalucianaoliveira.com.br\/blog\/wp-content\/uploads\/2021\/01\/626FCBF2-FFC5-452F-A517-FB627756A5CD.jpeg?fit=300%2C200\" data-large-file=\"https:\/\/i0.wp.com\/blogdalucianaoliveira.com.br\/blog\/wp-content\/uploads\/2021\/01\/626FCBF2-FFC5-452F-A517-FB627756A5CD.jpeg?fit=400%2C267\" src=\"https:\/\/i0.wp.com\/blogdalucianaoliveira.com.br\/blog\/wp-content\/uploads\/2021\/01\/626FCBF2-FFC5-452F-A517-FB627756A5CD.jpeg?resize=400%2C267\" alt=\"\" class=\"wp-image-30712\" srcset=\"https:\/\/i0.wp.com\/blogdalucianaoliveira.com.br\/blog\/wp-content\/uploads\/2021\/01\/626FCBF2-FFC5-452F-A517-FB627756A5CD.jpeg?w=400 400w, https:\/\/i0.wp.com\/blogdalucianaoliveira.com.br\/blog\/wp-content\/uploads\/2021\/01\/626FCBF2-FFC5-452F-A517-FB627756A5CD.jpeg?resize=300%2C200 300w\" sizes=\"auto, (max-width: 400px) 100vw, 400px\" \/><\/figure>\n\n\n\n<p>Consultor Jur\u00eddico &#8211; O Conselho Federal da Ordem dos Advogados do Brasil (OAB) apresentou den\u00fancia\u00a0\u00e0 Comiss\u00e3o Interamericana de Direitos Humanos da Organiza\u00e7\u00e3o dos Estados Americanos (OEA) sobre a atua\u00e7\u00e3o do governo federal no combate \u00e0 crise da Covid-19.<\/p>\n\n\n\n<!--more-->\n\n\n\n<p>Em peti\u00e7\u00e3o assinada pelo presidente&nbsp;Felipe Santa Cruz, a Ordem pede a apura\u00e7\u00e3o de atos do Estado brasileiro contr\u00e1rios aos direitos humanos em meio \u00e0 crise sanit\u00e1ria.<\/p>\n\n\n\n<p>A OAB argumenta que a Uni\u00e3o&nbsp;violou artigos da Conven\u00e7\u00e3o Americana de Direitos Humanos ao, por exemplo, omitir-se da resolu\u00e7\u00e3o do colapso do sistema de sa\u00fade, especialmente em Manaus.<\/p>\n\n\n\n<p>&#8220;As atitudes do presidente da Rep\u00fablica, entre outros funcion\u00e1rios do alto escal\u00e3o do Executivo diretamente a ele subordinados, atentam contra os direitos humanos mais b\u00e1sicos, colocando em risco a integridade f\u00edsica e a vida de todos os cidad\u00e3os brasileiros. Conclui-se, assim, que o Estado brasileiro tem agido contra a sua popula\u00e7\u00e3o&#8221;, diz trecho do documento.<\/p>\n\n\n\n<p>A OAB tamb\u00e9m pede que a comiss\u00e3o obrigue o governo a apresentar um plano eficaz de gest\u00e3o do sistema de sa\u00fade, por meio do in\u00edcio imediato da vacina\u00e7\u00e3o e da&nbsp;realoca\u00e7\u00e3o de pacientes internados em estado grave para unidades mais bem equipadas.<\/p>\n\n\n\n<p>A entidade tamb\u00e9m solicita provid\u00eancias instant\u00e2neas sobre as condi\u00e7\u00f5es dos hospitais de Manaus, al\u00e9m do encaminhamento de c\u00f3pias dos documentos oficiais da gest\u00e3o de recursos voltados ao Amazonas.<\/p>\n\n\n\n<p>&#8220;Imperioso que essa CIDH intervenha&nbsp;a fim de que sejam respeitados os direitos humanos da popula\u00e7\u00e3o brasileira, sobretudo requerendo que o Estado brasileiro tome provid\u00eancia para garantir a aplica\u00e7\u00e3o das leis e restabelecer os direitos fundamentais basilares do Estado democr\u00e1tico de Direito&#8221;, afirma a Ordem.<\/p>\n\n\n\n<p><strong>Clique&nbsp;<a href=\"https:\/\/www.conjur.com.br\/dl\/oab-denuncia-oea.pdf\" target=\"_blank\" rel=\"noreferrer noopener\">aqui<\/a>&nbsp;para ler o documento<\/strong><\/p>\n","protected":false},"excerpt":{"rendered":"<p>Consultor Jur\u00eddico &#8211; O Conselho Federal da Ordem dos Advogados do Brasil (OAB) apresentou den\u00fancia\u00a0\u00e0 Comiss\u00e3o Interamericana de Direitos Humanos da Organiza\u00e7\u00e3o dos Estados Americanos (OEA) sobre a atua\u00e7\u00e3o do governo federal no combate \u00e0 crise da Covid-19.<\/p>\n","protected":false},"author":1,"featured_media":0,"comment_status":"closed","ping_status":"open","sticky":false,"template":"","format":"standard","meta":{"_exactmetrics_skip_tracking":false,"_exactmetrics_sitenote_active":false,"_exactmetrics_sitenote_note":"","_exactmetrics_sitenote_category":0,"jetpack_post_was_ever_published":false,"_jetpack_newsletter_access":"","_jetpack_dont_email_post_to_subs":false,"_jetpack_newsletter_tier_id":0,"_jetpack_memberships_contains_paywalled_content":false,"_jetpack_memberships_contains_paid_content":false,"footnotes":"","jetpack_publicize_message":"","jetpack_publicize_feature_enabled":true,"jetpack_social_post_already_shared":true,"jetpack_social_options":{"image_generator_settings":{"template":"highway","enabled":false},"version":2}},"categories":[1],"tags":[],"class_list":["post-30711","post","type-post","status-publish","format-standard","hentry","category-notas"],"jetpack_publicize_connections":[],"jetpack_sharing_enabled":true,"jetpack_featured_media_url":"","jetpack_shortlink":"https:\/\/wp.me\/p7wKYW-7Zl","jetpack-related-posts":[],"_links":{"self":[{"href":"http:\/\/blogdalucianaoliveira.com.br\/blog\/wp-json\/wp\/v2\/posts\/30711","targetHints":{"allow":["GET"]}}],"collection":[{"href":"http:\/\/blogdalucianaoliveira.com.br\/blog\/wp-json\/wp\/v2\/posts"}],"about":[{"href":"http:\/\/blogdalucianaoliveira.com.br\/blog\/wp-json\/wp\/v2\/types\/post"}],"author":[{"embeddable":true,"href":"http:\/\/blogdalucianaoliveira.com.br\/blog\/wp-json\/wp\/v2\/users\/1"}],"replies":[{"embeddable":true,"href":"http:\/\/blogdalucianaoliveira.com.br\/blog\/wp-json\/wp\/v2\/comments?post=30711"}],"version-history":[{"count":1,"href":"http:\/\/blogdalucianaoliveira.com.br\/blog\/wp-json\/wp\/v2\/posts\/30711\/revisions"}],"predecessor-version":[{"id":30713,"href":"http:\/\/blogdalucianaoliveira.com.br\/blog\/wp-json\/wp\/v2\/posts\/30711\/revisions\/30713"}],"wp:attachment":[{"href":"http:\/\/blogdalucianaoliveira.com.br\/blog\/wp-json\/wp\/v2\/media?parent=30711"}],"wp:term":[{"taxonomy":"category","embeddable":true,"href":"http:\/\/blogdalucianaoliveira.com.br\/blog\/wp-json\/wp\/v2\/categories?post=30711"},{"taxonomy":"post_tag","embeddable":true,"href":"http:\/\/blogdalucianaoliveira.com.br\/blog\/wp-json\/wp\/v2\/tags?post=30711"}],"curies":[{"name":"wp","href":"https:\/\/api.w.org\/{rel}","templated":true}]}}