{"id":30718,"date":"2021-01-23T21:47:55","date_gmt":"2021-01-24T01:47:55","guid":{"rendered":"http:\/\/blogdalucianaoliveira.com.br\/blog\/?p=30718"},"modified":"2021-01-23T21:47:59","modified_gmt":"2021-01-24T01:47:59","slug":"caciques-raoni-e-almir-surui-denunciam-bolsonaro-por-crimes-ambientais-no-tribunal-de-haia","status":"publish","type":"post","link":"http:\/\/blogdalucianaoliveira.com.br\/blog\/2021\/01\/23\/caciques-raoni-e-almir-surui-denunciam-bolsonaro-por-crimes-ambientais-no-tribunal-de-haia\/","title":{"rendered":"Caciques Raoni e Almir Suru\u00ed denunciam Bolsonaro por crimes ambientais no Tribunal de Haia"},"content":{"rendered":"\n<figure class=\"wp-block-image size-large\"><img loading=\"lazy\" decoding=\"async\" width=\"1080\" height=\"640\" data-attachment-id=\"30719\" data-permalink=\"http:\/\/blogdalucianaoliveira.com.br\/blog\/2021\/01\/23\/caciques-raoni-e-almir-surui-denunciam-bolsonaro-por-crimes-ambientais-no-tribunal-de-haia\/9520955d-440e-4040-a4cc-c6cb72602587\/\" data-orig-file=\"https:\/\/i0.wp.com\/blogdalucianaoliveira.com.br\/blog\/wp-content\/uploads\/2021\/01\/9520955D-440E-4040-A4CC-C6CB72602587.jpeg?fit=1080%2C640\" data-orig-size=\"1080,640\" data-comments-opened=\"0\" data-image-meta=\"{&quot;aperture&quot;:&quot;0&quot;,&quot;credit&quot;:&quot;&quot;,&quot;camera&quot;:&quot;&quot;,&quot;caption&quot;:&quot;&quot;,&quot;created_timestamp&quot;:&quot;0&quot;,&quot;copyright&quot;:&quot;&quot;,&quot;focal_length&quot;:&quot;0&quot;,&quot;iso&quot;:&quot;0&quot;,&quot;shutter_speed&quot;:&quot;0&quot;,&quot;title&quot;:&quot;&quot;,&quot;orientation&quot;:&quot;1&quot;}\" data-image-title=\"9520955D-440E-4040-A4CC-C6CB72602587\" data-image-description=\"\" data-image-caption=\"\" data-medium-file=\"https:\/\/i0.wp.com\/blogdalucianaoliveira.com.br\/blog\/wp-content\/uploads\/2021\/01\/9520955D-440E-4040-A4CC-C6CB72602587.jpeg?fit=300%2C178\" data-large-file=\"https:\/\/i0.wp.com\/blogdalucianaoliveira.com.br\/blog\/wp-content\/uploads\/2021\/01\/9520955D-440E-4040-A4CC-C6CB72602587.jpeg?fit=600%2C356\" src=\"https:\/\/i2.wp.com\/blogdalucianaoliveira.com.br\/blog\/wp-content\/uploads\/2021\/01\/9520955D-440E-4040-A4CC-C6CB72602587.jpeg?fit=600%2C356\" alt=\"\" class=\"wp-image-30719\" srcset=\"https:\/\/i0.wp.com\/blogdalucianaoliveira.com.br\/blog\/wp-content\/uploads\/2021\/01\/9520955D-440E-4040-A4CC-C6CB72602587.jpeg?w=1080 1080w, https:\/\/i0.wp.com\/blogdalucianaoliveira.com.br\/blog\/wp-content\/uploads\/2021\/01\/9520955D-440E-4040-A4CC-C6CB72602587.jpeg?resize=300%2C178 300w, https:\/\/i0.wp.com\/blogdalucianaoliveira.com.br\/blog\/wp-content\/uploads\/2021\/01\/9520955D-440E-4040-A4CC-C6CB72602587.jpeg?resize=1024%2C607 1024w, https:\/\/i0.wp.com\/blogdalucianaoliveira.com.br\/blog\/wp-content\/uploads\/2021\/01\/9520955D-440E-4040-A4CC-C6CB72602587.jpeg?resize=768%2C455 768w, https:\/\/i0.wp.com\/blogdalucianaoliveira.com.br\/blog\/wp-content\/uploads\/2021\/01\/9520955D-440E-4040-A4CC-C6CB72602587.jpeg?resize=506%2C300 506w\" sizes=\"auto, (max-width: 600px) 100vw, 600px\" \/><\/figure>\n\n\n\n<p>&#8220;Os crimes pelos quais Bolsonaro \u00e9 acusado provavelmente ser\u00e3o qualificados como crimes contra a humanidade\u201d, disse o advogado William Bourdon.<\/p>\n\n\n\n<!--more-->\n\n\n\n<p>Por\u00a0<a rel=\"noreferrer noopener\" href=\"https:\/\/revistaforum.com.br\/author\/julinho\/\" target=\"_blank\">Julinho Bittencourt<\/a>, na Revista Forum<\/p>\n\n\n\n<p>Os caciques Raoni Metuktire e Almir Suru\u00ed abriram nesta sexta-feira (22) den\u00fancia contra o presidente&nbsp;Jair Bolsonaro&nbsp;(sem partido) no Tribunal Penal Internacional (TPI), em Haia, por crimes ambientais e crimes contra a humanidade.<\/p>\n\n\n\n<p>De acordo com texto da rep\u00f3rter\u00a0<a rel=\"noreferrer noopener\" href=\"https:\/\/www.uol.com.br\/ecoa\/ultimas-noticias\/2021\/01\/23\/cacique-raoni-denuncia-bolsonaro-no-tribunal-de-haia-por-crimes-ambientais.amp.htm?__twitter_impression=true\" target=\"_blank\">Fernanda Ezabella para a Ecoa<\/a>, as duas lideran\u00e7as ind\u00edgenas contaram com o apoio do advogado franc\u00eas William Bourdon, famoso por defender causas internacionais de direitos humanos e mais recentemente casos de \u201cwhistleblowers\u201d como Edward Snowden, Julian Assange e ativistas africanos.<\/p>\n\n\n\n<p>Esta \u00e9 a quinta den\u00fancia contra Bolsonaro no TPI. Em documento divulgado a&nbsp;Ecoa, Bourdon diz que o caso pode ajudar no reconhecimento do ecoc\u00eddio entre os crimes internacionais julgados pelo TPI.<\/p>\n\n\n\n<p>\u201cOs crimes pelos quais Bolsonaro \u00e9 acusado provavelmente ser\u00e3o qualificados como crimes contra a humanidade. No entanto, esses crimes contra a humanidade foram perpetrados em um contexto mais amplo de crime ambiental\u201d, disse Bourdon. \u201cNo contexto da superexplora\u00e7\u00e3o dos recursos naturais da floresta amaz\u00f4nica, s\u00e3o in\u00fameros os exemplos de ecoc\u00eddio.\u201d<\/p>\n","protected":false},"excerpt":{"rendered":"<p>&#8220;Os crimes pelos quais Bolsonaro \u00e9 acusado provavelmente ser\u00e3o qualificados como crimes contra a humanidade\u201d, disse o advogado William Bourdon.<\/p>\n","protected":false},"author":1,"featured_media":0,"comment_status":"closed","ping_status":"open","sticky":false,"template":"","format":"standard","meta":{"_exactmetrics_skip_tracking":false,"_exactmetrics_sitenote_active":false,"_exactmetrics_sitenote_note":"","_exactmetrics_sitenote_category":0,"jetpack_post_was_ever_published":false,"_jetpack_newsletter_access":"","_jetpack_dont_email_post_to_subs":false,"_jetpack_newsletter_tier_id":0,"_jetpack_memberships_contains_paywalled_content":false,"_jetpack_memberships_contains_paid_content":false,"footnotes":"","jetpack_publicize_message":"","jetpack_publicize_feature_enabled":true,"jetpack_social_post_already_shared":true,"jetpack_social_options":{"image_generator_settings":{"template":"highway","enabled":false},"version":2}},"categories":[1],"tags":[],"class_list":["post-30718","post","type-post","status-publish","format-standard","hentry","category-notas"],"jetpack_publicize_connections":[],"jetpack_sharing_enabled":true,"jetpack_featured_media_url":"","jetpack_shortlink":"https:\/\/wp.me\/p7wKYW-7Zs","jetpack-related-posts":[],"_links":{"self":[{"href":"http:\/\/blogdalucianaoliveira.com.br\/blog\/wp-json\/wp\/v2\/posts\/30718","targetHints":{"allow":["GET"]}}],"collection":[{"href":"http:\/\/blogdalucianaoliveira.com.br\/blog\/wp-json\/wp\/v2\/posts"}],"about":[{"href":"http:\/\/blogdalucianaoliveira.com.br\/blog\/wp-json\/wp\/v2\/types\/post"}],"author":[{"embeddable":true,"href":"http:\/\/blogdalucianaoliveira.com.br\/blog\/wp-json\/wp\/v2\/users\/1"}],"replies":[{"embeddable":true,"href":"http:\/\/blogdalucianaoliveira.com.br\/blog\/wp-json\/wp\/v2\/comments?post=30718"}],"version-history":[{"count":1,"href":"http:\/\/blogdalucianaoliveira.com.br\/blog\/wp-json\/wp\/v2\/posts\/30718\/revisions"}],"predecessor-version":[{"id":30720,"href":"http:\/\/blogdalucianaoliveira.com.br\/blog\/wp-json\/wp\/v2\/posts\/30718\/revisions\/30720"}],"wp:attachment":[{"href":"http:\/\/blogdalucianaoliveira.com.br\/blog\/wp-json\/wp\/v2\/media?parent=30718"}],"wp:term":[{"taxonomy":"category","embeddable":true,"href":"http:\/\/blogdalucianaoliveira.com.br\/blog\/wp-json\/wp\/v2\/categories?post=30718"},{"taxonomy":"post_tag","embeddable":true,"href":"http:\/\/blogdalucianaoliveira.com.br\/blog\/wp-json\/wp\/v2\/tags?post=30718"}],"curies":[{"name":"wp","href":"https:\/\/api.w.org\/{rel}","templated":true}]}}