{"id":3072,"date":"2016-08-12T17:33:31","date_gmt":"2016-08-12T21:33:31","guid":{"rendered":"http:\/\/blogdalucianaoliveira.com.br\/blog\/?p=3072"},"modified":"2016-08-12T17:33:31","modified_gmt":"2016-08-12T21:33:31","slug":"para-interino-morte-de-pm-e-acidente-e-nao-vai-tirar-o-ritmo-e-o-brilho-das-olimpiadas","status":"publish","type":"post","link":"http:\/\/blogdalucianaoliveira.com.br\/blog\/2016\/08\/12\/para-interino-morte-de-pm-e-acidente-e-nao-vai-tirar-o-ritmo-e-o-brilho-das-olimpiadas\/","title":{"rendered":"Para interino, morte de PM \u00e9 &#8220;acidente&#8221; e n\u00e3o vai tirar o &#8220;ritmo e o brilho&#8221; das olimp\u00edadas"},"content":{"rendered":"<p><img data-recalc-dims=\"1\" loading=\"lazy\" decoding=\"async\" data-attachment-id=\"3073\" data-permalink=\"http:\/\/blogdalucianaoliveira.com.br\/blog\/2016\/08\/12\/para-interino-morte-de-pm-e-acidente-e-nao-vai-tirar-o-ritmo-e-o-brilho-das-olimpiadas\/image-709\/\" data-orig-file=\"https:\/\/i0.wp.com\/blogdalucianaoliveira.com.br\/blog\/wp-content\/uploads\/2016\/08\/image-74.jpeg?fit=480%2C320\" data-orig-size=\"480,320\" data-comments-opened=\"0\" data-image-meta=\"{&quot;aperture&quot;:&quot;0&quot;,&quot;credit&quot;:&quot;&quot;,&quot;camera&quot;:&quot;&quot;,&quot;caption&quot;:&quot;&quot;,&quot;created_timestamp&quot;:&quot;0&quot;,&quot;copyright&quot;:&quot;&quot;,&quot;focal_length&quot;:&quot;0&quot;,&quot;iso&quot;:&quot;0&quot;,&quot;shutter_speed&quot;:&quot;0&quot;,&quot;title&quot;:&quot;&quot;,&quot;orientation&quot;:&quot;0&quot;}\" data-image-title=\"image\" data-image-description=\"\" data-image-caption=\"\" data-medium-file=\"https:\/\/i0.wp.com\/blogdalucianaoliveira.com.br\/blog\/wp-content\/uploads\/2016\/08\/image-74.jpeg?fit=300%2C200\" data-large-file=\"https:\/\/i0.wp.com\/blogdalucianaoliveira.com.br\/blog\/wp-content\/uploads\/2016\/08\/image-74.jpeg?fit=480%2C320\" src=\"https:\/\/i0.wp.com\/blogdalucianaoliveira.com.br\/blog\/wp-content\/uploads\/2016\/08\/image-74.jpeg?resize=480%2C320\" alt=\"image\" width=\"480\" height=\"320\" class=\"alignnone size-full wp-image-3073\" srcset=\"https:\/\/i0.wp.com\/blogdalucianaoliveira.com.br\/blog\/wp-content\/uploads\/2016\/08\/image-74.jpeg?w=480 480w, https:\/\/i0.wp.com\/blogdalucianaoliveira.com.br\/blog\/wp-content\/uploads\/2016\/08\/image-74.jpeg?resize=300%2C200 300w, https:\/\/i0.wp.com\/blogdalucianaoliveira.com.br\/blog\/wp-content\/uploads\/2016\/08\/image-74.jpeg?resize=450%2C300 450w\" sizes=\"auto, (max-width: 480px) 100vw, 480px\" \/><\/p>\n<p>Temer: morte de soldado na Mar\u00e9 foi &#8220;lament\u00e1vel acidente&#8221;<!--more--><\/p>\n<p>No Jornal do Brasil<\/p>\n<p>O presidente interino Michel Temer disse nesta sexta-feira (12) lamentar a morte do soldado da For\u00e7a Nacional H\u00e9lio Vieira Andrade. <\/p>\n<p>Segundo ele, o fato n\u00e3o vai tirar o ritmo e nem o brilho dos Jogos Ol\u00edmpicos Rio 2016. A declara\u00e7\u00e3o foi feita ap\u00f3s encontro de Temer com o presidente da Arm\u00eania, Serzh Sargsyan, no Pal\u00e1cio do Planalto.<\/p>\n<p>&#8220;Foi um lament\u00e1vel acidente, mas que foi imediatamente combatido. Houve, de qualquer maneira, presen\u00e7a muito significativa das for\u00e7as federais e estaduais que l\u00e1 se acham. Portanto o ritmo das olimp\u00edadas n\u00e3o fica paralisado por isso. H\u00e1, sim, um grande lamento que at\u00e9 se tornou oficial\u201d, disse o presidente interino ao se referir ao luto oficial decretado por ele, e publicado hoje no Di\u00e1rio Oficial da Uni\u00e3o.<\/p>\n<p>Agentes foram baleados no Complexo da Mar\u00e9, ao entrarem por engano na comunidade. Pelo menos dois policiais ficaram feridos, um em estado grave. <\/p>\n<p>O soldado H\u00e9lio Vieira Andrade faleceu nesta sexta-feira (12), no Hospital Salgado Filho, localizado no M\u00e9ier, bairro da zona norte do Rio. Ele estava internado desde a \u00faltima quarta-feira (10), ap\u00f3s ter sido baleado por homens armados na Vila do Jo\u00e3o, no Complexo de Favelas da Mar\u00e9. Ele foi atingido na cabe\u00e7a por um tiro, quando entrou por engano na comunidade, junto com dois colegas de farda.<\/p>\n<p>\u201cMas isso n\u00e3o deslustra as Olimp\u00edadas, que est\u00e3o transcorrendo em um ritmo normal\u00edssimo, com muitos brasileiros ganhando medalhas. Tenho absoluta convic\u00e7\u00e3o de que as Olimp\u00edadas far\u00e3o com que o Brasil mais uma vez seja reconhecido pelo mundo\u201d, acrescentou.<\/p>\n<p>Opera\u00e7\u00e3o na Mar\u00e9 ap\u00f3s ataque a militares deixa um morador morto<\/p>\n<p>Uma pessoa morreu e duas ficaram feridas em opera\u00e7\u00e3o policial realizada no Complexo da Mar\u00e9, na quinta-feira (11), ap\u00f3s agentes da For\u00e7a de Seguran\u00e7a terem sido atacados na regi\u00e3o. O objetivo da a\u00e7\u00e3o era prender os suspeitos envolvidos no ataque, que resultou em um militar morto e dois feridos.<\/p>\n<p>As tr\u00eas v\u00edtimas da opera\u00e7\u00e3o foram atingidas por balas perdidas durante a\u00e7\u00e3o de policiais do Bope e do Grupo T\u00e1tico da Pol\u00edcia Federal. O morador Igor Barbosa Greg\u00f3rio Augusto n\u00e3o resistiu aos ferimentos e morreu. Os outros dois feridos continuam internados. <\/p>\n<p>Na nota divulgada pela Pol\u00edcia Militar, respons\u00e1vel pela opera\u00e7\u00e3o, n\u00e3o h\u00e1 o registro de feridos na opera\u00e7\u00e3o. Os bandidos n\u00e3o foram encontrados.<\/p>\n<p>O historiador e diretor da organiza\u00e7\u00e3o Redes da Mar\u00e9, Edison Diniz, criticou a forma como a a\u00e7\u00e3o policial foi executada.<\/p>\n<p>\u201cInfelizmente, isso sempre acontece nos grandes eventos. A favela acaba sofrendo as consequ\u00eancias dessa interven\u00e7\u00e3o policial. Parece uma coisa que n\u00e3o tem planejamento, uma resposta imediata e sempre quem sofre s\u00e3o os moradores. N\u00e3o h\u00e1 uma a\u00e7\u00e3o de intelig\u00eancia para prender o respons\u00e1vel. Tem que dar uma resposta de for\u00e7a e \u00e9 isso que acontece. A Mar\u00e9 ficou o dia inteiro com um clima de muito medo e apreens\u00e3o, com o resultado tr\u00e1gico de uma pessoa morta nesse confronto\u201d, disse.<\/p>\n<p>Com Ag\u00eancia Brasil<\/p>\n","protected":false},"excerpt":{"rendered":"<p>Temer: morte de soldado na Mar\u00e9 foi &#8220;lament\u00e1vel acidente&#8221;<\/p>\n","protected":false},"author":1,"featured_media":0,"comment_status":"closed","ping_status":"open","sticky":false,"template":"","format":"standard","meta":{"_exactmetrics_skip_tracking":false,"_exactmetrics_sitenote_active":false,"_exactmetrics_sitenote_note":"","_exactmetrics_sitenote_category":0,"jetpack_post_was_ever_published":false,"_jetpack_newsletter_access":"","_jetpack_dont_email_post_to_subs":false,"_jetpack_newsletter_tier_id":0,"_jetpack_memberships_contains_paywalled_content":false,"_jetpack_memberships_contains_paid_content":false,"footnotes":"","jetpack_publicize_message":"","jetpack_publicize_feature_enabled":true,"jetpack_social_post_already_shared":true,"jetpack_social_options":{"image_generator_settings":{"template":"highway","enabled":false},"version":2}},"categories":[1],"tags":[],"class_list":["post-3072","post","type-post","status-publish","format-standard","hentry","category-notas"],"jetpack_publicize_connections":[],"jetpack_sharing_enabled":true,"jetpack_featured_media_url":"","jetpack_shortlink":"https:\/\/wp.me\/p7wKYW-Ny","jetpack-related-posts":[],"_links":{"self":[{"href":"http:\/\/blogdalucianaoliveira.com.br\/blog\/wp-json\/wp\/v2\/posts\/3072","targetHints":{"allow":["GET"]}}],"collection":[{"href":"http:\/\/blogdalucianaoliveira.com.br\/blog\/wp-json\/wp\/v2\/posts"}],"about":[{"href":"http:\/\/blogdalucianaoliveira.com.br\/blog\/wp-json\/wp\/v2\/types\/post"}],"author":[{"embeddable":true,"href":"http:\/\/blogdalucianaoliveira.com.br\/blog\/wp-json\/wp\/v2\/users\/1"}],"replies":[{"embeddable":true,"href":"http:\/\/blogdalucianaoliveira.com.br\/blog\/wp-json\/wp\/v2\/comments?post=3072"}],"version-history":[{"count":4,"href":"http:\/\/blogdalucianaoliveira.com.br\/blog\/wp-json\/wp\/v2\/posts\/3072\/revisions"}],"predecessor-version":[{"id":3077,"href":"http:\/\/blogdalucianaoliveira.com.br\/blog\/wp-json\/wp\/v2\/posts\/3072\/revisions\/3077"}],"wp:attachment":[{"href":"http:\/\/blogdalucianaoliveira.com.br\/blog\/wp-json\/wp\/v2\/media?parent=3072"}],"wp:term":[{"taxonomy":"category","embeddable":true,"href":"http:\/\/blogdalucianaoliveira.com.br\/blog\/wp-json\/wp\/v2\/categories?post=3072"},{"taxonomy":"post_tag","embeddable":true,"href":"http:\/\/blogdalucianaoliveira.com.br\/blog\/wp-json\/wp\/v2\/tags?post=3072"}],"curies":[{"name":"wp","href":"https:\/\/api.w.org\/{rel}","templated":true}]}}