{"id":30724,"date":"2021-01-24T19:00:02","date_gmt":"2021-01-24T23:00:02","guid":{"rendered":"http:\/\/blogdalucianaoliveira.com.br\/blog\/?p=30724"},"modified":"2021-01-24T19:00:07","modified_gmt":"2021-01-24T23:00:07","slug":"efeito-bolsonaro-quanto-mais-bolsonarista-a-cidade-mais-casos-de-covid-19","status":"publish","type":"post","link":"http:\/\/blogdalucianaoliveira.com.br\/blog\/2021\/01\/24\/efeito-bolsonaro-quanto-mais-bolsonarista-a-cidade-mais-casos-de-covid-19\/","title":{"rendered":"Efeito Bolsonaro: quanto mais bolsonarista a cidade, mais casos de covid-19"},"content":{"rendered":"\n<figure class=\"wp-block-image size-large\"><img data-recalc-dims=\"1\" loading=\"lazy\" decoding=\"async\" width=\"600\" height=\"450\" data-attachment-id=\"30725\" data-permalink=\"http:\/\/blogdalucianaoliveira.com.br\/blog\/2021\/01\/24\/efeito-bolsonaro-quanto-mais-bolsonarista-a-cidade-mais-casos-de-covid-19\/c2f29bf1-3c1f-4353-b683-bf2b3140d9bf\/\" data-orig-file=\"https:\/\/i0.wp.com\/blogdalucianaoliveira.com.br\/blog\/wp-content\/uploads\/2021\/01\/C2F29BF1-3C1F-4353-B683-BF2B3140D9BF.jpeg?fit=960%2C720\" data-orig-size=\"960,720\" data-comments-opened=\"0\" data-image-meta=\"{&quot;aperture&quot;:&quot;0&quot;,&quot;credit&quot;:&quot;&quot;,&quot;camera&quot;:&quot;&quot;,&quot;caption&quot;:&quot;&quot;,&quot;created_timestamp&quot;:&quot;0&quot;,&quot;copyright&quot;:&quot;&quot;,&quot;focal_length&quot;:&quot;0&quot;,&quot;iso&quot;:&quot;0&quot;,&quot;shutter_speed&quot;:&quot;0&quot;,&quot;title&quot;:&quot;&quot;,&quot;orientation&quot;:&quot;1&quot;}\" data-image-title=\"C2F29BF1-3C1F-4353-B683-BF2B3140D9BF\" data-image-description=\"\" data-image-caption=\"\" data-medium-file=\"https:\/\/i0.wp.com\/blogdalucianaoliveira.com.br\/blog\/wp-content\/uploads\/2021\/01\/C2F29BF1-3C1F-4353-B683-BF2B3140D9BF.jpeg?fit=300%2C225\" data-large-file=\"https:\/\/i0.wp.com\/blogdalucianaoliveira.com.br\/blog\/wp-content\/uploads\/2021\/01\/C2F29BF1-3C1F-4353-B683-BF2B3140D9BF.jpeg?fit=600%2C450\" src=\"https:\/\/i0.wp.com\/blogdalucianaoliveira.com.br\/blog\/wp-content\/uploads\/2021\/01\/C2F29BF1-3C1F-4353-B683-BF2B3140D9BF.jpeg?resize=600%2C450\" alt=\"\" class=\"wp-image-30725\" srcset=\"https:\/\/i0.wp.com\/blogdalucianaoliveira.com.br\/blog\/wp-content\/uploads\/2021\/01\/C2F29BF1-3C1F-4353-B683-BF2B3140D9BF.jpeg?w=960 960w, https:\/\/i0.wp.com\/blogdalucianaoliveira.com.br\/blog\/wp-content\/uploads\/2021\/01\/C2F29BF1-3C1F-4353-B683-BF2B3140D9BF.jpeg?resize=300%2C225 300w, https:\/\/i0.wp.com\/blogdalucianaoliveira.com.br\/blog\/wp-content\/uploads\/2021\/01\/C2F29BF1-3C1F-4353-B683-BF2B3140D9BF.jpeg?resize=768%2C576 768w, https:\/\/i0.wp.com\/blogdalucianaoliveira.com.br\/blog\/wp-content\/uploads\/2021\/01\/C2F29BF1-3C1F-4353-B683-BF2B3140D9BF.jpeg?resize=400%2C300 400w\" sizes=\"auto, (max-width: 600px) 100vw, 600px\" \/><\/figure>\n\n\n\n<p>Estudo in\u00e9dito da UFRJ mostra a rela\u00e7\u00e3o entre a expans\u00e3o da pandemia do novo coronav\u00edrus e o bolsonarismo nas cidades brasileiras.<\/p>\n\n\n\n<p>No Catraca Livre <\/p>\n\n\n\n<!--more-->\n\n\n\n<p>Um estudo in\u00e9dito da Universidade Federal do Rio de Janeiro (<a href=\"https:\/\/ufrj.br\/\" target=\"_blank\" rel=\"noreferrer noopener\">UFRJ<\/a>), realizado em parceria com o Instituto Franc\u00eas de Pesquisa e Desenvolvimento (IRD) mostra o que eles chamam de \u201c<strong>Efeito Bolsonaro<\/strong>\u201c: quanto mais bolsonarista uma cidade, pior o n\u00famero de casos confirmados de pessoas infectadas com a covid-19.<\/p>\n\n\n\n<p>A pesquisa fez um cruzamento entre o resultado na vota\u00e7\u00e3o em primeiro turno nas elei\u00e7\u00f5es presidenciais de 2018 nos 5.570 munic\u00edpios brasileiros, e a expans\u00e3o da pandemia do&nbsp;<a href=\"https:\/\/catracalivre.com.br\/tag\/coronavirus\/\">novo coronav\u00edrus<\/a>. O resultado mostra que h\u00e1 uma rela\u00e7\u00e3o direta entre a prefer\u00eancia pelo presidente Jair Bolsonaro (sem partido) e o agravamento da pandemia.<\/p>\n\n\n\n<p>De acordo com\u00a0a pesquisa, para cada 10 pontos percentuais a mais de votos para Bolsonaro h\u00e1 um acr\u00e9scimo de 11% no n\u00famero de casos e de 12% no n\u00famero de mortos.<\/p>\n\n\n\n<p>\u201cO estudo mostrou que a Covid-19 causa mais estragos nos munic\u00edpios mais favor\u00e1veis ao presidente Bolsonaro\u201d, destaca o texto da pesquisa.<\/p>\n\n\n\n<p>\u201cPodemos pensar que o discurso amb\u00edguo do presidente induz seus partid\u00e1rios a adotarem com mais frequ\u00eancia comportamentos de risco (menos respeito \u00e0s instru\u00e7\u00f5es de confinamento e uso da m\u00e1scara) e a sofrer as consequ\u00eancias.\u201d, diz o texto.<\/p>\n\n\n\n<p>Os pesquisadores respons\u00e1veis pelo levantamento ainda analisam que esse foi o efeito que mais chamou a aten\u00e7\u00e3o, pois, em princ\u00edpio, n\u00e3o haveria raz\u00e3o para explicar o motivo de cidades que votaram mais em Bolsonaro terem proporcionalmente mais mortes do que nos outros locais estudados.<a href=\"https:\/\/catracalivre.com.br\/coronavirus-x-bolsonaro\/\">VEJA TAMB\u00c9M:&nbsp;<strong>Coronav\u00edrus x Jair Bolsonaro<\/strong><\/a><\/p>\n\n\n\n<p>\u00c0 Folha de S. Paulo, o professor Jo\u00e3o Luiz Maurity Sab\u00f3ia, outro pesquisador envolvido no estudo, diz:&nbsp;\u201cA argumenta\u00e7\u00e3o que usamos no nosso artigo \u00e9 que provavelmente trata-se de um efeito da pr\u00f3pria postura do presidente, que minimizou o uso de m\u00e1scara e a doen\u00e7a, chamando-a de gripezinha\u201d.<\/p>\n","protected":false},"excerpt":{"rendered":"<p>Estudo in\u00e9dito da UFRJ mostra a rela\u00e7\u00e3o entre a expans\u00e3o da pandemia do novo coronav\u00edrus e o bolsonarismo nas cidades brasileiras. No Catraca Livre<\/p>\n","protected":false},"author":1,"featured_media":0,"comment_status":"closed","ping_status":"open","sticky":false,"template":"","format":"standard","meta":{"_exactmetrics_skip_tracking":false,"_exactmetrics_sitenote_active":false,"_exactmetrics_sitenote_note":"","_exactmetrics_sitenote_category":0,"jetpack_post_was_ever_published":false,"_jetpack_newsletter_access":"","_jetpack_dont_email_post_to_subs":false,"_jetpack_newsletter_tier_id":0,"_jetpack_memberships_contains_paywalled_content":false,"_jetpack_memberships_contains_paid_content":false,"footnotes":"","jetpack_publicize_message":"","jetpack_publicize_feature_enabled":true,"jetpack_social_post_already_shared":true,"jetpack_social_options":{"image_generator_settings":{"template":"highway","enabled":false},"version":2}},"categories":[1],"tags":[],"class_list":["post-30724","post","type-post","status-publish","format-standard","hentry","category-notas"],"jetpack_publicize_connections":[],"jetpack_sharing_enabled":true,"jetpack_featured_media_url":"","jetpack_shortlink":"https:\/\/wp.me\/p7wKYW-7Zy","jetpack-related-posts":[],"_links":{"self":[{"href":"http:\/\/blogdalucianaoliveira.com.br\/blog\/wp-json\/wp\/v2\/posts\/30724","targetHints":{"allow":["GET"]}}],"collection":[{"href":"http:\/\/blogdalucianaoliveira.com.br\/blog\/wp-json\/wp\/v2\/posts"}],"about":[{"href":"http:\/\/blogdalucianaoliveira.com.br\/blog\/wp-json\/wp\/v2\/types\/post"}],"author":[{"embeddable":true,"href":"http:\/\/blogdalucianaoliveira.com.br\/blog\/wp-json\/wp\/v2\/users\/1"}],"replies":[{"embeddable":true,"href":"http:\/\/blogdalucianaoliveira.com.br\/blog\/wp-json\/wp\/v2\/comments?post=30724"}],"version-history":[{"count":1,"href":"http:\/\/blogdalucianaoliveira.com.br\/blog\/wp-json\/wp\/v2\/posts\/30724\/revisions"}],"predecessor-version":[{"id":30726,"href":"http:\/\/blogdalucianaoliveira.com.br\/blog\/wp-json\/wp\/v2\/posts\/30724\/revisions\/30726"}],"wp:attachment":[{"href":"http:\/\/blogdalucianaoliveira.com.br\/blog\/wp-json\/wp\/v2\/media?parent=30724"}],"wp:term":[{"taxonomy":"category","embeddable":true,"href":"http:\/\/blogdalucianaoliveira.com.br\/blog\/wp-json\/wp\/v2\/categories?post=30724"},{"taxonomy":"post_tag","embeddable":true,"href":"http:\/\/blogdalucianaoliveira.com.br\/blog\/wp-json\/wp\/v2\/tags?post=30724"}],"curies":[{"name":"wp","href":"https:\/\/api.w.org\/{rel}","templated":true}]}}