{"id":30727,"date":"2021-01-24T19:05:52","date_gmt":"2021-01-24T23:05:52","guid":{"rendered":"http:\/\/blogdalucianaoliveira.com.br\/blog\/?p=30727"},"modified":"2021-01-24T19:05:58","modified_gmt":"2021-01-24T23:05:58","slug":"dito-e-feito-pra-piorar-pandemia-em-rondonia","status":"publish","type":"post","link":"http:\/\/blogdalucianaoliveira.com.br\/blog\/2021\/01\/24\/dito-e-feito-pra-piorar-pandemia-em-rondonia\/","title":{"rendered":"Dito e feito pra piorar pandemia em Rond\u00f4nia"},"content":{"rendered":"\n<figure class=\"wp-block-image size-large\"><img loading=\"lazy\" decoding=\"async\" width=\"1280\" height=\"720\" data-attachment-id=\"30728\" data-permalink=\"http:\/\/blogdalucianaoliveira.com.br\/blog\/2021\/01\/24\/dito-e-feito-pra-piorar-pandemia-em-rondonia\/0891f4da-2d28-4e05-8eac-48743a101736\/\" data-orig-file=\"https:\/\/i0.wp.com\/blogdalucianaoliveira.com.br\/blog\/wp-content\/uploads\/2021\/01\/0891F4DA-2D28-4E05-8EAC-48743A101736.jpeg?fit=1280%2C720\" data-orig-size=\"1280,720\" data-comments-opened=\"0\" data-image-meta=\"{&quot;aperture&quot;:&quot;0&quot;,&quot;credit&quot;:&quot;&quot;,&quot;camera&quot;:&quot;&quot;,&quot;caption&quot;:&quot;&quot;,&quot;created_timestamp&quot;:&quot;0&quot;,&quot;copyright&quot;:&quot;&quot;,&quot;focal_length&quot;:&quot;0&quot;,&quot;iso&quot;:&quot;0&quot;,&quot;shutter_speed&quot;:&quot;0&quot;,&quot;title&quot;:&quot;&quot;,&quot;orientation&quot;:&quot;1&quot;}\" data-image-title=\"0891F4DA-2D28-4E05-8EAC-48743A101736\" data-image-description=\"\" data-image-caption=\"\" data-medium-file=\"https:\/\/i0.wp.com\/blogdalucianaoliveira.com.br\/blog\/wp-content\/uploads\/2021\/01\/0891F4DA-2D28-4E05-8EAC-48743A101736.jpeg?fit=300%2C169\" data-large-file=\"https:\/\/i0.wp.com\/blogdalucianaoliveira.com.br\/blog\/wp-content\/uploads\/2021\/01\/0891F4DA-2D28-4E05-8EAC-48743A101736.jpeg?fit=600%2C338\" src=\"https:\/\/i0.wp.com\/blogdalucianaoliveira.com.br\/blog\/wp-content\/uploads\/2021\/01\/0891F4DA-2D28-4E05-8EAC-48743A101736.jpeg?fit=600%2C338\" alt=\"\" class=\"wp-image-30728\" srcset=\"https:\/\/i0.wp.com\/blogdalucianaoliveira.com.br\/blog\/wp-content\/uploads\/2021\/01\/0891F4DA-2D28-4E05-8EAC-48743A101736.jpeg?w=1280 1280w, https:\/\/i0.wp.com\/blogdalucianaoliveira.com.br\/blog\/wp-content\/uploads\/2021\/01\/0891F4DA-2D28-4E05-8EAC-48743A101736.jpeg?resize=300%2C169 300w, https:\/\/i0.wp.com\/blogdalucianaoliveira.com.br\/blog\/wp-content\/uploads\/2021\/01\/0891F4DA-2D28-4E05-8EAC-48743A101736.jpeg?resize=1024%2C576 1024w, https:\/\/i0.wp.com\/blogdalucianaoliveira.com.br\/blog\/wp-content\/uploads\/2021\/01\/0891F4DA-2D28-4E05-8EAC-48743A101736.jpeg?resize=768%2C432 768w, https:\/\/i0.wp.com\/blogdalucianaoliveira.com.br\/blog\/wp-content\/uploads\/2021\/01\/0891F4DA-2D28-4E05-8EAC-48743A101736.jpeg?resize=533%2C300 533w, https:\/\/i0.wp.com\/blogdalucianaoliveira.com.br\/blog\/wp-content\/uploads\/2021\/01\/0891F4DA-2D28-4E05-8EAC-48743A101736.jpeg?w=1200 1200w\" sizes=\"auto, (max-width: 600px) 100vw, 600px\" \/><\/figure>\n\n\n\n<p>Rond\u00f4nia n\u00e3o tem mais leitos e ir\u00e1 transferir pacientes pra outros estados. <\/p>\n\n\n\n<p>Pois \u00e9\u2026<\/p>\n\n\n\n<p>O governador de Rond\u00f4nia nunca seguiu \u00e0 risca as determina\u00e7\u00f5es da Organiza\u00e7\u00e3o Mundial de Sa\u00fade para conter espalhamento do coronav\u00edrus. <br>\nDemorou a agir para ampliar atendimento aos infectados. <\/p>\n\n\n\n<!--more-->\n\n\n\n<p>Flexibilizou decretos com medidas de conten\u00e7\u00e3o da pandemia quando n\u00e3o devia.<br>\nFoi proibido pela justi\u00e7a de mudar decreto para agradar Bolsonaro.<br>\nIgnorou recomenda\u00e7\u00e3o conjunta do Minist\u00e9rio P\u00fablico Federal e o Minist\u00e9rio P\u00fablico do Trabalho para observar a transpar\u00eancia das a\u00e7\u00f5es de conten\u00e7\u00e3o.<br>\nProcuradores do estado foram ao CNJ pedir que \u00f3rg\u00e3os ministeriais n\u00e3o interferissem na gest\u00e3o da pandemia. <\/p>\n\n\n\n<p>Onde j\u00e1 se viu?! <\/p>\n\n\n\n<p>O governo entupiu o povo de kits de tratamento precoce fake contra a Covid em \u2018drive-thru\u2019, desperdi\u00e7ando dinheiro p\u00fablico e estimulando a falsa sensa\u00e7\u00e3o de prote\u00e7\u00e3o. <br>\nBolsonarista, Marcos Rocha seguiu fiel ao monstro que ocupa a presid\u00eancia da rep\u00fablica. <\/p>\n\n\n\n<p>Ele e seu secret\u00e1rio de sa\u00fade. <br>\nEsses s\u00e3o os fatos. <br>\nO resto \u00e9 publicidade.<\/p>\n\n\n\n<h1 class=\"wp-block-heading\">ForaBolsonaro<\/h1>\n","protected":false},"excerpt":{"rendered":"<p>Rond\u00f4nia n\u00e3o tem mais leitos e ir\u00e1 transferir pacientes pra outros estados. Pois \u00e9\u2026 O governador de Rond\u00f4nia nunca seguiu \u00e0 risca as determina\u00e7\u00f5es da Organiza\u00e7\u00e3o Mundial de Sa\u00fade para conter espalhamento do coronav\u00edrus. Demorou a agir para ampliar atendimento aos infectados.<\/p>\n","protected":false},"author":1,"featured_media":0,"comment_status":"closed","ping_status":"open","sticky":false,"template":"","format":"standard","meta":{"_exactmetrics_skip_tracking":false,"_exactmetrics_sitenote_active":false,"_exactmetrics_sitenote_note":"","_exactmetrics_sitenote_category":0,"jetpack_post_was_ever_published":false,"_jetpack_newsletter_access":"","_jetpack_dont_email_post_to_subs":false,"_jetpack_newsletter_tier_id":0,"_jetpack_memberships_contains_paywalled_content":false,"_jetpack_memberships_contains_paid_content":false,"footnotes":"","jetpack_publicize_message":"","jetpack_publicize_feature_enabled":true,"jetpack_social_post_already_shared":true,"jetpack_social_options":{"image_generator_settings":{"template":"highway","enabled":false},"version":2}},"categories":[1],"tags":[],"class_list":["post-30727","post","type-post","status-publish","format-standard","hentry","category-notas"],"jetpack_publicize_connections":[],"jetpack_sharing_enabled":true,"jetpack_featured_media_url":"","jetpack_shortlink":"https:\/\/wp.me\/p7wKYW-7ZB","jetpack-related-posts":[],"_links":{"self":[{"href":"http:\/\/blogdalucianaoliveira.com.br\/blog\/wp-json\/wp\/v2\/posts\/30727","targetHints":{"allow":["GET"]}}],"collection":[{"href":"http:\/\/blogdalucianaoliveira.com.br\/blog\/wp-json\/wp\/v2\/posts"}],"about":[{"href":"http:\/\/blogdalucianaoliveira.com.br\/blog\/wp-json\/wp\/v2\/types\/post"}],"author":[{"embeddable":true,"href":"http:\/\/blogdalucianaoliveira.com.br\/blog\/wp-json\/wp\/v2\/users\/1"}],"replies":[{"embeddable":true,"href":"http:\/\/blogdalucianaoliveira.com.br\/blog\/wp-json\/wp\/v2\/comments?post=30727"}],"version-history":[{"count":1,"href":"http:\/\/blogdalucianaoliveira.com.br\/blog\/wp-json\/wp\/v2\/posts\/30727\/revisions"}],"predecessor-version":[{"id":30729,"href":"http:\/\/blogdalucianaoliveira.com.br\/blog\/wp-json\/wp\/v2\/posts\/30727\/revisions\/30729"}],"wp:attachment":[{"href":"http:\/\/blogdalucianaoliveira.com.br\/blog\/wp-json\/wp\/v2\/media?parent=30727"}],"wp:term":[{"taxonomy":"category","embeddable":true,"href":"http:\/\/blogdalucianaoliveira.com.br\/blog\/wp-json\/wp\/v2\/categories?post=30727"},{"taxonomy":"post_tag","embeddable":true,"href":"http:\/\/blogdalucianaoliveira.com.br\/blog\/wp-json\/wp\/v2\/tags?post=30727"}],"curies":[{"name":"wp","href":"https:\/\/api.w.org\/{rel}","templated":true}]}}