{"id":30730,"date":"2021-01-24T21:35:36","date_gmt":"2021-01-25T01:35:36","guid":{"rendered":"http:\/\/blogdalucianaoliveira.com.br\/blog\/?p=30730"},"modified":"2021-01-24T21:35:43","modified_gmt":"2021-01-25T01:35:43","slug":"ministerio-questiona-rondonia-sobre-desvio-de-8-805-doses-de-vacina","status":"publish","type":"post","link":"http:\/\/blogdalucianaoliveira.com.br\/blog\/2021\/01\/24\/ministerio-questiona-rondonia-sobre-desvio-de-8-805-doses-de-vacina\/","title":{"rendered":"Minist\u00e9rio questiona Rond\u00f4nia sobre desvio de 8.805 doses de vacina"},"content":{"rendered":"\n<figure class=\"wp-block-image size-large\"><img data-recalc-dims=\"1\" loading=\"lazy\" decoding=\"async\" width=\"600\" height=\"371\" data-attachment-id=\"30731\" data-permalink=\"http:\/\/blogdalucianaoliveira.com.br\/blog\/2021\/01\/24\/ministerio-questiona-rondonia-sobre-desvio-de-8-805-doses-de-vacina\/3838d7fc-830b-427e-a9cf-acdd5faee672\/\" data-orig-file=\"https:\/\/i0.wp.com\/blogdalucianaoliveira.com.br\/blog\/wp-content\/uploads\/2021\/01\/3838D7FC-830B-427E-A9CF-ACDD5FAEE672.jpeg?fit=768%2C475\" data-orig-size=\"768,475\" data-comments-opened=\"0\" data-image-meta=\"{&quot;aperture&quot;:&quot;0&quot;,&quot;credit&quot;:&quot;&quot;,&quot;camera&quot;:&quot;&quot;,&quot;caption&quot;:&quot;&quot;,&quot;created_timestamp&quot;:&quot;0&quot;,&quot;copyright&quot;:&quot;&quot;,&quot;focal_length&quot;:&quot;0&quot;,&quot;iso&quot;:&quot;0&quot;,&quot;shutter_speed&quot;:&quot;0&quot;,&quot;title&quot;:&quot;&quot;,&quot;orientation&quot;:&quot;0&quot;}\" data-image-title=\"3838D7FC-830B-427E-A9CF-ACDD5FAEE672\" data-image-description=\"\" data-image-caption=\"\" data-medium-file=\"https:\/\/i0.wp.com\/blogdalucianaoliveira.com.br\/blog\/wp-content\/uploads\/2021\/01\/3838D7FC-830B-427E-A9CF-ACDD5FAEE672.jpeg?fit=300%2C186\" data-large-file=\"https:\/\/i0.wp.com\/blogdalucianaoliveira.com.br\/blog\/wp-content\/uploads\/2021\/01\/3838D7FC-830B-427E-A9CF-ACDD5FAEE672.jpeg?fit=600%2C371\" src=\"https:\/\/i0.wp.com\/blogdalucianaoliveira.com.br\/blog\/wp-content\/uploads\/2021\/01\/3838D7FC-830B-427E-A9CF-ACDD5FAEE672.jpeg?resize=600%2C371\" alt=\"\" class=\"wp-image-30731\" srcset=\"https:\/\/i0.wp.com\/blogdalucianaoliveira.com.br\/blog\/wp-content\/uploads\/2021\/01\/3838D7FC-830B-427E-A9CF-ACDD5FAEE672.jpeg?w=768 768w, https:\/\/i0.wp.com\/blogdalucianaoliveira.com.br\/blog\/wp-content\/uploads\/2021\/01\/3838D7FC-830B-427E-A9CF-ACDD5FAEE672.jpeg?resize=300%2C186 300w, https:\/\/i0.wp.com\/blogdalucianaoliveira.com.br\/blog\/wp-content\/uploads\/2021\/01\/3838D7FC-830B-427E-A9CF-ACDD5FAEE672.jpeg?resize=485%2C300 485w\" sizes=\"auto, (max-width: 600px) 100vw, 600px\" \/><\/figure>\n\n\n\n<p>Imunizantes contra a Covid-19 seriam enviados a ind\u00edgenas; governo diz que entregou mais que o previsto.<\/p>\n\n\n\n<!--more-->\n\n\n\n<p><strong><a href=\"https:\/\/www1.folha.uol.com.br\/autores\/fabiano-maisonnave.shtml\">Fabiano Maisonnave<\/a><\/strong>, na Folha de S\u00e3o Paulo<\/p>\n\n\n\n<p>O Minist\u00e9rio da Sa\u00fade est\u00e1 questionando o governo de Rond\u00f4nia sobre o desvio de 8.805 doses de vacina contra Covid-19 enviadas ao estado e que deveriam ter sido disponibilizadas aos ind\u00edgenas.<\/p>\n\n\n\n<p>Via of\u00edcio enviado neste s\u00e1bado (23), o secret\u00e1rio especial de Sa\u00fade Ind\u00edgena do Minist\u00e9rio da Sa\u00fade, Robson Silva, cobra explica\u00e7\u00f5es sobre por que a Ag\u00eancia Estadual de Vigil\u00e2ncia em Sa\u00fade (Agevisa) repassou apenas 2.315 das 11.120 doses de vacinas previstas para o Distrito Sanit\u00e1rio Especial Ind\u00edgena (Dsei) de Porto Velho.<\/p>\n\n\n\n<p>No of\u00edcio, Silva afirma que o n\u00e3o repasse contraria o Plano Nacional de Imuniza\u00e7\u00e3o e uma decis\u00e3o recente do Supremo Tribunal Federal (STF), que preveem\u00a0<a href=\"https:\/\/www1.folha.uol.com.br\/equilibrioesaude\/2020\/12\/vacinacao-contra-a-covid-19-vai-comecar-com-profissionais-de-saude-idosos-e-indigenas.shtml\">a inclus\u00e3o das popula\u00e7\u00f5es ind\u00edgenas como grupos priorit\u00e1rios para vacina\u00e7\u00e3o.<\/a><\/p>\n\n\n\n<p>Ao final do documento, a Sesai \u201crequer imediatamente a plena disponibiliza\u00e7\u00e3o das doses pertencentes ao Dsei de Porto Velho para imuniza\u00e7\u00e3o da popula\u00e7\u00e3o ind\u00edgena que est\u00e1 sob a responsabilidade do Dsei\u201d.<\/p>\n\n\n\n<p>De acordo com a planilha do Programa Nacional de Imuniza\u00e7\u00f5es do Minist\u00e9rio da Sa\u00fade, h\u00e1 6.113 ind\u00edgenas acima de 17 anos morando em terras ind\u00edgenas de Rond\u00f4nia \u2014o n\u00famero inclui parte do sul do Amazonas, tamb\u00e9m atendido pelo Dsei de Porto Velho. O questionamento do Minist\u00e9rio da Sa\u00fade leva em conta as duas doses necess\u00e1rias para a imuniza\u00e7\u00e3o de uma pessoa.<\/p>\n\n\n\n<p>A falta de vacinas causou frustra\u00e7\u00e3o e revolta. Na Terra Ind\u00edgena Igarap\u00e9 Lourdes, do povo arara karo, s\u00f3 foram vacinadas pessoas acima de 45 anos, e profissionais de sa\u00fade ficaram de fora, relatou a lideran\u00e7a Shirlei Arara, 33.<\/p>\n\n\n\n<p>\u201cN\u00e3o tem data prevista nem informaram o motivo\u201d, diz a lideran\u00e7a, n\u00e3o vacinada. \u201c\u00c9 um desespero muito grande, h\u00e1 muita tristeza e decep\u00e7\u00e3o.\u201d<\/p>\n\n\n\n<p>Segundo ela, houve uma morte confirmada e outra suspeita por Covid-19, em uma popula\u00e7\u00e3o de 800 pessoas. Ela afirmou que h\u00e1 um crescimento recente de casos, incluindo tr\u00eas crian\u00e7as.<\/p>\n\n\n\n<h3 class=\"wp-block-heading\">OUTRO LADO<\/h3>\n\n\n\n<p>O estado de Rond\u00f4nia \u00e9 governado pelo coronel da PM&nbsp;<a href=\"https:\/\/www1.folha.uol.com.br\/poder\/2018\/10\/coronel-da-policia-militar-e-eleito-governador-de-rondonia-projeta-datafolha.shtml\">Marcos Rocha (PSL)<\/a>, um aliado fiel de Bolsonaro.<\/p>\n\n\n\n<p>Procurado pela&nbsp;<strong>Folha<\/strong>, o diretor geral em exerc\u00edcio da Agevisa, Edilson Silva, afirmou que a distribui\u00e7\u00e3o das vacinas atende apenas \u00e0 primeira dose do imunizante e que seguiu o previsto pelo Minist\u00e9rio da Sa\u00fade. Segundo ele, a distribui\u00e7\u00e3o da segunda dose est\u00e1 assegurada e houve uma falha de comunica\u00e7\u00e3o entre os governos federal e estadual.<\/p>\n\n\n\n<p>De acordo com a Agevisa, o Dsei recebeu 3.060 doses e receber\u00e1 outras 3.060 doses, somando 6.120 doses. \u201cEstamos entregando sete doses a mais\u201d, afirma Silva, ao comparar as doses com a popula\u00e7\u00e3o de 6.113 ind\u00edgenas.<\/p>\n\n\n\n<p>Tudo indica que a conta do governo de Rond\u00f4nia considerou uma dose por ind\u00edgena, e n\u00e3o duas. A reportagem voltou a ligar para Silva, mas n\u00e3o obteve nova resposta.<\/p>\n","protected":false},"excerpt":{"rendered":"<p>Imunizantes contra a Covid-19 seriam enviados a ind\u00edgenas; governo diz que entregou mais que o previsto.<\/p>\n","protected":false},"author":1,"featured_media":0,"comment_status":"closed","ping_status":"open","sticky":false,"template":"","format":"standard","meta":{"_exactmetrics_skip_tracking":false,"_exactmetrics_sitenote_active":false,"_exactmetrics_sitenote_note":"","_exactmetrics_sitenote_category":0,"jetpack_post_was_ever_published":false,"_jetpack_newsletter_access":"","_jetpack_dont_email_post_to_subs":false,"_jetpack_newsletter_tier_id":0,"_jetpack_memberships_contains_paywalled_content":false,"_jetpack_memberships_contains_paid_content":false,"footnotes":"","jetpack_publicize_message":"","jetpack_publicize_feature_enabled":true,"jetpack_social_post_already_shared":true,"jetpack_social_options":{"image_generator_settings":{"template":"highway","enabled":false},"version":2}},"categories":[1],"tags":[],"class_list":["post-30730","post","type-post","status-publish","format-standard","hentry","category-notas"],"jetpack_publicize_connections":[],"jetpack_sharing_enabled":true,"jetpack_featured_media_url":"","jetpack_shortlink":"https:\/\/wp.me\/p7wKYW-7ZE","jetpack-related-posts":[],"_links":{"self":[{"href":"http:\/\/blogdalucianaoliveira.com.br\/blog\/wp-json\/wp\/v2\/posts\/30730","targetHints":{"allow":["GET"]}}],"collection":[{"href":"http:\/\/blogdalucianaoliveira.com.br\/blog\/wp-json\/wp\/v2\/posts"}],"about":[{"href":"http:\/\/blogdalucianaoliveira.com.br\/blog\/wp-json\/wp\/v2\/types\/post"}],"author":[{"embeddable":true,"href":"http:\/\/blogdalucianaoliveira.com.br\/blog\/wp-json\/wp\/v2\/users\/1"}],"replies":[{"embeddable":true,"href":"http:\/\/blogdalucianaoliveira.com.br\/blog\/wp-json\/wp\/v2\/comments?post=30730"}],"version-history":[{"count":1,"href":"http:\/\/blogdalucianaoliveira.com.br\/blog\/wp-json\/wp\/v2\/posts\/30730\/revisions"}],"predecessor-version":[{"id":30732,"href":"http:\/\/blogdalucianaoliveira.com.br\/blog\/wp-json\/wp\/v2\/posts\/30730\/revisions\/30732"}],"wp:attachment":[{"href":"http:\/\/blogdalucianaoliveira.com.br\/blog\/wp-json\/wp\/v2\/media?parent=30730"}],"wp:term":[{"taxonomy":"category","embeddable":true,"href":"http:\/\/blogdalucianaoliveira.com.br\/blog\/wp-json\/wp\/v2\/categories?post=30730"},{"taxonomy":"post_tag","embeddable":true,"href":"http:\/\/blogdalucianaoliveira.com.br\/blog\/wp-json\/wp\/v2\/tags?post=30730"}],"curies":[{"name":"wp","href":"https:\/\/api.w.org\/{rel}","templated":true}]}}