{"id":30733,"date":"2021-01-25T07:57:28","date_gmt":"2021-01-25T11:57:28","guid":{"rendered":"http:\/\/blogdalucianaoliveira.com.br\/blog\/?p=30733"},"modified":"2021-01-25T07:57:34","modified_gmt":"2021-01-25T11:57:34","slug":"relatorio-aponta-que-familia-bolsonaro-lidera-ranking-de-ataque-a-imprensa-em-2020","status":"publish","type":"post","link":"http:\/\/blogdalucianaoliveira.com.br\/blog\/2021\/01\/25\/relatorio-aponta-que-familia-bolsonaro-lidera-ranking-de-ataque-a-imprensa-em-2020\/","title":{"rendered":"Relat\u00f3rio aponta que fam\u00edlia Bolsonaro lidera ranking de ataque \u00e0 imprensa em 2020"},"content":{"rendered":"\n<figure class=\"wp-block-image size-large\"><img data-recalc-dims=\"1\" loading=\"lazy\" decoding=\"async\" width=\"600\" height=\"400\" data-attachment-id=\"30734\" data-permalink=\"http:\/\/blogdalucianaoliveira.com.br\/blog\/2021\/01\/25\/relatorio-aponta-que-familia-bolsonaro-lidera-ranking-de-ataque-a-imprensa-em-2020\/e0bd3aaf-f1d9-47e6-bf95-9a4cd30b1252\/\" data-orig-file=\"https:\/\/i0.wp.com\/blogdalucianaoliveira.com.br\/blog\/wp-content\/uploads\/2021\/01\/E0BD3AAF-F1D9-47E6-BF95-9A4CD30B1252.jpeg?fit=1024%2C683\" data-orig-size=\"1024,683\" data-comments-opened=\"0\" data-image-meta=\"{&quot;aperture&quot;:&quot;0&quot;,&quot;credit&quot;:&quot;&quot;,&quot;camera&quot;:&quot;&quot;,&quot;caption&quot;:&quot;&quot;,&quot;created_timestamp&quot;:&quot;0&quot;,&quot;copyright&quot;:&quot;&quot;,&quot;focal_length&quot;:&quot;0&quot;,&quot;iso&quot;:&quot;0&quot;,&quot;shutter_speed&quot;:&quot;0&quot;,&quot;title&quot;:&quot;&quot;,&quot;orientation&quot;:&quot;0&quot;}\" data-image-title=\"E0BD3AAF-F1D9-47E6-BF95-9A4CD30B1252\" data-image-description=\"\" data-image-caption=\"\" data-medium-file=\"https:\/\/i0.wp.com\/blogdalucianaoliveira.com.br\/blog\/wp-content\/uploads\/2021\/01\/E0BD3AAF-F1D9-47E6-BF95-9A4CD30B1252.jpeg?fit=300%2C200\" data-large-file=\"https:\/\/i0.wp.com\/blogdalucianaoliveira.com.br\/blog\/wp-content\/uploads\/2021\/01\/E0BD3AAF-F1D9-47E6-BF95-9A4CD30B1252.jpeg?fit=600%2C400\" src=\"https:\/\/i0.wp.com\/blogdalucianaoliveira.com.br\/blog\/wp-content\/uploads\/2021\/01\/E0BD3AAF-F1D9-47E6-BF95-9A4CD30B1252.jpeg?resize=600%2C400\" alt=\"\" class=\"wp-image-30734\" srcset=\"https:\/\/i0.wp.com\/blogdalucianaoliveira.com.br\/blog\/wp-content\/uploads\/2021\/01\/E0BD3AAF-F1D9-47E6-BF95-9A4CD30B1252.jpeg?w=1024 1024w, https:\/\/i0.wp.com\/blogdalucianaoliveira.com.br\/blog\/wp-content\/uploads\/2021\/01\/E0BD3AAF-F1D9-47E6-BF95-9A4CD30B1252.jpeg?resize=300%2C200 300w, https:\/\/i0.wp.com\/blogdalucianaoliveira.com.br\/blog\/wp-content\/uploads\/2021\/01\/E0BD3AAF-F1D9-47E6-BF95-9A4CD30B1252.jpeg?resize=768%2C512 768w, https:\/\/i0.wp.com\/blogdalucianaoliveira.com.br\/blog\/wp-content\/uploads\/2021\/01\/E0BD3AAF-F1D9-47E6-BF95-9A4CD30B1252.jpeg?resize=450%2C300 450w\" sizes=\"auto, (max-width: 600px) 100vw, 600px\" \/><\/figure>\n\n\n\n<p>Presidente, filhos e ministros fizeram mais de 500 atos de hostilidade contra jornalistas, segundo ONG Rep\u00f3rteres Sem Fronteiras.<\/p>\n\n\n\n<!--more-->\n\n\n\n<p><strong><a href=\"https:\/\/www1.folha.uol.com.br\/autores\/walter-nunes.shtml\">W\u00e1lter Nunes<\/a><\/strong>, na FSP<\/p>\n\n\n\n<p>Balan\u00e7o feito pela organiza\u00e7\u00e3o n\u00e3o governamental Rep\u00f3rteres Sem Fronteiras mostra que, em 2020, o presidente Jair Bolsonaro e pessoas do seu entorno promoveram 580 ofensas&nbsp;<a href=\"https:\/\/www1.folha.uol.com.br\/poder\/2020\/08\/a-vontade-e-encher-tua-boca-com-porrada-diz-bolsonaro-apos-reporter-perguntar-sobre-queiroz.shtml\">a profissionais e empresas de comunica\u00e7\u00e3o.<\/a><\/p>\n\n\n\n<p>Bolsonaro e seus filhos Eduardo\u00a0<a href=\"https:\/\/www1.folha.uol.com.br\/folha-topicos\/carlos-bolsonaro\/\">e Carlos<\/a>\u00a0est\u00e3o no topo do ranking de \u201cpredadores da liberdade de imprensa\u201d, feito pelos Rep\u00f3rteres Sem Fronteira<strong>.<\/strong><\/p>\n\n\n\n<p>O deputado federal\u00a0<a href=\"https:\/\/www1.folha.uol.com.br\/folha-topicos\/eduardo-bolsonaro\/\">Eduardo Bolsonaro (PSL-SP)<\/a>\u00e9 o l\u00edder com 208 ataques a jornalistas. O presidente Jair Bolsonaro vem em seguida, com 103 ataques, e Carlos Bolsonaro (Republicanos-RJ), vereador no Rio de Janeiro, \u00e9 o terceiro com 89 ataques.<\/p>\n\n\n\n<p>Bolsonaro e seus filhos respondem por 85% das ofensas promovidas por autoridades \u00e0 imprensa em 2020 compiladas pela organiza\u00e7\u00e3o n\u00e3o governamental.<\/p>\n\n\n\n<p>No dia 20 de janeiro deste ano, Eduardo Bolsonaro foi condenado a indenizar a jornalista Patr\u00edcia Campos Mello, rep\u00f3rter da&nbsp;<strong>Folha<\/strong>, em R$ 30 mil por danos morais. A Justi\u00e7a ainda determinou o pagamento de custas processuais e honor\u00e1rios advocat\u00edcios no valor de 15% da condena\u00e7\u00e3o. Cabe recurso.<\/p>\n\n\n\n<p>A rep\u00f3rter&nbsp;<a href=\"https:\/\/www1.folha.uol.com.br\/poder\/2020\/06\/reporter-da-folha-processa-deputado-eduardo-bolsonaro-por-danos-morais.shtml\">acionou a Justi\u00e7a ap\u00f3s ataque, com ofensa de cunho sexual, feito numa live e em publica\u00e7\u00e3o em rede social<\/a>. Em transmiss\u00e3o ao vivo, Eduardo afirmou que a jornalista \u201ctentava seduzir\u201d para obter informa\u00e7\u00f5es que fossem prejudiciais ao seu pai. A live foi ao ar pelo canal do YouTube Ter\u00e7a Livre TV em 27 de maio do ano passado.<\/p>\n\n\n\n<p>O balan\u00e7o do Rep\u00f3rter Sem Fronteiras aponta que as redes sociais foram o meio preferido de Bolsonaro, seus filhos e ministros para declara\u00e7\u00f5es desse tipo. Pelo Twitter, foram publicadas 489 mensagens com hostilidade a profissionais da imprensa.<\/p>\n\n\n\n<p>Metade dos ministros de Bolsonaro contribuiu com os ataques a jornalistas aferidos no levantamento. Dos 22 ministros, 11 deles promoveram alguma ofensa a jornalistas. Damares Alves, titular da pasta da Mulher, Fam\u00edlia e Direitos Humanos, foi quem mais atacou, protagonizando 19 epis\u00f3dios de hostilidade.<\/p>\n\n\n\n<p>O relat\u00f3rio traz uma an\u00e1lise em que aponta que o Pal\u00e1cio da Alvorada, resid\u00eancia oficial do presidente da Rep\u00fablica, se tornou &#8220;palco de humilha\u00e7\u00f5es p\u00fablicas de jornalistas&#8221;.<\/p>\n\n\n\n<p>&#8220;Em 2020, o Pal\u00e1cio da Alvorada em Bras\u00edlia, onde o presidente mora e de onde costuma dar coletivas informais pela manh\u00e3, se tornou s\u00edmbolo da sua hostilidade aos jornalistas. Foi l\u00e1 que, no dia 3 de mar\u00e7o, Jair Bolsonaro saiu de seu ve\u00edculo oficial acompanhado por&nbsp;<a href=\"https:\/\/www1.folha.uol.com.br\/poder\/2020\/03\/depoimento-bolsonaro-troca-grosseria-por-chacota-e-escala-humorista-duble-para-explicar-pibinho.shtml\">um humorista disfar\u00e7ado de presidente,<\/a>&nbsp;a quem pediu para distribuir bananas aos jornalistas presentes. Essa cena surreal foi transmitida ao vivo nas redes sociais da presid\u00eancia&#8221;, diz o documento.<\/p>\n","protected":false},"excerpt":{"rendered":"<p>Presidente, filhos e ministros fizeram mais de 500 atos de hostilidade contra jornalistas, segundo ONG Rep\u00f3rteres Sem Fronteiras.<\/p>\n","protected":false},"author":1,"featured_media":0,"comment_status":"closed","ping_status":"open","sticky":false,"template":"","format":"standard","meta":{"_exactmetrics_skip_tracking":false,"_exactmetrics_sitenote_active":false,"_exactmetrics_sitenote_note":"","_exactmetrics_sitenote_category":0,"jetpack_post_was_ever_published":false,"_jetpack_newsletter_access":"","_jetpack_dont_email_post_to_subs":false,"_jetpack_newsletter_tier_id":0,"_jetpack_memberships_contains_paywalled_content":false,"_jetpack_memberships_contains_paid_content":false,"footnotes":"","jetpack_publicize_message":"","jetpack_publicize_feature_enabled":true,"jetpack_social_post_already_shared":true,"jetpack_social_options":{"image_generator_settings":{"template":"highway","enabled":false},"version":2}},"categories":[1],"tags":[],"class_list":["post-30733","post","type-post","status-publish","format-standard","hentry","category-notas"],"jetpack_publicize_connections":[],"jetpack_sharing_enabled":true,"jetpack_featured_media_url":"","jetpack_shortlink":"https:\/\/wp.me\/p7wKYW-7ZH","jetpack-related-posts":[],"_links":{"self":[{"href":"http:\/\/blogdalucianaoliveira.com.br\/blog\/wp-json\/wp\/v2\/posts\/30733","targetHints":{"allow":["GET"]}}],"collection":[{"href":"http:\/\/blogdalucianaoliveira.com.br\/blog\/wp-json\/wp\/v2\/posts"}],"about":[{"href":"http:\/\/blogdalucianaoliveira.com.br\/blog\/wp-json\/wp\/v2\/types\/post"}],"author":[{"embeddable":true,"href":"http:\/\/blogdalucianaoliveira.com.br\/blog\/wp-json\/wp\/v2\/users\/1"}],"replies":[{"embeddable":true,"href":"http:\/\/blogdalucianaoliveira.com.br\/blog\/wp-json\/wp\/v2\/comments?post=30733"}],"version-history":[{"count":1,"href":"http:\/\/blogdalucianaoliveira.com.br\/blog\/wp-json\/wp\/v2\/posts\/30733\/revisions"}],"predecessor-version":[{"id":30735,"href":"http:\/\/blogdalucianaoliveira.com.br\/blog\/wp-json\/wp\/v2\/posts\/30733\/revisions\/30735"}],"wp:attachment":[{"href":"http:\/\/blogdalucianaoliveira.com.br\/blog\/wp-json\/wp\/v2\/media?parent=30733"}],"wp:term":[{"taxonomy":"category","embeddable":true,"href":"http:\/\/blogdalucianaoliveira.com.br\/blog\/wp-json\/wp\/v2\/categories?post=30733"},{"taxonomy":"post_tag","embeddable":true,"href":"http:\/\/blogdalucianaoliveira.com.br\/blog\/wp-json\/wp\/v2\/tags?post=30733"}],"curies":[{"name":"wp","href":"https:\/\/api.w.org\/{rel}","templated":true}]}}