{"id":30737,"date":"2021-01-25T12:03:29","date_gmt":"2021-01-25T16:03:29","guid":{"rendered":"http:\/\/blogdalucianaoliveira.com.br\/blog\/?p=30737"},"modified":"2021-01-25T12:03:34","modified_gmt":"2021-01-25T16:03:34","slug":"bolsonaro-retoma-ataque-as-medidas-contra-pandemia-e-divulga-discurso-negacionista-de-presidente-do-tj-do-mato-grosso","status":"publish","type":"post","link":"http:\/\/blogdalucianaoliveira.com.br\/blog\/2021\/01\/25\/bolsonaro-retoma-ataque-as-medidas-contra-pandemia-e-divulga-discurso-negacionista-de-presidente-do-tj-do-mato-grosso\/","title":{"rendered":"Bolsonaro retoma ataque \u00e0s medidas contra pandemia e divulga discurso negacionista de presidente do TJ do Mato Grosso"},"content":{"rendered":"\n<figure class=\"wp-block-image size-large\"><img loading=\"lazy\" decoding=\"async\" width=\"1250\" height=\"600\" data-attachment-id=\"30738\" data-permalink=\"http:\/\/blogdalucianaoliveira.com.br\/blog\/2021\/01\/25\/bolsonaro-retoma-ataque-as-medidas-contra-pandemia-e-divulga-discurso-negacionista-de-presidente-do-tj-do-mato-grosso\/29535554-b7e3-4bd9-8fd0-e8c7c81a4113\/\" data-orig-file=\"https:\/\/i0.wp.com\/blogdalucianaoliveira.com.br\/blog\/wp-content\/uploads\/2021\/01\/29535554-B7E3-4BD9-8FD0-E8C7C81A4113.jpeg?fit=1250%2C600\" data-orig-size=\"1250,600\" data-comments-opened=\"0\" data-image-meta=\"{&quot;aperture&quot;:&quot;0&quot;,&quot;credit&quot;:&quot;&quot;,&quot;camera&quot;:&quot;&quot;,&quot;caption&quot;:&quot;&quot;,&quot;created_timestamp&quot;:&quot;0&quot;,&quot;copyright&quot;:&quot;&quot;,&quot;focal_length&quot;:&quot;0&quot;,&quot;iso&quot;:&quot;0&quot;,&quot;shutter_speed&quot;:&quot;0&quot;,&quot;title&quot;:&quot;&quot;,&quot;orientation&quot;:&quot;0&quot;}\" data-image-title=\"29535554-B7E3-4BD9-8FD0-E8C7C81A4113\" data-image-description=\"\" data-image-caption=\"\" data-medium-file=\"https:\/\/i0.wp.com\/blogdalucianaoliveira.com.br\/blog\/wp-content\/uploads\/2021\/01\/29535554-B7E3-4BD9-8FD0-E8C7C81A4113.jpeg?fit=300%2C144\" data-large-file=\"https:\/\/i0.wp.com\/blogdalucianaoliveira.com.br\/blog\/wp-content\/uploads\/2021\/01\/29535554-B7E3-4BD9-8FD0-E8C7C81A4113.jpeg?fit=600%2C288\" src=\"https:\/\/i0.wp.com\/blogdalucianaoliveira.com.br\/blog\/wp-content\/uploads\/2021\/01\/29535554-B7E3-4BD9-8FD0-E8C7C81A4113.jpeg?fit=600%2C288\" alt=\"\" class=\"wp-image-30738\" srcset=\"https:\/\/i0.wp.com\/blogdalucianaoliveira.com.br\/blog\/wp-content\/uploads\/2021\/01\/29535554-B7E3-4BD9-8FD0-E8C7C81A4113.jpeg?w=1250 1250w, https:\/\/i0.wp.com\/blogdalucianaoliveira.com.br\/blog\/wp-content\/uploads\/2021\/01\/29535554-B7E3-4BD9-8FD0-E8C7C81A4113.jpeg?resize=300%2C144 300w, https:\/\/i0.wp.com\/blogdalucianaoliveira.com.br\/blog\/wp-content\/uploads\/2021\/01\/29535554-B7E3-4BD9-8FD0-E8C7C81A4113.jpeg?resize=1024%2C492 1024w, https:\/\/i0.wp.com\/blogdalucianaoliveira.com.br\/blog\/wp-content\/uploads\/2021\/01\/29535554-B7E3-4BD9-8FD0-E8C7C81A4113.jpeg?resize=768%2C369 768w, https:\/\/i0.wp.com\/blogdalucianaoliveira.com.br\/blog\/wp-content\/uploads\/2021\/01\/29535554-B7E3-4BD9-8FD0-E8C7C81A4113.jpeg?resize=625%2C300 625w, https:\/\/i0.wp.com\/blogdalucianaoliveira.com.br\/blog\/wp-content\/uploads\/2021\/01\/29535554-B7E3-4BD9-8FD0-E8C7C81A4113.jpeg?w=1200 1200w\" sizes=\"auto, (max-width: 600px) 100vw, 600px\" \/><\/figure>\n\n\n\n<p><strong>247<\/strong>&nbsp;-Jair Bolsonaro divulgou na manh\u00e3 desta segunda-feira (25) um trecho do discurso proferido pelo juiz federal Carlos Eduardo Contar, que tomou posse como presidente do Tribunal de Justi\u00e7a de Mato Grosso do Sul (TJ-MS) na \u00faltima sexta-feira (22). O magistrado, que n\u00e3o usou m\u00e1scara durante a cerim\u00f4nia, classificou as medidas contra a propaga\u00e7\u00e3o do coronav\u00edrus como&nbsp;<a href=\"https:\/\/www.brasil247.com\/brasil\/juiz-defende-cloroquina-em-posse-como-presidente-do-tribunal-de-justica-de-mato-grosso\">&#8220;esquizofrenia e palha\u00e7ada midi\u00e1tica f\u00fanebre&#8221;<\/a>.<\/p>\n\n\n\n<!--more-->\n\n\n\n<p>&#8220;Mostremos n\u00f3s trabalhadores do servi\u00e7o p\u00fablico responsabilidade com<br>os deveres e obriga\u00e7\u00f5es com aqueles que representamos, e por isto mesmo,<br>retornemos com seguran\u00e7a, pondo fim \u00e0 esquizofrenia e palha\u00e7ada midi\u00e1tica f\u00fanebre, honrando nossos sal\u00e1rios e nossas obriga\u00e7\u00f5es, assim como fazem os trabalhadores da iniciativa privada, que precisam laborar para sobreviver e n\u00e3o vivem \u00e0s custas da vi\u00fava estatal com sal\u00e1rios garantidos no fim de cada m\u00eas&#8221;, diz o magistrado.<\/p>\n\n\n\n<p>Antes, o juiz estimulou as pessoas a desobedecerem as regras de distanciamento social. &#8220;Voltemos nossas for\u00e7as ao retorno ao trabalho, deixemos de viver conduzidos como rebanho para o matadouro daqueles que veneram a morte, que propagandeiam o quanto pior melhor, desprezemos pois o irrespons\u00e1vel, o covarde e picareta da ocasi\u00e3o que afirma \u2018fiquem em casa\u2019, \u2018n\u00e3o procurem socorro m\u00e9dico com sintomas leves\u2019, \u2018n\u00e3o sobrecarreguem o sistema de sa\u00fade\u2019. \u00c9, paci\u00eancia senhores, os tempos realmente s\u00e3o estranhos&#8221;, disse.<\/p>\n\n\n\n<p>Bolsonaro j\u00e1 violou recomenda\u00e7\u00f5es de autoridades de sa\u00fade em diversas ocasi\u00f5es, ao estimular aglomera\u00e7\u00f5es, descumprir normas de distanciamento social e ir \u00e0s ruas sem m\u00e1scara.<\/p>\n\n\n\n<p>Em carta publicada na noite desta sexta-feira (22) na revista m\u00e9dica The Lancet, o epidemiologista Pedro Hallal, da Universidade Federal de Pelotas (RS), apontou que o\u00a0<a href=\"https:\/\/www.brasil247.com\/coronavirus\/medico-aponta-em-revista-cientifica-que-incompetencia-de-bolsonaro-diante-da-covid-19-matou-156-5-mil-brasileiros\">&#8220;subdesempenho&#8221; do governo Bolsonaro nesta pandemia custou a vida de 156 mil brasileiros<\/a>.<\/p>\n\n\n\n<p>Atualmente, o Brasil ocupa o terceiro lugar no ranking global de casos de coronav\u00edrus (8,8 milh\u00f5es), atr\u00e1s de \u00cdndia (10,6 milh\u00f5es) e Estados Unidos (25,7 milh\u00f5es). O governo brasileiro tamb\u00e9m registra a segunda maior quantidade de mortes (217 mil) &#8211; na primeira coloca\u00e7\u00e3o est\u00e3o os EUA (429 mil).<\/p>\n","protected":false},"excerpt":{"rendered":"<p>247&nbsp;-Jair Bolsonaro divulgou na manh\u00e3 desta segunda-feira (25) um trecho do discurso proferido pelo juiz federal Carlos Eduardo Contar, que tomou posse como presidente do Tribunal de Justi\u00e7a de Mato Grosso do Sul (TJ-MS) na \u00faltima sexta-feira (22). O magistrado, que n\u00e3o usou m\u00e1scara durante a cerim\u00f4nia, classificou as medidas contra a propaga\u00e7\u00e3o do coronav\u00edrus&#8230;<a class=\"more-link\" href=\"http:\/\/blogdalucianaoliveira.com.br\/blog\/2021\/01\/25\/bolsonaro-retoma-ataque-as-medidas-contra-pandemia-e-divulga-discurso-negacionista-de-presidente-do-tj-do-mato-grosso\/\">Continue a leitura <span class=\"meta-nav\">&raquo;<\/span><\/a><\/p>\n","protected":false},"author":1,"featured_media":0,"comment_status":"closed","ping_status":"open","sticky":false,"template":"","format":"standard","meta":{"_exactmetrics_skip_tracking":false,"_exactmetrics_sitenote_active":false,"_exactmetrics_sitenote_note":"","_exactmetrics_sitenote_category":0,"jetpack_post_was_ever_published":false,"_jetpack_newsletter_access":"","_jetpack_dont_email_post_to_subs":false,"_jetpack_newsletter_tier_id":0,"_jetpack_memberships_contains_paywalled_content":false,"_jetpack_memberships_contains_paid_content":false,"footnotes":"","jetpack_publicize_message":"","jetpack_publicize_feature_enabled":true,"jetpack_social_post_already_shared":true,"jetpack_social_options":{"image_generator_settings":{"template":"highway","enabled":false},"version":2}},"categories":[1],"tags":[],"class_list":["post-30737","post","type-post","status-publish","format-standard","hentry","category-notas"],"jetpack_publicize_connections":[],"jetpack_sharing_enabled":true,"jetpack_featured_media_url":"","jetpack_shortlink":"https:\/\/wp.me\/p7wKYW-7ZL","jetpack-related-posts":[],"_links":{"self":[{"href":"http:\/\/blogdalucianaoliveira.com.br\/blog\/wp-json\/wp\/v2\/posts\/30737","targetHints":{"allow":["GET"]}}],"collection":[{"href":"http:\/\/blogdalucianaoliveira.com.br\/blog\/wp-json\/wp\/v2\/posts"}],"about":[{"href":"http:\/\/blogdalucianaoliveira.com.br\/blog\/wp-json\/wp\/v2\/types\/post"}],"author":[{"embeddable":true,"href":"http:\/\/blogdalucianaoliveira.com.br\/blog\/wp-json\/wp\/v2\/users\/1"}],"replies":[{"embeddable":true,"href":"http:\/\/blogdalucianaoliveira.com.br\/blog\/wp-json\/wp\/v2\/comments?post=30737"}],"version-history":[{"count":1,"href":"http:\/\/blogdalucianaoliveira.com.br\/blog\/wp-json\/wp\/v2\/posts\/30737\/revisions"}],"predecessor-version":[{"id":30739,"href":"http:\/\/blogdalucianaoliveira.com.br\/blog\/wp-json\/wp\/v2\/posts\/30737\/revisions\/30739"}],"wp:attachment":[{"href":"http:\/\/blogdalucianaoliveira.com.br\/blog\/wp-json\/wp\/v2\/media?parent=30737"}],"wp:term":[{"taxonomy":"category","embeddable":true,"href":"http:\/\/blogdalucianaoliveira.com.br\/blog\/wp-json\/wp\/v2\/categories?post=30737"},{"taxonomy":"post_tag","embeddable":true,"href":"http:\/\/blogdalucianaoliveira.com.br\/blog\/wp-json\/wp\/v2\/tags?post=30737"}],"curies":[{"name":"wp","href":"https:\/\/api.w.org\/{rel}","templated":true}]}}