{"id":30740,"date":"2021-01-25T12:06:31","date_gmt":"2021-01-25T16:06:31","guid":{"rendered":"http:\/\/blogdalucianaoliveira.com.br\/blog\/?p=30740"},"modified":"2021-01-25T12:06:35","modified_gmt":"2021-01-25T16:06:35","slug":"maioria-do-pais-ja-quer-impeachment-aponta-pesquisa-do-instituto-atlas","status":"publish","type":"post","link":"http:\/\/blogdalucianaoliveira.com.br\/blog\/2021\/01\/25\/maioria-do-pais-ja-quer-impeachment-aponta-pesquisa-do-instituto-atlas\/","title":{"rendered":"Maioria do pa\u00eds j\u00e1 quer impeachment, aponta pesquisa do Instituto Atlas"},"content":{"rendered":"\n<figure class=\"wp-block-image size-large\"><img loading=\"lazy\" decoding=\"async\" width=\"1250\" height=\"600\" data-attachment-id=\"30741\" data-permalink=\"http:\/\/blogdalucianaoliveira.com.br\/blog\/2021\/01\/25\/maioria-do-pais-ja-quer-impeachment-aponta-pesquisa-do-instituto-atlas\/a2b327a1-ab20-4258-8236-12ffee67d892\/\" data-orig-file=\"https:\/\/i0.wp.com\/blogdalucianaoliveira.com.br\/blog\/wp-content\/uploads\/2021\/01\/A2B327A1-AB20-4258-8236-12FFEE67D892.jpeg?fit=1250%2C600\" data-orig-size=\"1250,600\" data-comments-opened=\"0\" data-image-meta=\"{&quot;aperture&quot;:&quot;0&quot;,&quot;credit&quot;:&quot;&quot;,&quot;camera&quot;:&quot;&quot;,&quot;caption&quot;:&quot;&quot;,&quot;created_timestamp&quot;:&quot;0&quot;,&quot;copyright&quot;:&quot;&quot;,&quot;focal_length&quot;:&quot;0&quot;,&quot;iso&quot;:&quot;0&quot;,&quot;shutter_speed&quot;:&quot;0&quot;,&quot;title&quot;:&quot;&quot;,&quot;orientation&quot;:&quot;0&quot;}\" data-image-title=\"A2B327A1-AB20-4258-8236-12FFEE67D892\" data-image-description=\"\" data-image-caption=\"\" data-medium-file=\"https:\/\/i0.wp.com\/blogdalucianaoliveira.com.br\/blog\/wp-content\/uploads\/2021\/01\/A2B327A1-AB20-4258-8236-12FFEE67D892.jpeg?fit=300%2C144\" data-large-file=\"https:\/\/i0.wp.com\/blogdalucianaoliveira.com.br\/blog\/wp-content\/uploads\/2021\/01\/A2B327A1-AB20-4258-8236-12FFEE67D892.jpeg?fit=600%2C288\" src=\"https:\/\/i1.wp.com\/blogdalucianaoliveira.com.br\/blog\/wp-content\/uploads\/2021\/01\/A2B327A1-AB20-4258-8236-12FFEE67D892.jpeg?fit=600%2C288\" alt=\"\" class=\"wp-image-30741\" srcset=\"https:\/\/i0.wp.com\/blogdalucianaoliveira.com.br\/blog\/wp-content\/uploads\/2021\/01\/A2B327A1-AB20-4258-8236-12FFEE67D892.jpeg?w=1250 1250w, https:\/\/i0.wp.com\/blogdalucianaoliveira.com.br\/blog\/wp-content\/uploads\/2021\/01\/A2B327A1-AB20-4258-8236-12FFEE67D892.jpeg?resize=300%2C144 300w, https:\/\/i0.wp.com\/blogdalucianaoliveira.com.br\/blog\/wp-content\/uploads\/2021\/01\/A2B327A1-AB20-4258-8236-12FFEE67D892.jpeg?resize=1024%2C492 1024w, https:\/\/i0.wp.com\/blogdalucianaoliveira.com.br\/blog\/wp-content\/uploads\/2021\/01\/A2B327A1-AB20-4258-8236-12FFEE67D892.jpeg?resize=768%2C369 768w, https:\/\/i0.wp.com\/blogdalucianaoliveira.com.br\/blog\/wp-content\/uploads\/2021\/01\/A2B327A1-AB20-4258-8236-12FFEE67D892.jpeg?resize=625%2C300 625w, https:\/\/i0.wp.com\/blogdalucianaoliveira.com.br\/blog\/wp-content\/uploads\/2021\/01\/A2B327A1-AB20-4258-8236-12FFEE67D892.jpeg?w=1200 1200w\" sizes=\"auto, (max-width: 600px) 100vw, 600px\" \/><\/figure>\n\n\n\n<p><strong>247 &#8211;&nbsp;<\/strong>A maioria j\u00e1 quer impeachment. Para 53% da popula\u00e7\u00e3o brasileira \u00e9 hora de derrubar Bolsonaro. Este \u00e9 o n\u00famero de pesquisa do&nbsp;<a href=\"https:\/\/brasil.elpais.com\/brasil\/2021-01-24\/53-da-populacao-apoia-impeachment-de-bolsonaro-mostra-pesquisa-atlas.html\">Instituto Atlas<\/a>divulgada neste domingo (24), no fim de semana em que o pa\u00eds ficou coalhado de carreatas pelo impeachment, no s\u00e1bado impulsionadas pela esquerda e no domingo pela direita. Segundo o levantamento, 53,6% afirmam ser favor\u00e1veis ao impeachment, enquanto 41,5% se dizem contr\u00e1rios. 4,9% n\u00e3o sabem.<\/p>\n\n\n\n<!--more-->\n\n\n\n<p>A pesquisa Atlas apresenta dados invertidos em rela\u00e7\u00e3o aos divulgados pelo\u00a0<a href=\"https:\/\/www.brasil247.com\/brasil\/datafolha-42-defendem-impeachment-de-bolsonaro\">Datafolha<\/a>\u00a0na sexta-feira, que apontou 53% contra o impeachment e 42% favor\u00e1veis.<\/p>\n\n\n\n<p>As duas pesquisas foram feitas sem contato presencial com os entrevistados, que \u00e9 a metodologia universal de pesquisas de opini\u00e3o. O Datafolha fez sua pesquisa por telefone nos dias 20 e 21 de janeiro com 2.030 pessoas O Instituto Atlas foi realizada entre 20 e 24 de janeiro, com a participa\u00e7\u00e3o de 3.073 entrevistas feitas por question\u00e1rios aleat\u00f3rios via internet.<\/p>\n\n\n\n<p>Veja os quadros da pesquisa:<\/p>\n\n\n\n<figure class=\"wp-block-image size-large\"><img loading=\"lazy\" decoding=\"async\" width=\"1044\" height=\"678\" data-attachment-id=\"30742\" data-permalink=\"http:\/\/blogdalucianaoliveira.com.br\/blog\/2021\/01\/25\/maioria-do-pais-ja-quer-impeachment-aponta-pesquisa-do-instituto-atlas\/d66f45cb-c144-4f53-a2a5-7676e60e1b75\/\" data-orig-file=\"https:\/\/i0.wp.com\/blogdalucianaoliveira.com.br\/blog\/wp-content\/uploads\/2021\/01\/D66F45CB-C144-4F53-A2A5-7676E60E1B75.png?fit=1044%2C678\" data-orig-size=\"1044,678\" data-comments-opened=\"0\" data-image-meta=\"{&quot;aperture&quot;:&quot;0&quot;,&quot;credit&quot;:&quot;&quot;,&quot;camera&quot;:&quot;&quot;,&quot;caption&quot;:&quot;&quot;,&quot;created_timestamp&quot;:&quot;0&quot;,&quot;copyright&quot;:&quot;&quot;,&quot;focal_length&quot;:&quot;0&quot;,&quot;iso&quot;:&quot;0&quot;,&quot;shutter_speed&quot;:&quot;0&quot;,&quot;title&quot;:&quot;&quot;,&quot;orientation&quot;:&quot;0&quot;}\" data-image-title=\"D66F45CB-C144-4F53-A2A5-7676E60E1B75\" data-image-description=\"\" data-image-caption=\"\" data-medium-file=\"https:\/\/i0.wp.com\/blogdalucianaoliveira.com.br\/blog\/wp-content\/uploads\/2021\/01\/D66F45CB-C144-4F53-A2A5-7676E60E1B75.png?fit=300%2C195\" data-large-file=\"https:\/\/i0.wp.com\/blogdalucianaoliveira.com.br\/blog\/wp-content\/uploads\/2021\/01\/D66F45CB-C144-4F53-A2A5-7676E60E1B75.png?fit=600%2C390\" src=\"https:\/\/i0.wp.com\/blogdalucianaoliveira.com.br\/blog\/wp-content\/uploads\/2021\/01\/D66F45CB-C144-4F53-A2A5-7676E60E1B75.png?fit=600%2C390\" alt=\"\" class=\"wp-image-30742\" srcset=\"https:\/\/i0.wp.com\/blogdalucianaoliveira.com.br\/blog\/wp-content\/uploads\/2021\/01\/D66F45CB-C144-4F53-A2A5-7676E60E1B75.png?w=1044 1044w, https:\/\/i0.wp.com\/blogdalucianaoliveira.com.br\/blog\/wp-content\/uploads\/2021\/01\/D66F45CB-C144-4F53-A2A5-7676E60E1B75.png?resize=300%2C195 300w, https:\/\/i0.wp.com\/blogdalucianaoliveira.com.br\/blog\/wp-content\/uploads\/2021\/01\/D66F45CB-C144-4F53-A2A5-7676E60E1B75.png?resize=1024%2C665 1024w, https:\/\/i0.wp.com\/blogdalucianaoliveira.com.br\/blog\/wp-content\/uploads\/2021\/01\/D66F45CB-C144-4F53-A2A5-7676E60E1B75.png?resize=768%2C499 768w, https:\/\/i0.wp.com\/blogdalucianaoliveira.com.br\/blog\/wp-content\/uploads\/2021\/01\/D66F45CB-C144-4F53-A2A5-7676E60E1B75.png?resize=462%2C300 462w\" sizes=\"auto, (max-width: 600px) 100vw, 600px\" \/><\/figure>\n\n\n\n<figure class=\"wp-block-image size-large\"><img data-recalc-dims=\"1\" loading=\"lazy\" decoding=\"async\" width=\"600\" height=\"397\" data-attachment-id=\"30743\" data-permalink=\"http:\/\/blogdalucianaoliveira.com.br\/blog\/2021\/01\/25\/maioria-do-pais-ja-quer-impeachment-aponta-pesquisa-do-instituto-atlas\/054a4715-b81d-47e7-a233-e01aafe5be6b\/\" data-orig-file=\"https:\/\/i0.wp.com\/blogdalucianaoliveira.com.br\/blog\/wp-content\/uploads\/2021\/01\/054A4715-B81D-47E7-A233-E01AAFE5BE6B.png?fit=1015%2C671\" data-orig-size=\"1015,671\" data-comments-opened=\"0\" data-image-meta=\"{&quot;aperture&quot;:&quot;0&quot;,&quot;credit&quot;:&quot;&quot;,&quot;camera&quot;:&quot;&quot;,&quot;caption&quot;:&quot;&quot;,&quot;created_timestamp&quot;:&quot;0&quot;,&quot;copyright&quot;:&quot;&quot;,&quot;focal_length&quot;:&quot;0&quot;,&quot;iso&quot;:&quot;0&quot;,&quot;shutter_speed&quot;:&quot;0&quot;,&quot;title&quot;:&quot;&quot;,&quot;orientation&quot;:&quot;0&quot;}\" data-image-title=\"054A4715-B81D-47E7-A233-E01AAFE5BE6B\" data-image-description=\"\" data-image-caption=\"\" data-medium-file=\"https:\/\/i0.wp.com\/blogdalucianaoliveira.com.br\/blog\/wp-content\/uploads\/2021\/01\/054A4715-B81D-47E7-A233-E01AAFE5BE6B.png?fit=300%2C198\" data-large-file=\"https:\/\/i0.wp.com\/blogdalucianaoliveira.com.br\/blog\/wp-content\/uploads\/2021\/01\/054A4715-B81D-47E7-A233-E01AAFE5BE6B.png?fit=600%2C397\" src=\"https:\/\/i0.wp.com\/blogdalucianaoliveira.com.br\/blog\/wp-content\/uploads\/2021\/01\/054A4715-B81D-47E7-A233-E01AAFE5BE6B.png?resize=600%2C397\" alt=\"\" class=\"wp-image-30743\" srcset=\"https:\/\/i0.wp.com\/blogdalucianaoliveira.com.br\/blog\/wp-content\/uploads\/2021\/01\/054A4715-B81D-47E7-A233-E01AAFE5BE6B.png?w=1015 1015w, https:\/\/i0.wp.com\/blogdalucianaoliveira.com.br\/blog\/wp-content\/uploads\/2021\/01\/054A4715-B81D-47E7-A233-E01AAFE5BE6B.png?resize=300%2C198 300w, https:\/\/i0.wp.com\/blogdalucianaoliveira.com.br\/blog\/wp-content\/uploads\/2021\/01\/054A4715-B81D-47E7-A233-E01AAFE5BE6B.png?resize=768%2C508 768w, https:\/\/i0.wp.com\/blogdalucianaoliveira.com.br\/blog\/wp-content\/uploads\/2021\/01\/054A4715-B81D-47E7-A233-E01AAFE5BE6B.png?resize=454%2C300 454w\" sizes=\"auto, (max-width: 600px) 100vw, 600px\" \/><\/figure>\n","protected":false},"excerpt":{"rendered":"<p>247 &#8211;&nbsp;A maioria j\u00e1 quer impeachment. Para 53% da popula\u00e7\u00e3o brasileira \u00e9 hora de derrubar Bolsonaro. Este \u00e9 o n\u00famero de pesquisa do&nbsp;Instituto Atlasdivulgada neste domingo (24), no fim de semana em que o pa\u00eds ficou coalhado de carreatas pelo impeachment, no s\u00e1bado impulsionadas pela esquerda e no domingo pela direita. Segundo o levantamento, 53,6%&#8230;<a class=\"more-link\" href=\"http:\/\/blogdalucianaoliveira.com.br\/blog\/2021\/01\/25\/maioria-do-pais-ja-quer-impeachment-aponta-pesquisa-do-instituto-atlas\/\">Continue a leitura <span class=\"meta-nav\">&raquo;<\/span><\/a><\/p>\n","protected":false},"author":1,"featured_media":0,"comment_status":"closed","ping_status":"open","sticky":false,"template":"","format":"standard","meta":{"_exactmetrics_skip_tracking":false,"_exactmetrics_sitenote_active":false,"_exactmetrics_sitenote_note":"","_exactmetrics_sitenote_category":0,"jetpack_post_was_ever_published":false,"_jetpack_newsletter_access":"","_jetpack_dont_email_post_to_subs":false,"_jetpack_newsletter_tier_id":0,"_jetpack_memberships_contains_paywalled_content":false,"_jetpack_memberships_contains_paid_content":false,"footnotes":"","jetpack_publicize_message":"","jetpack_publicize_feature_enabled":true,"jetpack_social_post_already_shared":true,"jetpack_social_options":{"image_generator_settings":{"template":"highway","enabled":false},"version":2}},"categories":[1],"tags":[],"class_list":["post-30740","post","type-post","status-publish","format-standard","hentry","category-notas"],"jetpack_publicize_connections":[],"jetpack_sharing_enabled":true,"jetpack_featured_media_url":"","jetpack_shortlink":"https:\/\/wp.me\/p7wKYW-7ZO","jetpack-related-posts":[],"_links":{"self":[{"href":"http:\/\/blogdalucianaoliveira.com.br\/blog\/wp-json\/wp\/v2\/posts\/30740","targetHints":{"allow":["GET"]}}],"collection":[{"href":"http:\/\/blogdalucianaoliveira.com.br\/blog\/wp-json\/wp\/v2\/posts"}],"about":[{"href":"http:\/\/blogdalucianaoliveira.com.br\/blog\/wp-json\/wp\/v2\/types\/post"}],"author":[{"embeddable":true,"href":"http:\/\/blogdalucianaoliveira.com.br\/blog\/wp-json\/wp\/v2\/users\/1"}],"replies":[{"embeddable":true,"href":"http:\/\/blogdalucianaoliveira.com.br\/blog\/wp-json\/wp\/v2\/comments?post=30740"}],"version-history":[{"count":1,"href":"http:\/\/blogdalucianaoliveira.com.br\/blog\/wp-json\/wp\/v2\/posts\/30740\/revisions"}],"predecessor-version":[{"id":30744,"href":"http:\/\/blogdalucianaoliveira.com.br\/blog\/wp-json\/wp\/v2\/posts\/30740\/revisions\/30744"}],"wp:attachment":[{"href":"http:\/\/blogdalucianaoliveira.com.br\/blog\/wp-json\/wp\/v2\/media?parent=30740"}],"wp:term":[{"taxonomy":"category","embeddable":true,"href":"http:\/\/blogdalucianaoliveira.com.br\/blog\/wp-json\/wp\/v2\/categories?post=30740"},{"taxonomy":"post_tag","embeddable":true,"href":"http:\/\/blogdalucianaoliveira.com.br\/blog\/wp-json\/wp\/v2\/tags?post=30740"}],"curies":[{"name":"wp","href":"https:\/\/api.w.org\/{rel}","templated":true}]}}