{"id":30745,"date":"2021-01-25T14:08:06","date_gmt":"2021-01-25T18:08:06","guid":{"rendered":"http:\/\/blogdalucianaoliveira.com.br\/blog\/?p=30745"},"modified":"2021-01-25T14:08:10","modified_gmt":"2021-01-25T18:08:10","slug":"o-tic-tac-da-morte","status":"publish","type":"post","link":"http:\/\/blogdalucianaoliveira.com.br\/blog\/2021\/01\/25\/o-tic-tac-da-morte\/","title":{"rendered":"O tic-tac da morte"},"content":{"rendered":"\n<figure class=\"wp-block-image size-large\"><img data-recalc-dims=\"1\" loading=\"lazy\" decoding=\"async\" width=\"600\" height=\"359\" data-attachment-id=\"30746\" data-permalink=\"http:\/\/blogdalucianaoliveira.com.br\/blog\/2021\/01\/25\/o-tic-tac-da-morte\/a7a529db-9045-46a1-b450-f8371b59d360\/\" data-orig-file=\"https:\/\/i0.wp.com\/blogdalucianaoliveira.com.br\/blog\/wp-content\/uploads\/2021\/01\/A7A529DB-9045-46A1-B450-F8371B59D360.jpeg?fit=1024%2C613\" data-orig-size=\"1024,613\" data-comments-opened=\"0\" data-image-meta=\"{&quot;aperture&quot;:&quot;0&quot;,&quot;credit&quot;:&quot;&quot;,&quot;camera&quot;:&quot;&quot;,&quot;caption&quot;:&quot;&quot;,&quot;created_timestamp&quot;:&quot;0&quot;,&quot;copyright&quot;:&quot;&quot;,&quot;focal_length&quot;:&quot;0&quot;,&quot;iso&quot;:&quot;0&quot;,&quot;shutter_speed&quot;:&quot;0&quot;,&quot;title&quot;:&quot;&quot;,&quot;orientation&quot;:&quot;0&quot;}\" data-image-title=\"A7A529DB-9045-46A1-B450-F8371B59D360\" data-image-description=\"\" data-image-caption=\"\" data-medium-file=\"https:\/\/i0.wp.com\/blogdalucianaoliveira.com.br\/blog\/wp-content\/uploads\/2021\/01\/A7A529DB-9045-46A1-B450-F8371B59D360.jpeg?fit=300%2C180\" data-large-file=\"https:\/\/i0.wp.com\/blogdalucianaoliveira.com.br\/blog\/wp-content\/uploads\/2021\/01\/A7A529DB-9045-46A1-B450-F8371B59D360.jpeg?fit=600%2C359\" src=\"https:\/\/i0.wp.com\/blogdalucianaoliveira.com.br\/blog\/wp-content\/uploads\/2021\/01\/A7A529DB-9045-46A1-B450-F8371B59D360.jpeg?resize=600%2C359\" alt=\"\" class=\"wp-image-30746\" srcset=\"https:\/\/i0.wp.com\/blogdalucianaoliveira.com.br\/blog\/wp-content\/uploads\/2021\/01\/A7A529DB-9045-46A1-B450-F8371B59D360.jpeg?w=1024 1024w, https:\/\/i0.wp.com\/blogdalucianaoliveira.com.br\/blog\/wp-content\/uploads\/2021\/01\/A7A529DB-9045-46A1-B450-F8371B59D360.jpeg?resize=300%2C180 300w, https:\/\/i0.wp.com\/blogdalucianaoliveira.com.br\/blog\/wp-content\/uploads\/2021\/01\/A7A529DB-9045-46A1-B450-F8371B59D360.jpeg?resize=768%2C460 768w, https:\/\/i0.wp.com\/blogdalucianaoliveira.com.br\/blog\/wp-content\/uploads\/2021\/01\/A7A529DB-9045-46A1-B450-F8371B59D360.jpeg?resize=501%2C300 501w\" sizes=\"auto, (max-width: 600px) 100vw, 600px\" \/><\/figure>\n\n\n\n<p>A cada dois minutos morre um brasileiro de Covid-19<\/p>\n\n\n\n<!--more-->\n\n\n\n<p>Carta Maior, Por\u00a0Lygia Jobim\u00a0<\/p>\n\n\n\n<p>O diabo foi generoso com o tenente. Primeiro ao lhe jogar no colo a presid\u00eancia da rep\u00fablica, fruto da vitimiza\u00e7\u00e3o por uma facada que lhe serviu de pretexto para n\u00e3o comparecer aos debates da campanha eleitoral. Depois, no seu segundo ano no Planalto, ao lhe proporcionar, atrav\u00e9s da pandemia do Covid-19, a oportunidade de colocar em pr\u00e1tica seu projeto de redu\u00e7\u00e3o da popula\u00e7\u00e3o.<\/p>\n\n\n\n<p>A semente do exterm\u00ednio a que hoje assistimos foi lan\u00e7ada em 1991, quando, ao discursar na C\u00e2mara dos Deputados em agosto de 1991, discurso cuja \u00edntegra se encontra no final deste texto, se declara a favor da esteriliza\u00e7\u00e3o for\u00e7ada para reduzir o aumento populacional, aplaudindo a not\u00edcia de que sete milh\u00f5es de mulheres haviam sido esterilizadas em nosso pa\u00eds.<\/p>\n\n\n\n<p>Conseguiu aprovar apenas 2 projetos, em seus 27 anos como deputado. O primeiro estende o benef\u00edcio de isen\u00e7\u00e3o do Imposto sobre Produto Industrializado (IPI) para produtos de inform\u00e1tica. O outro autorizava o uso da subst\u00e2ncia fosfoetanolamina sint\u00e9tica, a \u201cp\u00edlula do c\u00e2ncer\u201d, para curar esse mal. Esta teve seu uso barrado pelo STF por falta de comprova\u00e7\u00e3o cient\u00edfica sobre a efic\u00e1cia no tratamento da doen\u00e7a.<\/p>\n\n\n\n<p>Em 2020 lan\u00e7ou a cloroquina como rem\u00e9dio capaz de curar o COVID-19, tendo a recomenda\u00e7\u00e3o inclusive sido inclu\u00edda em um aplicativo do Minist\u00e9rio da Sa\u00fade e seu Ministro levou, para a cidade de Manaus, que est\u00e1 morrendo asfixiada, ao inv\u00e9s de oxig\u00eanio, grande quantidade deste medicamento.<\/p>\n\n\n\n<p>Segundo a Ag\u00eancia Nacional de Vigil\u00e2ncia Sanit\u00e1ria \u2013 ANVISA &#8211; n\u00e3o existe medida terap\u00eautica cientificamente comprovada contra Covid-19, ou seja, n\u00e3o \u00e9 poss\u00edvel falar em &#8220;tratamento precoce&#8221; e indicar rem\u00e9dios espec\u00edficos. Assim, o Ministro da Sa\u00fade, ap\u00f3s dizer que jamais falou em tratamento precoce, a pedido do Conselho Federal de Medicina retirou o aplicativo do ar, o que n\u00e3o impediu que este Minist\u00e9rio tivesse, na mesma ocasi\u00e3o, uma publica\u00e7\u00e3o marcada pelo Twitter como enganosa.<\/p>\n\n\n\n<p>A verdade \u00e9 que a pandemia encontrou o tenente e sua tropa no lugar certo para colocar em pr\u00e1tica a pol\u00edtica da morte. Se a ditadura havia errado, segundo disse, ao n\u00e3o matar 30.000, como T\u00e2natos est\u00e1 matando muitos mais.&nbsp;<\/p>\n\n\n\n<p>Como diz a pesquisa do Centro de Pesquisas e Estudos de Direito Sanit\u00e1rio (CEPEDISA) da Faculdade de Sa\u00fade P\u00fablica (FSP) da Universidade de S\u00e3o Paulo (USP) e a renomada organiza\u00e7\u00e3o Conectas Direitos Humanos, n\u00e3o se pode falar que o resultado assombroso do tratamento dado pelo governo \u00e0 pandemia, seja fruto de neglig\u00eancia ou incompet\u00eancia. H\u00e1 um claro objetivo na sistem\u00e1tica adotada e que segue um plano macabro no qual se incluem as falas de Bolsonaro.<\/p>\n\n\n\n<p>O que estamos assistindo \u00e9 um crime n\u00e3o culposo. \u00c9 um crime doloso e como tal dever\u00e1 ser tratado no futuro.<\/p>\n\n\n\n<p>O que se percebe agora \u00e9 que, com a chegada da vacina, aquele que um dia j\u00e1 defendeu a esteriliza\u00e7\u00e3o for\u00e7ada, parece ter sido tomado pelo desespero de n\u00e3o conseguir concluir sua obra a tempo. N\u00e3o apenas insiste com mais \u00edmpeto em propagandear medicamentos in\u00f3cuos para a doen\u00e7a, mas que pode gerar graves efeitos colaterais, como continua a desmerecer a vacina, \u00fanica salva\u00e7\u00e3o para a humanidade.<\/p>\n\n\n\n<p>Quando j\u00e1 hav\u00edamos ultrapassado 200.000 mortes pela Covid-19 e dois imunizantes foram, no mesmo dia, aprovados pela ANVISA, o pa\u00eds n\u00e3o viu aquele que senta na cadeira presidencial fazer um pronunciamento \u00e0 na\u00e7\u00e3o que governa. Sufocado por seu pr\u00f3prio veneno foi incapaz de faz\u00ea-lo para que n\u00e3o v\u00edssemos sua baba nauseabunda escorrer da latrina que \u00e9 sua boca.&nbsp;<\/p>\n\n\n\n<p>Com muito esfor\u00e7o dispomos de uma quantidade \u00ednfima de vacinas e n\u00e3o temos previs\u00e3o da chegada de insumos para a produ\u00e7\u00e3o que j\u00e1 estamos capacitados a fazer. A China, cujo embaixador por mais de uma vez reclamou da forma como seu pa\u00eds era tratado pelo tenente, seu chanceler e seu filho 03, posterga o envio dos mesmos esperando, com justa raz\u00e3o, um gesto de retrata\u00e7\u00e3o pelas ofensas ditas por eles.&nbsp;<\/p>\n\n\n\n<p>Avisou que sua especialidade \u00e9 matar e \u00e9 o que vem fazendo diariamente. Hoje, sem contar as subnotifica\u00e7\u00f5es e os erros em diagnosticar a causa da morte, a cada dois minutos morre um brasileiro de Covid-19.&nbsp;<\/p>\n\n\n\n<p><em>DCD &#8211; Publicado em 27 de agosto de 1991 \u2013 p\u00e1g. 15.038 &#8211; 26 de agosto de 1991 &#8211; o SR.JAIR BOLSONARO (PDC &#8211; RJ. Pronuncia o seguinte discurso.) &#8211; Sr. Presidente, Sr~&#8217;. e Srs. Deputados, sabemos que esse \u00e9 um dos temas mais explosivos da atualidade s\u00f3cio-econ\u00f4mica do nosso Pa\u00eds, mas, como envolve quest\u00e3o grav\u00edssima, a ningu\u00e9m \u00e9 dado omitir-se diant\u00e9 dele, principalmente se, como n\u00f3s, exerce uma fun\u00e7\u00e3o de natureza p\u00fablica. Estamos fazendo referencia ao crescente problema da falta de uma pol\u00edtica efetiva de controle de natalidade no Brasil, que precisa encontrar, com urg\u00eancia, uma forma legal de promover esse controle com vistas a que o casal possa obter autodom\u00ednio f\u00edsico e ps\u00edquico sobre a prole que pode e que deseja ter. Em raz\u00e3o disso, vamos mais longe,&nbsp;<strong>pois at\u00e9 mesmo a express\u00e3o &#8220;planejamento familiar&#8221; consideramos inadequada, j\u00e1 que a vemos como express\u00e3o de um conceito que n\u00e3o atende \u00e0 necessidade de que o Brasil tenha um programa oficial voltado ao controle dos \u00edndices de natalidade<\/strong>. \u00c9 certo que o nosso Pa\u00eds, at\u00e9 mesmo por obedi\u00eancia ao que se acha inscrito no Cap\u00edtulo dos Direitos Sociais da Constitui\u00e7\u00e3o, tem obriga\u00e7\u00e3o de assegurar assist\u00eancia m\u00e9dica oficial a todos os brasileiros, para que possam, livremente, decidir sobre o n\u00famero de filhos que desejam ter. Por isso, somos favor\u00e1veis a que todos os hospitais p\u00fablicos ou conveniados tenham condi\u00e7\u00f5es de realizar vasectomia e laqueadura de trompa, m\u00e9todos eficientes e aprovados de contracep\u00e7\u00e3o, desde que precedidos de ampla campanha pelo r\u00e1dio e pela televis\u00e3o. Considero, mesmo, que um programa com essas caracter\u00edsticas \u00e9 mais urgente e necess\u00e1rio que, por exemplo, a campanha publicit\u00e1ria sobre a instala\u00e7\u00e3o de cinco mil escolas, batizadas com o nome de Ciac, porque escola n\u00e3o \u00e9 creche, n\u00e3o \u00e9 restaurante e n\u00e3o \u00e9 jardim de inf\u00e2ncia, mesmo porque esses empreendimentos t\u00eam, na verdade, o grande e principal m\u00e9rito de constituir-se na alegria de empreiteiras, \u00e1vidas pelos lucros f\u00e1ceis distribu\u00eddos \u00e0 m\u00e3o larga pelos poderes p\u00fablicos.&nbsp;<strong>Tamb\u00e9m queremos fazer refer\u00eancia \u00e0 den\u00fancia que est\u00e1 sendo formulada pelos partidos de esquerda brasileiros, dando conta que cerca de que 7 milh\u00f5es de mulheres foram esterilizadas, at\u00e9 agora, em nosso Pa\u00eds, fato que nos leva a um \u00fanico coment\u00e1rio: se tais procedimentos m\u00e9dicos n\u00e3o tivessem sido realizados, certamente ter\u00edamos, hoje, mais 10 ou 12 milh\u00f5es de menores em situa\u00e7\u00e3o irregular, engrossando a multid\u00e3o de crian\u00e7as que se acham em completo estado de mis\u00e9ria<\/strong>. E preciso que as fam\u00edlias brasileiras se conscientizem da necessidade de proles mantidas sob controle, porque essa \u00e9 a \u00fanica solu\u00e7\u00e3o que n\u00e3o atinge a dignidade dos casais, porque n\u00e3o interfere em uma decis\u00e3o que deve pertencer exclusivamente a eles, permitindo-lhes ter filhos que possam viver longe da mis\u00e9ria e que sejam \u00fateis \u00e0 sociedade. Sem d\u00favida que esse tema, por sua ineg\u00e1vel import\u00e2ncia e por seu car\u00e1ter de relevante prioridade, deve mesmo constar, de forma obrigat\u00f3ria, nos curr\u00edculos escolares, a fim de que possa ter sentido educativo para a popula\u00e7\u00e3o, pois s\u00f3 o esclarecimento das pessoas \u00e9 que lhes possibilitar\u00e1 decidir, com seguran\u00e7a e independ\u00eancia, sobre quest\u00e3o delicada, que envolve o foro \u00edntimo de cada um. Lembro aqui que sou, antes de Parlamentar, membro de nossas gloriosas For\u00e7as Armadas, onde o servi\u00e7o militar obrigat\u00f3rio recruta por ano cerca de 800 mil homens, dos quais somente 200 mil s\u00e3o considerados aptos para servir \u00e0 P\u00e1tria, a maioria sendo reprovada no exame m\u00e9dico, o que prova que de nada adianta \u00e0 Na\u00e7\u00e3o ter uma multid\u00e3o de brasileiros subnutridos, que n\u00e3o t\u00eam condi\u00e7\u00f5es de ser \u00fateis ao seu Pa\u00eds. \u00c9 preciso, portanto, que todos tenhamos os p\u00e9s no ch\u00e3o e passemos a tratar desse tema sem demagogia&#8221; sem interesse partid\u00e1rio ou eleitoreiro, porque de nada adiantam nossas convic\u00e7\u00f5es religiosas, pol\u00edticas ou filos\u00f3ficas quando est\u00e1 em jogo, sem d\u00favida, uma quest\u00e3o bem mais grave e que, de fato, interessa \u00e0 seguran\u00e7a nacional, que \u00e9 a viabiliza\u00e7\u00e3o do Pa\u00eds e sua coloca\u00e7\u00e3o no caminho certo do desenvolvimento social e econ\u00f4mico. Era o que tinha a dizer, Sr. Presidente Sr~&#8217; e Srs. Deputados<\/em><br><\/p>\n","protected":false},"excerpt":{"rendered":"<p>A cada dois minutos morre um brasileiro de Covid-19<\/p>\n","protected":false},"author":1,"featured_media":0,"comment_status":"closed","ping_status":"open","sticky":false,"template":"","format":"standard","meta":{"_exactmetrics_skip_tracking":false,"_exactmetrics_sitenote_active":false,"_exactmetrics_sitenote_note":"","_exactmetrics_sitenote_category":0,"jetpack_post_was_ever_published":false,"_jetpack_newsletter_access":"","_jetpack_dont_email_post_to_subs":false,"_jetpack_newsletter_tier_id":0,"_jetpack_memberships_contains_paywalled_content":false,"_jetpack_memberships_contains_paid_content":false,"footnotes":"","jetpack_publicize_message":"","jetpack_publicize_feature_enabled":true,"jetpack_social_post_already_shared":true,"jetpack_social_options":{"image_generator_settings":{"template":"highway","enabled":false},"version":2}},"categories":[1],"tags":[],"class_list":["post-30745","post","type-post","status-publish","format-standard","hentry","category-notas"],"jetpack_publicize_connections":[],"jetpack_sharing_enabled":true,"jetpack_featured_media_url":"","jetpack_shortlink":"https:\/\/wp.me\/p7wKYW-7ZT","jetpack-related-posts":[],"_links":{"self":[{"href":"http:\/\/blogdalucianaoliveira.com.br\/blog\/wp-json\/wp\/v2\/posts\/30745","targetHints":{"allow":["GET"]}}],"collection":[{"href":"http:\/\/blogdalucianaoliveira.com.br\/blog\/wp-json\/wp\/v2\/posts"}],"about":[{"href":"http:\/\/blogdalucianaoliveira.com.br\/blog\/wp-json\/wp\/v2\/types\/post"}],"author":[{"embeddable":true,"href":"http:\/\/blogdalucianaoliveira.com.br\/blog\/wp-json\/wp\/v2\/users\/1"}],"replies":[{"embeddable":true,"href":"http:\/\/blogdalucianaoliveira.com.br\/blog\/wp-json\/wp\/v2\/comments?post=30745"}],"version-history":[{"count":1,"href":"http:\/\/blogdalucianaoliveira.com.br\/blog\/wp-json\/wp\/v2\/posts\/30745\/revisions"}],"predecessor-version":[{"id":30747,"href":"http:\/\/blogdalucianaoliveira.com.br\/blog\/wp-json\/wp\/v2\/posts\/30745\/revisions\/30747"}],"wp:attachment":[{"href":"http:\/\/blogdalucianaoliveira.com.br\/blog\/wp-json\/wp\/v2\/media?parent=30745"}],"wp:term":[{"taxonomy":"category","embeddable":true,"href":"http:\/\/blogdalucianaoliveira.com.br\/blog\/wp-json\/wp\/v2\/categories?post=30745"},{"taxonomy":"post_tag","embeddable":true,"href":"http:\/\/blogdalucianaoliveira.com.br\/blog\/wp-json\/wp\/v2\/tags?post=30745"}],"curies":[{"name":"wp","href":"https:\/\/api.w.org\/{rel}","templated":true}]}}