{"id":30748,"date":"2021-01-25T18:45:18","date_gmt":"2021-01-25T22:45:18","guid":{"rendered":"http:\/\/blogdalucianaoliveira.com.br\/blog\/?p=30748"},"modified":"2021-01-25T18:45:25","modified_gmt":"2021-01-25T22:45:25","slug":"com-vacinacao-em-xeque-busca-pela-palavra-impeachment-quadruplica-em-janeiro-na-web","status":"publish","type":"post","link":"http:\/\/blogdalucianaoliveira.com.br\/blog\/2021\/01\/25\/com-vacinacao-em-xeque-busca-pela-palavra-impeachment-quadruplica-em-janeiro-na-web\/","title":{"rendered":"Com vacina\u00e7\u00e3o em xeque, busca pela palavra &#8216;impeachment&#8217; quadruplica em janeiro na web"},"content":{"rendered":"\n<figure class=\"wp-block-image size-large\"><img data-recalc-dims=\"1\" loading=\"lazy\" decoding=\"async\" width=\"274\" height=\"200\" data-attachment-id=\"30749\" data-permalink=\"http:\/\/blogdalucianaoliveira.com.br\/blog\/2021\/01\/25\/com-vacinacao-em-xeque-busca-pela-palavra-impeachment-quadruplica-em-janeiro-na-web\/bbd02c9c-1c81-429b-bc2f-86df8c1f799a\/\" data-orig-file=\"https:\/\/i0.wp.com\/blogdalucianaoliveira.com.br\/blog\/wp-content\/uploads\/2021\/01\/BBD02C9C-1C81-429B-BC2F-86DF8C1F799A.jpeg?fit=274%2C200\" data-orig-size=\"274,200\" data-comments-opened=\"0\" data-image-meta=\"{&quot;aperture&quot;:&quot;0&quot;,&quot;credit&quot;:&quot;&quot;,&quot;camera&quot;:&quot;&quot;,&quot;caption&quot;:&quot;&quot;,&quot;created_timestamp&quot;:&quot;0&quot;,&quot;copyright&quot;:&quot;&quot;,&quot;focal_length&quot;:&quot;0&quot;,&quot;iso&quot;:&quot;0&quot;,&quot;shutter_speed&quot;:&quot;0&quot;,&quot;title&quot;:&quot;&quot;,&quot;orientation&quot;:&quot;0&quot;}\" data-image-title=\"BBD02C9C-1C81-429B-BC2F-86DF8C1F799A\" data-image-description=\"\" data-image-caption=\"\" data-medium-file=\"https:\/\/i0.wp.com\/blogdalucianaoliveira.com.br\/blog\/wp-content\/uploads\/2021\/01\/BBD02C9C-1C81-429B-BC2F-86DF8C1F799A.jpeg?fit=274%2C200\" data-large-file=\"https:\/\/i0.wp.com\/blogdalucianaoliveira.com.br\/blog\/wp-content\/uploads\/2021\/01\/BBD02C9C-1C81-429B-BC2F-86DF8C1F799A.jpeg?fit=274%2C200\" src=\"https:\/\/i0.wp.com\/blogdalucianaoliveira.com.br\/blog\/wp-content\/uploads\/2021\/01\/BBD02C9C-1C81-429B-BC2F-86DF8C1F799A.jpeg?resize=274%2C200\" alt=\"\" class=\"wp-image-30749\"\/><\/figure>\n\n\n\n<h4 class=\"wp-block-heading\">Dados do Google Trends mostram que termo foi o quinto assunto mais buscado pelos internautas, na semana passada, na categoria &#8216;Pol\u00edtica&#8217;<\/h4>\n\n\n\n<!--more-->\n\n\n\n<p>Camila Turtelli e Daniel Weterman, O Estado de S.Paulo<\/p>\n\n\n\n<p>BRAS\u00cdLIA &#8211; As buscas pela palavra&nbsp;<strong>&#8220;impeachment&#8221;<\/strong>&nbsp;na internet deram um salto em janeiro e quadruplicaram em compara\u00e7\u00e3o com dezembro, num momento em que a crise sanit\u00e1ria provocada pela&nbsp;<a href=\"https:\/\/tudo-sobre.estadao.com.br\/coronavirus\"><strong>covid-19<\/strong><\/a>&nbsp;se agrava e o governo enfrenta dificuldades para colocar em pr\u00e1tica o plano de vacina\u00e7\u00e3o, desgastando a imagem do presidente&nbsp;<a href=\"https:\/\/tudo-sobre.estadao.com.br\/jair-bolsonaro\"><strong>Jair Bolsonaro<\/strong><\/a>.&nbsp;<\/p>\n\n\n\n<p>Segundo dados do Google Trends, fornecidos com exclusividade ao\u00a0<strong>Estad\u00e3o\/Broadcast<\/strong>, &#8220;impeachment&#8221; foi o quinto assunto mais buscado no Google pelos internautas, na semana passada, na categoria &#8220;Pol\u00edtica&#8221;. A procura pelo termo &#8220;impeachment Bolsonaro&#8221; neste m\u00eas foi sete vezes superior ao n\u00edvel de dezembro.<\/p>\n\n\n\n<p><br>As buscas em janeiro sobre o assunto est\u00e3o ainda em seu n\u00edvel mais alto desde maio do ano passado. Nas \u00faltimas semanas, outros acontecimentos tamb\u00e9m refor\u00e7aram as cr\u00edticas ao governo, como a morte de pacientes por asfixia no Amazonas e Par\u00e1 e o fim do pagamento do aux\u00edlio emergencial.&nbsp;<\/p>\n\n\n\n<p>O per\u00edodo conturbado para a imagem de Bolsonaro tamb\u00e9m ajudou a engordar a pilha de pedidos de impeachment que se acumula na C\u00e2mara, porta de entrada para um poss\u00edvel processo de derrubada do presidente da Rep\u00fablica.&nbsp;<\/p>\n\n\n\n<p>Desde o in\u00edcio de seu mandato j\u00e1 chegaram 61 pedidos para o presidente da Casa,&nbsp;<a href=\"https:\/\/tudo-sobre.estadao.com.br\/rodrigo-maia\"><strong>Rodrigo Maia<\/strong><\/a>&nbsp;(DEM-RJ), dos quais 5 foram arquivados por quest\u00f5es formais e 56 seguem ativos. Do total, dois entraram em janeiro e ao menos mais um deve ser protocolado, nesta ter\u00e7a-feira, 26, por partidos de oposi\u00e7\u00e3o.&nbsp;<\/p>\n\n\n\n<p>A decis\u00e3o de apresentar uma nova den\u00fancia por crime de responsabilidade foi anunciada na quarta-feira, 20. O pedido deve ser assinado por PT, PSB, PDT, PSOL, PCdoB, e Rede. O argumento usado \u00e9 a quest\u00e3o sanit\u00e1ria, \u201cna omiss\u00e3o e na responsabilidade do governo Bolsonaro na pandemia\u201d.<\/p>\n\n\n\n<h3 class=\"wp-block-heading\">Recesso<\/h3>\n\n\n\n<p>No entanto, o destino deste e dos demais pedidos n\u00e3o estar\u00e1 mais nas m\u00e3os de Maia; ele s\u00f3 conseguiria deliberar agora sobre um processo de impeachment caso conseguisse por fim ao recesso legislativo, decis\u00e3o que depende de vota\u00e7\u00e3o e aprova\u00e7\u00e3o da maioria absoluta da C\u00e2mara e Senado.&nbsp;<\/p>\n\n\n\n<p>Caber\u00e1 ao pr\u00f3ximo presidente da C\u00e2mara decidir se autoriza ou n\u00e3o o processo.&nbsp;<a href=\"https:\/\/tudo-sobre.estadao.com.br\/baleia-rossi\"><strong>Baleia Rossi<\/strong><\/a>(MDB-SP), apoiado por Maia, e&nbsp;<a href=\"https:\/\/tudo-sobre.estadao.com.br\/arthur-lira\"><strong>Arthur Lira<\/strong><\/a>&nbsp;(PP-AL), endossado pelo Pal\u00e1cio do Planalto, s\u00e3o os nomes que lideram a corrida atualmente e dever\u00e3o herdar a pilha de pedidos de afastamento.&nbsp;<\/p>\n\n\n\n<p>&#8220;A vit\u00f3ria de Lira n\u00e3o impede o impeachment. Esse \u00e9 um processo que nasce de fora para dentro. Lira tamb\u00e9m era base de Dilma (Rousseff, ex-presidente) e virou o PP em prol da derrubada da presidente nos 45 do segundo tempo&#8221;, afirma o deputado&nbsp;<a href=\"https:\/\/tudo-sobre.estadao.com.br\/kim-kataguiri\"><strong>Kim Kataguiri<\/strong><\/a>&nbsp;(DEM-SP), coordenador nacional do&nbsp;<a href=\"https:\/\/tudo-sobre.estadao.com.br\/mbl-movimento-brasil-livre\"><strong>MBL<\/strong><\/a>, movimento que protagonizou o impeachment da petista em 2016.&nbsp;<\/p>\n\n\n\n<p>O MBL chegou a apoiar Bolsonaro no segundo turno das elei\u00e7\u00f5es de 2018, mas passou a defender seu impeachment durante a pandemia, no ano passado, e agora coordena protestos por sua sa\u00edda. Ontem,\u00a0<a href=\"https:\/\/politica.estadao.com.br\/noticias\/geral,grupos-do-fora-dilma-fazem-carreatas-fora-bolsonaro,70003592476\">MBL e Vem Pra Rua organizaram carreatas em S\u00e3o Paulo, Rio de Janeiro e outras capitais<\/a>. Eles foram convidados pelo Movimento Acredito a integrar a carreata nacional da Frente Ampla, s\u00e1bado, 23, pelo mesmo motivo, mas negaram a participa\u00e7\u00e3o por causa da inclus\u00e3o de partidos de esquerda.\u00a0<a href=\"https:\/\/politica.estadao.com.br\/noticias\/geral,carreatas-cobram-vacinacao-e-defendem-impeachment-de-bolsonaro-em-sao-paulo,70003591892\">No s\u00e1bado, segundo a Central \u00danica dos Trabalhadores, uma das organizadoras das manifesta\u00e7\u00f5es, pelo menos 87 cidades do pa\u00eds tiveram atos cobrando o afastamento do presidente<\/a>.<\/p>\n\n\n\n<p>Candidata \u00e0 presid\u00eancia da C\u00e2mara pelo PSOL, a deputada\u00a0<a href=\"https:\/\/tudo-sobre.estadao.com.br\/luiza-erundina\"><strong>Luiza Erundina<\/strong><\/a>\u00a0(SP) criticou a demora de Maia em deliberar sobre o tema. &#8220;Querer fechar o Congresso, o Supremo Tribunal Federal (STF), fazer com\u00edcio p\u00fablico pedindo a ditadura militar, recebendo os torturadores da ditadura. Pelo amor de Deus, se isso n\u00e3o \u00e9 crime de responsabilidade eu n\u00e3o sei o que \u00e9. Portanto, o senhor Rodrigo Maia e a Presid\u00eancia da C\u00e2mara est\u00e3o muito atrasados nas suas prerrogativas de j\u00e1 ter livrado o Pa\u00eds e o povo brasileiro dessa desgra\u00e7a que \u00e9 o governo de Jair Bolsonaro&#8221;.<\/p>\n","protected":false},"excerpt":{"rendered":"<p>Dados do Google Trends mostram que termo foi o quinto assunto mais buscado pelos internautas, na semana passada, na categoria &#8216;Pol\u00edtica&#8217;<\/p>\n","protected":false},"author":1,"featured_media":0,"comment_status":"closed","ping_status":"open","sticky":false,"template":"","format":"standard","meta":{"_exactmetrics_skip_tracking":false,"_exactmetrics_sitenote_active":false,"_exactmetrics_sitenote_note":"","_exactmetrics_sitenote_category":0,"jetpack_post_was_ever_published":false,"_jetpack_newsletter_access":"","_jetpack_dont_email_post_to_subs":false,"_jetpack_newsletter_tier_id":0,"_jetpack_memberships_contains_paywalled_content":false,"_jetpack_memberships_contains_paid_content":false,"footnotes":"","jetpack_publicize_message":"","jetpack_publicize_feature_enabled":true,"jetpack_social_post_already_shared":true,"jetpack_social_options":{"image_generator_settings":{"template":"highway","enabled":false},"version":2}},"categories":[1],"tags":[],"class_list":["post-30748","post","type-post","status-publish","format-standard","hentry","category-notas"],"jetpack_publicize_connections":[],"jetpack_sharing_enabled":true,"jetpack_featured_media_url":"","jetpack_shortlink":"https:\/\/wp.me\/p7wKYW-7ZW","jetpack-related-posts":[],"_links":{"self":[{"href":"http:\/\/blogdalucianaoliveira.com.br\/blog\/wp-json\/wp\/v2\/posts\/30748","targetHints":{"allow":["GET"]}}],"collection":[{"href":"http:\/\/blogdalucianaoliveira.com.br\/blog\/wp-json\/wp\/v2\/posts"}],"about":[{"href":"http:\/\/blogdalucianaoliveira.com.br\/blog\/wp-json\/wp\/v2\/types\/post"}],"author":[{"embeddable":true,"href":"http:\/\/blogdalucianaoliveira.com.br\/blog\/wp-json\/wp\/v2\/users\/1"}],"replies":[{"embeddable":true,"href":"http:\/\/blogdalucianaoliveira.com.br\/blog\/wp-json\/wp\/v2\/comments?post=30748"}],"version-history":[{"count":1,"href":"http:\/\/blogdalucianaoliveira.com.br\/blog\/wp-json\/wp\/v2\/posts\/30748\/revisions"}],"predecessor-version":[{"id":30750,"href":"http:\/\/blogdalucianaoliveira.com.br\/blog\/wp-json\/wp\/v2\/posts\/30748\/revisions\/30750"}],"wp:attachment":[{"href":"http:\/\/blogdalucianaoliveira.com.br\/blog\/wp-json\/wp\/v2\/media?parent=30748"}],"wp:term":[{"taxonomy":"category","embeddable":true,"href":"http:\/\/blogdalucianaoliveira.com.br\/blog\/wp-json\/wp\/v2\/categories?post=30748"},{"taxonomy":"post_tag","embeddable":true,"href":"http:\/\/blogdalucianaoliveira.com.br\/blog\/wp-json\/wp\/v2\/tags?post=30748"}],"curies":[{"name":"wp","href":"https:\/\/api.w.org\/{rel}","templated":true}]}}