{"id":30751,"date":"2021-01-25T19:31:05","date_gmt":"2021-01-25T23:31:05","guid":{"rendered":"http:\/\/blogdalucianaoliveira.com.br\/blog\/?p=30751"},"modified":"2021-01-25T19:31:11","modified_gmt":"2021-01-25T23:31:11","slug":"no-rio-blocos-de-rua-lancam-campanha-por-carnaval-em-casa","status":"publish","type":"post","link":"http:\/\/blogdalucianaoliveira.com.br\/blog\/2021\/01\/25\/no-rio-blocos-de-rua-lancam-campanha-por-carnaval-em-casa\/","title":{"rendered":"No Rio, blocos de rua lan\u00e7am campanha por &#8216;carnaval em casa"},"content":{"rendered":"\n<figure class=\"wp-block-image size-large\"><img data-recalc-dims=\"1\" loading=\"lazy\" decoding=\"async\" width=\"600\" height=\"600\" data-attachment-id=\"30752\" data-permalink=\"http:\/\/blogdalucianaoliveira.com.br\/blog\/2021\/01\/25\/no-rio-blocos-de-rua-lancam-campanha-por-carnaval-em-casa\/130dd182-6122-4220-9488-fa2b2ea2d07c\/\" data-orig-file=\"https:\/\/i0.wp.com\/blogdalucianaoliveira.com.br\/blog\/wp-content\/uploads\/2021\/01\/130DD182-6122-4220-9488-FA2B2EA2D07C.jpeg?fit=720%2C720\" data-orig-size=\"720,720\" data-comments-opened=\"0\" data-image-meta=\"{&quot;aperture&quot;:&quot;0&quot;,&quot;credit&quot;:&quot;&quot;,&quot;camera&quot;:&quot;&quot;,&quot;caption&quot;:&quot;&quot;,&quot;created_timestamp&quot;:&quot;0&quot;,&quot;copyright&quot;:&quot;&quot;,&quot;focal_length&quot;:&quot;0&quot;,&quot;iso&quot;:&quot;0&quot;,&quot;shutter_speed&quot;:&quot;0&quot;,&quot;title&quot;:&quot;&quot;,&quot;orientation&quot;:&quot;1&quot;}\" data-image-title=\"130DD182-6122-4220-9488-FA2B2EA2D07C\" data-image-description=\"\" data-image-caption=\"\" data-medium-file=\"https:\/\/i0.wp.com\/blogdalucianaoliveira.com.br\/blog\/wp-content\/uploads\/2021\/01\/130DD182-6122-4220-9488-FA2B2EA2D07C.jpeg?fit=300%2C300\" data-large-file=\"https:\/\/i0.wp.com\/blogdalucianaoliveira.com.br\/blog\/wp-content\/uploads\/2021\/01\/130DD182-6122-4220-9488-FA2B2EA2D07C.jpeg?fit=600%2C600\" src=\"https:\/\/i0.wp.com\/blogdalucianaoliveira.com.br\/blog\/wp-content\/uploads\/2021\/01\/130DD182-6122-4220-9488-FA2B2EA2D07C.jpeg?resize=600%2C600\" alt=\"\" class=\"wp-image-30752\" srcset=\"https:\/\/i0.wp.com\/blogdalucianaoliveira.com.br\/blog\/wp-content\/uploads\/2021\/01\/130DD182-6122-4220-9488-FA2B2EA2D07C.jpeg?w=720 720w, https:\/\/i0.wp.com\/blogdalucianaoliveira.com.br\/blog\/wp-content\/uploads\/2021\/01\/130DD182-6122-4220-9488-FA2B2EA2D07C.jpeg?resize=300%2C300 300w, https:\/\/i0.wp.com\/blogdalucianaoliveira.com.br\/blog\/wp-content\/uploads\/2021\/01\/130DD182-6122-4220-9488-FA2B2EA2D07C.jpeg?resize=150%2C150 150w\" sizes=\"auto, (max-width: 600px) 100vw, 600px\" \/><\/figure>\n\n\n\n<p>CNN &#8211; Mais de 150 blocos e ligas carnavalescas do Rio de Janeiro lan\u00e7aram um manifesto reafirmando a posi\u00e7\u00e3o de n\u00e3o desfilar em 2021. Batizado de &#8216;Carnaval 2021 \u00e9 em casa&#8217;, o documento tem a assinatura de blocos tradicionais, como o centen\u00e1rio Cord\u00e3o da Bola Preta e o bloco das Carmelitas, e at\u00e9 de grupos que desfilam sem autoriza\u00e7\u00e3o da prefeitura \u2013 os chamados blocos &#8216;n\u00e3o oficiais&#8217;.<\/p>\n\n\n\n<!--more-->\n\n\n\n<p>Os grupos manifestam preocupa\u00e7\u00e3o com a manuten\u00e7\u00e3o do feriado em fevereiro, apesar de o prefeito Eduardo Paes ter cancelado o carnaval em julho. O texto afirma que ficar em casa ser\u00e1 a forma de resist\u00eancia da festa.<\/p>\n\n\n\n<p>&#8220;A resist\u00eancia ao negacionismo como instrumento de pol\u00edtica de uma pol\u00edtica de morte. \u00c9 vital que marquemos uma posi\u00e7\u00e3o firme&#8221;, diz a nota compartilhada nas redes sociais com a hasthag #carnaemcasa. O principal objetivo do movimento \u00e9 conscientizar a popula\u00e7\u00e3o para que o distanciamento social seja respeitado durante o feriado e que os festejos s\u00f3 sejam retomados com a ampla vacina\u00e7\u00e3o da popula\u00e7\u00e3o.\u00a0<br><\/p>\n\n\n\n<p>&nbsp;&#8220;Atrav\u00e9s dessa iniciativa, queremos conscientizar a popula\u00e7\u00e3o, estimulando que evitem aglomera\u00e7\u00f5es, e respeitem o isolamento social durante o feriado de fevereiro&#8221;, disse&nbsp;Camila Marandino, musicista e uma das idealizadoras do movimento.&nbsp;<\/p>\n\n\n\n<p>&#8220;Tivemos uma ades\u00e3o muito forte, a lista conta com 159 signat\u00e1rios mas, depois de publicada, muitos outros apoiaram e tamb\u00e9m est\u00e3o compartilhando o manifesto e a imagem da campanha com a hashtag #carnaemcasa&#8221;, disse Camila Marandino, musicista e uma das idealizadoras do movimento.&nbsp;<\/p>\n\n\n\n<p>No fim de semana, a Sebastiana (Associa\u00e7\u00e3o Independente dos Blocos de Carnaval de Rua da Zona Sul, Santa Teresa e Centro do Rio de Janeiro) tamb\u00e9m lan\u00e7ou uma campanha bem humorada para incentivar os foli\u00f5es a ficarem em casa. Marchinhas e m\u00fasicas brasileiras est\u00e3o sendo adaptadas com trocadilhos como &#8220;Eu quero botar meu bloco na rua, mas esse ano n\u00e3o d\u00e1&#8221; e &#8220;Cabelo e serpentina no cabelo da menina, mas no sof\u00e1 da sala&#8221;.<\/p>\n\n\n\n<p>A ideia \u00e9 lan\u00e7ar um v\u00eddeo por dia at\u00e9 o carnaval com a hasthag #carnavalemcasa. A associa\u00e7\u00e3o tamb\u00e9m vai disponibilizar a playlist dos blocos, e estuda at\u00e9 a realiza\u00e7\u00e3o de lives na semana do carnaval.<\/p>\n\n\n\n<p>&#8220;Essa decis\u00e3o foi muito dif\u00edcil e muito dolorida para n\u00f3s que fazemos carnaval h\u00e1 quase 40 anos. A gente faz carnaval porque &nbsp;ama a folia e a cidade, e n\u00e3o por ser uma obriga\u00e7\u00e3o. Decidir pela n\u00e3o realiza\u00e7\u00e3o e ainda ter que dizer para as pessoas n\u00e3o sa\u00edrem e n\u00e3o aglomerarem \u00e9 muito dif\u00edcil, mas n\u00e3o tem alternativa&#8221;, afirma Rita Fernandes, presidente da Sebastiana.<\/p>\n\n\n\n<p>&#8220;Nesse momento, o que importa \u00e9 a vida. \u00c9 manter as pessoas seguras para brincar direito em 2022. Se a gente n\u00e3o conseguir conter essa pandemia agora, a\u00ed \u00e9 que fica muito mais dif\u00edcil n\u00e3o s\u00f3 para carnaval, mas para a vida como um todo&#8221;, completou.&nbsp;<\/p>\n\n\n\n<h4 class=\"wp-block-heading\">Confira a \u00edntegra do manifesto<\/h4>\n\n\n\n<p><em>O prefeito Eduardo Paes declarou que n\u00e3o haver\u00e1 carnaval em julho, devido \u00e0 aus\u00eancia de condi\u00e7\u00f5es para imuniza\u00e7\u00e3o total da popula\u00e7\u00e3o. No entanto, o feriado de fevereiro est\u00e1 mantido.<\/em><\/p>\n\n\n\n<p><em>O carnaval de rua \u00e9 um movimento, uma for\u00e7a que resiste e ocupa, tomando de volta para as pessoas um espa\u00e7o que lhes pertence. Este ano, por\u00e9m, por mais paradoxal que possa parecer, ficar em casa ser\u00e1 a nossa forma de resist\u00eancia. A resist\u00eancia ao negacionismo como instrumento de uma pol\u00edtica de morte. \u00c9 vital que marquemos uma posi\u00e7\u00e3o firme.<\/em><\/p>\n\n\n\n<p><em>Portanto, n\u00f3s, blocos, ligas, fanfarras e movimentos do carnaval de rua do Rio de Janeiro, declaramos por meio desse manifesto que n\u00e3o desfilaremos em 2021. Fazemos a todos os cidad\u00e3os e cidad\u00e3s o apelo de que se juntem a n\u00f3s nesse momento hist\u00f3rico t\u00e3o dif\u00edcil que vivemos.<\/em><\/p>\n\n\n\n<p><em>Quando estivermos todos seguros e imunizados, faremos a maior folia que essa cidade j\u00e1 viu. Neste momento, entretanto, estamos todos e todas unidos pela vida. Pedimos que n\u00e3o aglomerem e fiquem em casa.<\/em><\/p>\n\n\n\n<p><em>O carnaval vive e alimenta nossas almas. A hora em que ele sair, n\u00e3o vai ter quem segure.<\/em><\/p>\n","protected":false},"excerpt":{"rendered":"<p>CNN &#8211; Mais de 150 blocos e ligas carnavalescas do Rio de Janeiro lan\u00e7aram um manifesto reafirmando a posi\u00e7\u00e3o de n\u00e3o desfilar em 2021. Batizado de &#8216;Carnaval 2021 \u00e9 em casa&#8217;, o documento tem a assinatura de blocos tradicionais, como o centen\u00e1rio Cord\u00e3o da Bola Preta e o bloco das Carmelitas, e at\u00e9 de grupos&#8230;<a class=\"more-link\" href=\"http:\/\/blogdalucianaoliveira.com.br\/blog\/2021\/01\/25\/no-rio-blocos-de-rua-lancam-campanha-por-carnaval-em-casa\/\">Continue a leitura <span class=\"meta-nav\">&raquo;<\/span><\/a><\/p>\n","protected":false},"author":1,"featured_media":0,"comment_status":"closed","ping_status":"open","sticky":false,"template":"","format":"standard","meta":{"_exactmetrics_skip_tracking":false,"_exactmetrics_sitenote_active":false,"_exactmetrics_sitenote_note":"","_exactmetrics_sitenote_category":0,"jetpack_post_was_ever_published":false,"_jetpack_newsletter_access":"","_jetpack_dont_email_post_to_subs":false,"_jetpack_newsletter_tier_id":0,"_jetpack_memberships_contains_paywalled_content":false,"_jetpack_memberships_contains_paid_content":false,"footnotes":"","jetpack_publicize_message":"","jetpack_publicize_feature_enabled":true,"jetpack_social_post_already_shared":true,"jetpack_social_options":{"image_generator_settings":{"template":"highway","enabled":false},"version":2}},"categories":[1],"tags":[],"class_list":["post-30751","post","type-post","status-publish","format-standard","hentry","category-notas"],"jetpack_publicize_connections":[],"jetpack_sharing_enabled":true,"jetpack_featured_media_url":"","jetpack_shortlink":"https:\/\/wp.me\/p7wKYW-7ZZ","jetpack-related-posts":[],"_links":{"self":[{"href":"http:\/\/blogdalucianaoliveira.com.br\/blog\/wp-json\/wp\/v2\/posts\/30751","targetHints":{"allow":["GET"]}}],"collection":[{"href":"http:\/\/blogdalucianaoliveira.com.br\/blog\/wp-json\/wp\/v2\/posts"}],"about":[{"href":"http:\/\/blogdalucianaoliveira.com.br\/blog\/wp-json\/wp\/v2\/types\/post"}],"author":[{"embeddable":true,"href":"http:\/\/blogdalucianaoliveira.com.br\/blog\/wp-json\/wp\/v2\/users\/1"}],"replies":[{"embeddable":true,"href":"http:\/\/blogdalucianaoliveira.com.br\/blog\/wp-json\/wp\/v2\/comments?post=30751"}],"version-history":[{"count":1,"href":"http:\/\/blogdalucianaoliveira.com.br\/blog\/wp-json\/wp\/v2\/posts\/30751\/revisions"}],"predecessor-version":[{"id":30753,"href":"http:\/\/blogdalucianaoliveira.com.br\/blog\/wp-json\/wp\/v2\/posts\/30751\/revisions\/30753"}],"wp:attachment":[{"href":"http:\/\/blogdalucianaoliveira.com.br\/blog\/wp-json\/wp\/v2\/media?parent=30751"}],"wp:term":[{"taxonomy":"category","embeddable":true,"href":"http:\/\/blogdalucianaoliveira.com.br\/blog\/wp-json\/wp\/v2\/categories?post=30751"},{"taxonomy":"post_tag","embeddable":true,"href":"http:\/\/blogdalucianaoliveira.com.br\/blog\/wp-json\/wp\/v2\/tags?post=30751"}],"curies":[{"name":"wp","href":"https:\/\/api.w.org\/{rel}","templated":true}]}}