{"id":30754,"date":"2021-01-26T10:38:28","date_gmt":"2021-01-26T14:38:28","guid":{"rendered":"http:\/\/blogdalucianaoliveira.com.br\/blog\/?p=30754"},"modified":"2021-01-26T10:38:35","modified_gmt":"2021-01-26T14:38:35","slug":"ro-fraudou-numero-de-vagas-de-uti-para-evitar-decreto-de-isolamento-diz-mp","status":"publish","type":"post","link":"http:\/\/blogdalucianaoliveira.com.br\/blog\/2021\/01\/26\/ro-fraudou-numero-de-vagas-de-uti-para-evitar-decreto-de-isolamento-diz-mp\/","title":{"rendered":"RO fraudou n\u00famero de vagas de UTI para evitar decreto de isolamento, diz MP"},"content":{"rendered":"\n<figure class=\"wp-block-image size-large\"><img data-recalc-dims=\"1\" loading=\"lazy\" decoding=\"async\" width=\"600\" height=\"558\" data-attachment-id=\"30755\" data-permalink=\"http:\/\/blogdalucianaoliveira.com.br\/blog\/2021\/01\/26\/ro-fraudou-numero-de-vagas-de-uti-para-evitar-decreto-de-isolamento-diz-mp\/7acf3afa-c5a0-4d40-9a44-a73d91eb5dc0\/\" data-orig-file=\"https:\/\/i0.wp.com\/blogdalucianaoliveira.com.br\/blog\/wp-content\/uploads\/2021\/01\/7ACF3AFA-C5A0-4D40-9A44-A73D91EB5DC0.jpeg?fit=828%2C770\" data-orig-size=\"828,770\" data-comments-opened=\"0\" data-image-meta=\"{&quot;aperture&quot;:&quot;0&quot;,&quot;credit&quot;:&quot;&quot;,&quot;camera&quot;:&quot;&quot;,&quot;caption&quot;:&quot;&quot;,&quot;created_timestamp&quot;:&quot;0&quot;,&quot;copyright&quot;:&quot;&quot;,&quot;focal_length&quot;:&quot;0&quot;,&quot;iso&quot;:&quot;0&quot;,&quot;shutter_speed&quot;:&quot;0&quot;,&quot;title&quot;:&quot;&quot;,&quot;orientation&quot;:&quot;1&quot;}\" data-image-title=\"7ACF3AFA-C5A0-4D40-9A44-A73D91EB5DC0\" data-image-description=\"\" data-image-caption=\"\" data-medium-file=\"https:\/\/i0.wp.com\/blogdalucianaoliveira.com.br\/blog\/wp-content\/uploads\/2021\/01\/7ACF3AFA-C5A0-4D40-9A44-A73D91EB5DC0.jpeg?fit=300%2C279\" data-large-file=\"https:\/\/i0.wp.com\/blogdalucianaoliveira.com.br\/blog\/wp-content\/uploads\/2021\/01\/7ACF3AFA-C5A0-4D40-9A44-A73D91EB5DC0.jpeg?fit=600%2C558\" src=\"https:\/\/i0.wp.com\/blogdalucianaoliveira.com.br\/blog\/wp-content\/uploads\/2021\/01\/7ACF3AFA-C5A0-4D40-9A44-A73D91EB5DC0.jpeg?resize=600%2C558\" alt=\"\" class=\"wp-image-30755\" srcset=\"https:\/\/i0.wp.com\/blogdalucianaoliveira.com.br\/blog\/wp-content\/uploads\/2021\/01\/7ACF3AFA-C5A0-4D40-9A44-A73D91EB5DC0.jpeg?w=828 828w, https:\/\/i0.wp.com\/blogdalucianaoliveira.com.br\/blog\/wp-content\/uploads\/2021\/01\/7ACF3AFA-C5A0-4D40-9A44-A73D91EB5DC0.jpeg?resize=300%2C279 300w, https:\/\/i0.wp.com\/blogdalucianaoliveira.com.br\/blog\/wp-content\/uploads\/2021\/01\/7ACF3AFA-C5A0-4D40-9A44-A73D91EB5DC0.jpeg?resize=768%2C714 768w, https:\/\/i0.wp.com\/blogdalucianaoliveira.com.br\/blog\/wp-content\/uploads\/2021\/01\/7ACF3AFA-C5A0-4D40-9A44-A73D91EB5DC0.jpeg?resize=323%2C300 323w\" sizes=\"auto, (max-width: 600px) 100vw, 600px\" \/><\/figure>\n\n\n\n<p><strong>Carlos Madeiro, para o UOL, em Macei\u00f3 <\/strong>&#8211; O governo de Rond\u00f4nia incluiu leitos cl\u00ednicos e de UTI (unidades de terapia intensiva) inativos em relat\u00f3rios di\u00e1rios de ocupa\u00e7\u00e3o de hospitais com pacientes com covid-19 durante os meses de dezembro e janeiro.<\/p>\n\n\n\n<!--more-->\n\n\n\n<p>O objetivo teria sido o de evitar que o estado decretasse medidas de isolamento social mais r\u00edgidas no combate \u00e0 pandemia de covid-19. Hoje,\u00a0<a href=\"https:\/\/noticias.uol.com.br\/saude\/ultimas-noticias\/redacao\/2021\/01\/23\/com-explosao-de-casos-mais-graves-porto-velho-anuncia-colapso-na-saude.htm\">Porto Velho enfrenta um colapso na sa\u00fade p\u00fablica pelo excesso de casos<\/a>\u00a0e precisa<a href=\"https:\/\/noticias.uol.com.br\/saude\/ultimas-noticias\/redacao\/2021\/01\/25\/pacientes-recusam-transferencia-e-ro-manda-so-um-doente-com-covid-para-pr.htm\">\u00a0transferir pacientes por falta de vagas em unidades<\/a>.<\/p>\n\n\n\n<p>A den\u00fancia foi feita pelo MP (Minist\u00e9rio P\u00fablico) estadual, que inicia hoje um inqu\u00e9rito civil p\u00fablico para aprofundar as investiga\u00e7\u00f5es e apontar os respons\u00e1veis pela inclus\u00e3o dos n\u00fameros nos documentos. O UOL procurou ontem, no fim da tarde, o governo de Rond\u00f4nia para que se posicionasse sobre a apura\u00e7\u00e3o, mas at\u00e9 o momento n\u00e3o obteve retorno. Se enviado, seu posicionamento ser\u00e1 publicado. Os dados inclu\u00eddos nos relat\u00f3rios se referem a 30 leitos de UTI e 23 cl\u00ednicos do Hospital de Campanha da Zona Leste, que foi desativado em 14 de outubro, ao fim da primeira fase da pandemia. No local, hoje, at\u00e9 existem camas e equipamentos, mas n\u00e3o h\u00e1 m\u00e9dicos para abrir os leitos aos pacientes. <br><\/p>\n\n\n\n<p>\u201cPara poder camuflar os dados do relat\u00f3rio eles continuavam lan\u00e7ando esses leitos, mesmo estando inativos. E n\u00e3o s\u00f3 estavam inativos, como n\u00e3o havia nem sequer a possibilidade de ativ\u00e1-los a qualquer momento por absoluta falta de profissionais m\u00e9dicos.&#8221; Geraldo Henrique Guimar\u00e3es, promotor e coordenador estadual da for\u00e7a tarefa da covid19 do MP-RO Em v\u00eddeo divulgado ontem pela assessoria de imprensa, o secret\u00e1rio de Estado da Sa\u00fade, Fabr\u00edcio M\u00e1ximo, confirma \u2014sem citar local\u2014 que possui leitos que n\u00e3o podem ser operados por falta de profissionais. &#8220;Seguimos aguardando m\u00e9dicos, porque temos leitos de UTI prontos com todos os equipamentos e demais profissionais aguardando somente os m\u00e9dicos&#8221;, afirma. Estado entrou em colapso Sem medidas de isolamento mais r\u00edgidas entre dezembro e janeiro, o estado viu o n\u00famero de casos crescer e enfrenta hoje um colapso na rede p\u00fablica de sa\u00fade. H\u00e1 ainda fila de espera de pacientes, que aguardam uma vaga em um hospital para iniciar o tratamento. &#8220;As adultera\u00e7\u00f5es j\u00e1 evidenciadas fizeram com que perd\u00eassemos tempo precioso para nos prepararmos para o pior&#8221;, afirma Guimar\u00e3es.<\/p>\n\n\n\n<p>O promotor explica que, logo que assumiu as promotorias de sa\u00fade no dia 20 de dezembro, detectou que os relat\u00f3rios di\u00e1rios apontavam mais leitos do que a rede possu\u00eda. A partir da\u00ed, o MP iniciou um monitoramento dessas divulga\u00e7\u00f5es. Guimar\u00e3es conta que, no dia 1\u00ba, teve uma &#8220;segunda evid\u00eancia&#8221; de que a fraude no n\u00famero de leitos estava ocorrendo. &#8220;O promotor de plant\u00e3o detectou duas ou tr\u00eas pessoas na fila de espera na madrugada, sendo que no relat\u00f3rio di\u00e1rio apontava a exist\u00eancia de 15 leitos vagos. Foi quando eu conversei com o secret\u00e1rio [de Sa\u00fade, Fernando M\u00e1ximo] e falei: &#8216;Olha, tem alguma discrep\u00e2ncia a\u00ed. Os leitos que os senhores indicam no relat\u00f3rio di\u00e1rio n\u00e3o est\u00e3o n\u00e3o est\u00e3o coincidentes com a realidade.&#8217; Eu inclusive o alertei da consequ\u00eancia do crime de falsidade ideol\u00f3gica. Eles estavam adulterando um relat\u00f3rio que poderia levar, de uma hora para outra, o nosso estado a uma situa\u00e7\u00e3o ca\u00f3tica, a exemplo de Manaus&#8221;, diz. Fraude seria para evitar medidas Para o promotor, a fraude teve como objetivo principal evitar que a cidade de Porto Velho regredisse de fase nas medidas de isolamento. Segundo o plano estadual de medidas, quanto maior a ocupa\u00e7\u00e3o de UTIs, mais a\u00e7\u00f5es de isolamento s\u00e3o previstas. &#8220;Procurei o secret\u00e1rio de novo e fiz outro alerta: voc\u00eas est\u00e3o adulterando o relat\u00f3rio para n\u00e3o ter que regredir Porto Velho, ou seja, para n\u00e3o contrariar os interesses dos comerciantes, dos empres\u00e1rios. Foi quando eu dei um &#8216;xeque-mate&#8217; neles. Eu falei: os senhores v\u00e3o responder por falsidade ideol\u00f3gica se continuarem adulterando o relat\u00f3rio&#8221;, assegura. Com os dados de leitos ampliados artificialmente, no dia seis de janeiro o governo do estado fez uma reuni\u00e3o com seu comit\u00ea para reclassificar Porto Velho \u2014que ali j\u00e1 apresentava alta de casos de covid-19. Eles, aproveitando-se dos resultados fraudados, regrediram Porto Velho apenas para a fase dois, que permite ficar quase tudo aberto. Naquele dia, com os dados fraudados, estava 67% de ocupa\u00e7\u00e3o dos leitos, contando os 30 leitos. Se tir\u00e1ssemos os leitos fraudados, iria para ocupa\u00e7\u00e3o de UTI de 87,5%, o que teria levado automaticamente para a fase um \u2014e era isso que eles n\u00e3o queriam.&#8221; No dia seguinte \u00e0 reuni\u00e3o, diz o MP, o estado corrigiu os dados nos relat\u00f3rios. &#8220;Eles fizeram isso depois da decis\u00e3o da mudan\u00e7a de fase. Foi quando eu percebi e falei: &#8216;Nossa, isso \u00e9 grav\u00edssimo'&#8221;, conta.<\/p>\n\n\n\n<p>Diante da explos\u00e3o de novos casos, um decreto com isolamento social restritivo foi publicado apenas no \u00faltimo dia 16, quando o governo regrediu Porto Velho para a fase 1. &#8220;Antes disso, n\u00f3s nos reunimos novamente, e eles regrediram para a fase um ap\u00f3s a cobran\u00e7a do MP. S\u00f3 que da\u00ed j\u00e1 era tarde demais&#8221;, revela.<\/p>\n\n\n\n<p><\/p>\n","protected":false},"excerpt":{"rendered":"<p>Carlos Madeiro, para o UOL, em Macei\u00f3 &#8211; O governo de Rond\u00f4nia incluiu leitos cl\u00ednicos e de UTI (unidades de terapia intensiva) inativos em relat\u00f3rios di\u00e1rios de ocupa\u00e7\u00e3o de hospitais com pacientes com covid-19 durante os meses de dezembro e janeiro.<\/p>\n","protected":false},"author":1,"featured_media":0,"comment_status":"closed","ping_status":"open","sticky":false,"template":"","format":"standard","meta":{"_exactmetrics_skip_tracking":false,"_exactmetrics_sitenote_active":false,"_exactmetrics_sitenote_note":"","_exactmetrics_sitenote_category":0,"jetpack_post_was_ever_published":false,"_jetpack_newsletter_access":"","_jetpack_dont_email_post_to_subs":false,"_jetpack_newsletter_tier_id":0,"_jetpack_memberships_contains_paywalled_content":false,"_jetpack_memberships_contains_paid_content":false,"footnotes":"","jetpack_publicize_message":"","jetpack_publicize_feature_enabled":true,"jetpack_social_post_already_shared":true,"jetpack_social_options":{"image_generator_settings":{"template":"highway","enabled":false},"version":2}},"categories":[1],"tags":[],"class_list":["post-30754","post","type-post","status-publish","format-standard","hentry","category-notas"],"jetpack_publicize_connections":[],"jetpack_sharing_enabled":true,"jetpack_featured_media_url":"","jetpack_shortlink":"https:\/\/wp.me\/p7wKYW-802","jetpack-related-posts":[],"_links":{"self":[{"href":"http:\/\/blogdalucianaoliveira.com.br\/blog\/wp-json\/wp\/v2\/posts\/30754","targetHints":{"allow":["GET"]}}],"collection":[{"href":"http:\/\/blogdalucianaoliveira.com.br\/blog\/wp-json\/wp\/v2\/posts"}],"about":[{"href":"http:\/\/blogdalucianaoliveira.com.br\/blog\/wp-json\/wp\/v2\/types\/post"}],"author":[{"embeddable":true,"href":"http:\/\/blogdalucianaoliveira.com.br\/blog\/wp-json\/wp\/v2\/users\/1"}],"replies":[{"embeddable":true,"href":"http:\/\/blogdalucianaoliveira.com.br\/blog\/wp-json\/wp\/v2\/comments?post=30754"}],"version-history":[{"count":1,"href":"http:\/\/blogdalucianaoliveira.com.br\/blog\/wp-json\/wp\/v2\/posts\/30754\/revisions"}],"predecessor-version":[{"id":30756,"href":"http:\/\/blogdalucianaoliveira.com.br\/blog\/wp-json\/wp\/v2\/posts\/30754\/revisions\/30756"}],"wp:attachment":[{"href":"http:\/\/blogdalucianaoliveira.com.br\/blog\/wp-json\/wp\/v2\/media?parent=30754"}],"wp:term":[{"taxonomy":"category","embeddable":true,"href":"http:\/\/blogdalucianaoliveira.com.br\/blog\/wp-json\/wp\/v2\/categories?post=30754"},{"taxonomy":"post_tag","embeddable":true,"href":"http:\/\/blogdalucianaoliveira.com.br\/blog\/wp-json\/wp\/v2\/tags?post=30754"}],"curies":[{"name":"wp","href":"https:\/\/api.w.org\/{rel}","templated":true}]}}