{"id":30757,"date":"2021-01-26T12:27:52","date_gmt":"2021-01-26T16:27:52","guid":{"rendered":"http:\/\/blogdalucianaoliveira.com.br\/blog\/?p=30757"},"modified":"2021-01-26T12:27:59","modified_gmt":"2021-01-26T16:27:59","slug":"aval-para-vacina-privada-e-uma-bomba-de-exterminio-dos-genocidas-do-planalto","status":"publish","type":"post","link":"http:\/\/blogdalucianaoliveira.com.br\/blog\/2021\/01\/26\/aval-para-vacina-privada-e-uma-bomba-de-exterminio-dos-genocidas-do-planalto\/","title":{"rendered":"Aval para vacina privada \u00e9 uma bomba de exterm\u00ednio dos genocidas do Planalto"},"content":{"rendered":"\n<figure class=\"wp-block-image size-large\"><img data-recalc-dims=\"1\" loading=\"lazy\" decoding=\"async\" width=\"480\" height=\"288\" data-attachment-id=\"30758\" data-permalink=\"http:\/\/blogdalucianaoliveira.com.br\/blog\/2021\/01\/26\/aval-para-vacina-privada-e-uma-bomba-de-exterminio-dos-genocidas-do-planalto\/eb1da935-535f-4052-ba76-614b4830988d\/\" data-orig-file=\"https:\/\/i0.wp.com\/blogdalucianaoliveira.com.br\/blog\/wp-content\/uploads\/2021\/01\/EB1DA935-535F-4052-BA76-614B4830988D.jpeg?fit=480%2C288\" data-orig-size=\"480,288\" data-comments-opened=\"0\" data-image-meta=\"{&quot;aperture&quot;:&quot;0&quot;,&quot;credit&quot;:&quot;&quot;,&quot;camera&quot;:&quot;&quot;,&quot;caption&quot;:&quot;&quot;,&quot;created_timestamp&quot;:&quot;0&quot;,&quot;copyright&quot;:&quot;&quot;,&quot;focal_length&quot;:&quot;0&quot;,&quot;iso&quot;:&quot;0&quot;,&quot;shutter_speed&quot;:&quot;0&quot;,&quot;title&quot;:&quot;&quot;,&quot;orientation&quot;:&quot;0&quot;}\" data-image-title=\"EB1DA935-535F-4052-BA76-614B4830988D\" data-image-description=\"\" data-image-caption=\"\" data-medium-file=\"https:\/\/i0.wp.com\/blogdalucianaoliveira.com.br\/blog\/wp-content\/uploads\/2021\/01\/EB1DA935-535F-4052-BA76-614B4830988D.jpeg?fit=300%2C180\" data-large-file=\"https:\/\/i0.wp.com\/blogdalucianaoliveira.com.br\/blog\/wp-content\/uploads\/2021\/01\/EB1DA935-535F-4052-BA76-614B4830988D.jpeg?fit=480%2C288\" src=\"https:\/\/i0.wp.com\/blogdalucianaoliveira.com.br\/blog\/wp-content\/uploads\/2021\/01\/EB1DA935-535F-4052-BA76-614B4830988D.jpeg?resize=480%2C288\" alt=\"\" class=\"wp-image-30758\" srcset=\"https:\/\/i0.wp.com\/blogdalucianaoliveira.com.br\/blog\/wp-content\/uploads\/2021\/01\/EB1DA935-535F-4052-BA76-614B4830988D.jpeg?w=480 480w, https:\/\/i0.wp.com\/blogdalucianaoliveira.com.br\/blog\/wp-content\/uploads\/2021\/01\/EB1DA935-535F-4052-BA76-614B4830988D.jpeg?resize=300%2C180 300w\" sizes=\"auto, (max-width: 480px) 100vw, 480px\" \/><\/figure>\n\n\n\n<p><strong>Por Jeferson Miola<\/strong>, no DCM &#8211; O aval do governo Bolsonaro para empresas privadas comprarem 33 milh\u00f5es de doses da vacina AstraZeneca no momento em que o sistema p\u00fablico e universal de imuniza\u00e7\u00e3o do SUS disp\u00f5e de apenas 10,2 milh\u00f5es de doses \u2013 apenas 1\/3 do \u201clote privado\u201d \u2013 tem o significado de uma bomba de exterm\u00ednio de brasileiros vulner\u00e1veis e desprotegidos, principalmente negros e pobres.<\/p>\n\n\n\n<!--more-->\n\n\n\n<p>Engana-se quem pensa que\u00a0Manaus, o Auschwitz brasileiro, representa o \u00e1pice do mortic\u00ednio e da barb\u00e1rie, porque o necrogoverno escala permanentemente est\u00e1gios mais avan\u00e7ados de devasta\u00e7\u00e3o social e exterm\u00ednio humano.<\/p>\n\n\n\n<p>A autoriza\u00e7\u00e3o para que particulares comprem imunizantes antes do pr\u00f3prio Estado provisionar o SUS com a quantidade de vacinas necess\u00e1rias para imunizar universalmente toda a popula\u00e7\u00e3o brasileira, \u00e9 uma pr\u00e1tica de eugenia social com prop\u00f3sitos id\u00eanticos aos do regime nazista de Hitler.<\/p>\n\n\n\n<p>Mari\u00e2ngela Sim\u00e3o, diretora de Acesso a medicamentos da OMS descreve a posi\u00e7\u00e3o brasileira de aquisi\u00e7\u00e3o privada de vacina como \u201cpeculiar\u201d, \u00fanica no mundo. Em todos pa\u00edses, \u201cas compras est\u00e3o sendo feitas pelo governo, e n\u00e3o pela iniciativa privada\u201d, disse ela.<\/p>\n\n\n\n<p>Por meio deste processo perverso de \u201csele\u00e7\u00e3o econ\u00f4mica\u201d da esp\u00e9cie, em que a oligarquia pode comprar vacina para proteger a si mesma e tamb\u00e9m a seus escravos que garantem a reprodu\u00e7\u00e3o do seu capital, o governo genocida dos militares amplia a \u201cfaxina\u201d racial.<\/p>\n\n\n\n<p>A imprensa noticiou as supostas condi\u00e7\u00f5es estipuladas pelo governo para conceder o aval aos plutocratas. Dentre elas, a proibi\u00e7\u00e3o de comercializa\u00e7\u00e3o dos imunizantes e a gratuidade para os funcion\u00e1rios das empresas. Al\u00e9m disso, o governo \u201ctem a expectativa\u00a0de que as empresas doem ao minist\u00e9rio da Sa\u00fade mais da metade do que ser\u00e1 adquirido\u201d [sic].<\/p>\n\n\n\n<p>Nenhuma destas condicionalidades, mesmo se fossem plenamente atendidas, o que est\u00e1 longe de ser garantido, justificariam esta decis\u00e3o infame que fere princ\u00edpios constitucionais do direito \u00e0 sa\u00fade e \u00e0 vida e viola preceitos \u00e9ticos e legais.<\/p>\n\n\n\n<p>De acordo com o notici\u00e1rio, os predadores t\u00eam pressa. Em videoconfer\u00eancia que reuniu 72 \u201ccaridosos\u201d plutocratas que tiveram esta \u201cpeculiar\u201d ideia, o diretor da Gerdau F\u00e1bio Spina, \u201cconsiderado o coordenador da negocia\u00e7\u00e3o, pediu a cada empresa que se manifeste at\u00e9 esta ter\u00e7a-feira (26) sobre a inten\u00e7\u00e3o de realizar a compra ou n\u00e3o\u201d.<\/p>\n\n\n\n<p>O dinheiro tudo pode e tudo compra. Enquanto o povo vulner\u00e1vel e abandonado pelo governo \u00e9 condenado \u00e0 morte, para os empres\u00e1rios \u201cfoi dada uma previs\u00e3o de que, efetuada a aquisi\u00e7\u00e3o, as vacinas chegariam ao Brasil em dez dias\u201d.<\/p>\n\n\n\n<p>Deve ser investigado por que a previs\u00e3o de fornecimento da mesm\u00edssima AstraZeneca para a Fiocruz \u00e9 de meses de espera, mas para os empres\u00e1rios a entrega pode ocorrer \u201cem dez dias\u201d.<\/p>\n\n\n\n<p>Se tivesse real compromisso em proteger e salvar vidas humanas, o que efetivamente n\u00e3o \u00e9 o prop\u00f3sito dos genocidas do Planalto, o pr\u00f3prio governo teria exigido o fornecimento das 33 milh\u00f5es de doses da AstraZeneca exclusivamente para o plano nacional [e universal] de imuniza\u00e7\u00e3o do SUS.<\/p>\n\n\n\n<p>Como documentado no extraordin\u00e1rio estudo do Centro de Pesquisas e Estudos de Direito Sanit\u00e1rio da USP e a ONG Conectas Direitos Humanos sob a coordena\u00e7\u00e3o da professora da Faculdade de Sa\u00fade P\u00fablica da USP Deisy Ventura,&nbsp;n\u00e3o se trata de neglig\u00eancia ou incompet\u00eancia dos militares no poder, mas sim de um genoc\u00eddio programado, que est\u00e1 fartamente documentado.<\/p>\n\n\n\n<p>Na pandemia, o governo militar acelera e aprofunda a barb\u00e1rie e o car\u00e1ter mort\u00edfero do seu necroprojeto. Como Bolsonaro j\u00e1 disse, \u201co sentido de seu governo n\u00e3o \u00e9 construir coisas para o povo brasileiro, mas desconstruir\u201d.<\/p>\n\n\n\n<p>A autoriza\u00e7\u00e3o para que empresas privadas adquiram e administrem vacinas por conta pr\u00f3pria enquanto o SUS n\u00e3o conta com estoque para imunizar toda a popula\u00e7\u00e3o, \u00e9 um dos mais duros e infames ataques aos pilares civilizat\u00f3rios e humanistas do pacto constitucional de 1988.<\/p>\n","protected":false},"excerpt":{"rendered":"<p>Por Jeferson Miola, no DCM &#8211; O aval do governo Bolsonaro para empresas privadas comprarem 33 milh\u00f5es de doses da vacina AstraZeneca no momento em que o sistema p\u00fablico e universal de imuniza\u00e7\u00e3o do SUS disp\u00f5e de apenas 10,2 milh\u00f5es de doses \u2013 apenas 1\/3 do \u201clote privado\u201d \u2013 tem o significado de uma bomba&#8230;<a class=\"more-link\" href=\"http:\/\/blogdalucianaoliveira.com.br\/blog\/2021\/01\/26\/aval-para-vacina-privada-e-uma-bomba-de-exterminio-dos-genocidas-do-planalto\/\">Continue a leitura <span class=\"meta-nav\">&raquo;<\/span><\/a><\/p>\n","protected":false},"author":1,"featured_media":0,"comment_status":"closed","ping_status":"open","sticky":false,"template":"","format":"standard","meta":{"_exactmetrics_skip_tracking":false,"_exactmetrics_sitenote_active":false,"_exactmetrics_sitenote_note":"","_exactmetrics_sitenote_category":0,"jetpack_post_was_ever_published":false,"_jetpack_newsletter_access":"","_jetpack_dont_email_post_to_subs":false,"_jetpack_newsletter_tier_id":0,"_jetpack_memberships_contains_paywalled_content":false,"_jetpack_memberships_contains_paid_content":false,"footnotes":"","jetpack_publicize_message":"","jetpack_publicize_feature_enabled":true,"jetpack_social_post_already_shared":true,"jetpack_social_options":{"image_generator_settings":{"template":"highway","enabled":false},"version":2}},"categories":[1],"tags":[],"class_list":["post-30757","post","type-post","status-publish","format-standard","hentry","category-notas"],"jetpack_publicize_connections":[],"jetpack_sharing_enabled":true,"jetpack_featured_media_url":"","jetpack_shortlink":"https:\/\/wp.me\/p7wKYW-805","jetpack-related-posts":[],"_links":{"self":[{"href":"http:\/\/blogdalucianaoliveira.com.br\/blog\/wp-json\/wp\/v2\/posts\/30757","targetHints":{"allow":["GET"]}}],"collection":[{"href":"http:\/\/blogdalucianaoliveira.com.br\/blog\/wp-json\/wp\/v2\/posts"}],"about":[{"href":"http:\/\/blogdalucianaoliveira.com.br\/blog\/wp-json\/wp\/v2\/types\/post"}],"author":[{"embeddable":true,"href":"http:\/\/blogdalucianaoliveira.com.br\/blog\/wp-json\/wp\/v2\/users\/1"}],"replies":[{"embeddable":true,"href":"http:\/\/blogdalucianaoliveira.com.br\/blog\/wp-json\/wp\/v2\/comments?post=30757"}],"version-history":[{"count":1,"href":"http:\/\/blogdalucianaoliveira.com.br\/blog\/wp-json\/wp\/v2\/posts\/30757\/revisions"}],"predecessor-version":[{"id":30759,"href":"http:\/\/blogdalucianaoliveira.com.br\/blog\/wp-json\/wp\/v2\/posts\/30757\/revisions\/30759"}],"wp:attachment":[{"href":"http:\/\/blogdalucianaoliveira.com.br\/blog\/wp-json\/wp\/v2\/media?parent=30757"}],"wp:term":[{"taxonomy":"category","embeddable":true,"href":"http:\/\/blogdalucianaoliveira.com.br\/blog\/wp-json\/wp\/v2\/categories?post=30757"},{"taxonomy":"post_tag","embeddable":true,"href":"http:\/\/blogdalucianaoliveira.com.br\/blog\/wp-json\/wp\/v2\/tags?post=30757"}],"curies":[{"name":"wp","href":"https:\/\/api.w.org\/{rel}","templated":true}]}}