{"id":30760,"date":"2021-01-26T13:34:05","date_gmt":"2021-01-26T17:34:05","guid":{"rendered":"http:\/\/blogdalucianaoliveira.com.br\/blog\/?p=30760"},"modified":"2021-01-26T13:34:11","modified_gmt":"2021-01-26T17:34:11","slug":"astrazeneca-contraria-governo-bolsonaro-e-diz-que-nao-vendera-doses-de-sua-vacina-para-empresas-privadas","status":"publish","type":"post","link":"http:\/\/blogdalucianaoliveira.com.br\/blog\/2021\/01\/26\/astrazeneca-contraria-governo-bolsonaro-e-diz-que-nao-vendera-doses-de-sua-vacina-para-empresas-privadas\/","title":{"rendered":"AstraZeneca contraria Governo Bolsonaro e diz que n\u00e3o vender\u00e1 doses de sua vacina para empresas privadas"},"content":{"rendered":"\n<figure class=\"wp-block-image size-large\"><img loading=\"lazy\" decoding=\"async\" width=\"1250\" height=\"600\" data-attachment-id=\"30761\" data-permalink=\"http:\/\/blogdalucianaoliveira.com.br\/blog\/2021\/01\/26\/astrazeneca-contraria-governo-bolsonaro-e-diz-que-nao-vendera-doses-de-sua-vacina-para-empresas-privadas\/6afbe24c-12d7-41d5-9f10-1c96dc311f4c\/\" data-orig-file=\"https:\/\/i0.wp.com\/blogdalucianaoliveira.com.br\/blog\/wp-content\/uploads\/2021\/01\/6AFBE24C-12D7-41D5-9F10-1C96DC311F4C.jpeg?fit=1250%2C600\" data-orig-size=\"1250,600\" data-comments-opened=\"0\" data-image-meta=\"{&quot;aperture&quot;:&quot;0&quot;,&quot;credit&quot;:&quot;&quot;,&quot;camera&quot;:&quot;&quot;,&quot;caption&quot;:&quot;&quot;,&quot;created_timestamp&quot;:&quot;0&quot;,&quot;copyright&quot;:&quot;&quot;,&quot;focal_length&quot;:&quot;0&quot;,&quot;iso&quot;:&quot;0&quot;,&quot;shutter_speed&quot;:&quot;0&quot;,&quot;title&quot;:&quot;&quot;,&quot;orientation&quot;:&quot;0&quot;}\" data-image-title=\"6AFBE24C-12D7-41D5-9F10-1C96DC311F4C\" data-image-description=\"\" data-image-caption=\"\" data-medium-file=\"https:\/\/i0.wp.com\/blogdalucianaoliveira.com.br\/blog\/wp-content\/uploads\/2021\/01\/6AFBE24C-12D7-41D5-9F10-1C96DC311F4C.jpeg?fit=300%2C144\" data-large-file=\"https:\/\/i0.wp.com\/blogdalucianaoliveira.com.br\/blog\/wp-content\/uploads\/2021\/01\/6AFBE24C-12D7-41D5-9F10-1C96DC311F4C.jpeg?fit=600%2C288\" src=\"https:\/\/i2.wp.com\/blogdalucianaoliveira.com.br\/blog\/wp-content\/uploads\/2021\/01\/6AFBE24C-12D7-41D5-9F10-1C96DC311F4C.jpeg?fit=600%2C288\" alt=\"\" class=\"wp-image-30761\" srcset=\"https:\/\/i0.wp.com\/blogdalucianaoliveira.com.br\/blog\/wp-content\/uploads\/2021\/01\/6AFBE24C-12D7-41D5-9F10-1C96DC311F4C.jpeg?w=1250 1250w, https:\/\/i0.wp.com\/blogdalucianaoliveira.com.br\/blog\/wp-content\/uploads\/2021\/01\/6AFBE24C-12D7-41D5-9F10-1C96DC311F4C.jpeg?resize=300%2C144 300w, https:\/\/i0.wp.com\/blogdalucianaoliveira.com.br\/blog\/wp-content\/uploads\/2021\/01\/6AFBE24C-12D7-41D5-9F10-1C96DC311F4C.jpeg?resize=1024%2C492 1024w, https:\/\/i0.wp.com\/blogdalucianaoliveira.com.br\/blog\/wp-content\/uploads\/2021\/01\/6AFBE24C-12D7-41D5-9F10-1C96DC311F4C.jpeg?resize=768%2C369 768w, https:\/\/i0.wp.com\/blogdalucianaoliveira.com.br\/blog\/wp-content\/uploads\/2021\/01\/6AFBE24C-12D7-41D5-9F10-1C96DC311F4C.jpeg?resize=625%2C300 625w, https:\/\/i0.wp.com\/blogdalucianaoliveira.com.br\/blog\/wp-content\/uploads\/2021\/01\/6AFBE24C-12D7-41D5-9F10-1C96DC311F4C.jpeg?w=1200 1200w\" sizes=\"auto, (max-width: 600px) 100vw, 600px\" \/><\/figure>\n\n\n\n<p><strong>247 &#8211;<\/strong>&nbsp;A empresa AstraZeneca divulgou nota nesta ter\u00e7a-feira (26) afirmando que n\u00e3o vender\u00e1 vacinas contra a covid-19 para o setor privado no Brasil.<\/p>\n\n\n\n<!--more-->\n\n\n\n<p>A empresa divulgou comunicado sobre o caso ap\u00f3s um cons\u00f3rcio de empresas pedir e conseguir autoriza\u00e7\u00e3o do governo federal para comprar as vacinas diretamente da fabricante.<\/p>\n\n\n\n<p>Jair Bolsonaro afirmou \u00e0\u00a0<a href=\"https:\/\/www.cnnbrasil.com.br\/saude\/2021\/01\/25\/bolsonaro-diz-que-governo-continua-estimulando-compra-de-vacinas-por-empresarios\">CNN<\/a>\u00a0na noite desta segunda-feira (25) que a vacina\u00e7\u00e3o contra a pandemia do novo coronav\u00edrus ser\u00e1 parcialmente privatizada no pa\u00eds, liquidando com a l\u00f3gica p\u00fablica do Programa Nacional de Imuniza\u00e7\u00e3o. Ele desmentiu a informa\u00e7\u00e3o segundo a qual a vacina\u00e7\u00e3o seria apenas p\u00fablica no pa\u00eds: &#8220;Desde o ano passado, n\u00f3s abrimos negocia\u00e7\u00e3o para compra de vacinas. Diferente do que est\u00e3o falando por a\u00ed, o governo continua estimulando essa negocia\u00e7\u00e3o com os empres\u00e1rios. N\u00f3s demos o sinal verde para eles l\u00e1 atr\u00e1s&#8221;. Algumas empresas j\u00e1 anunciaram discordar da privatiza\u00e7\u00e3o. Contrariando Bolsonaro, na nota, a AstraZeneca, segundo informa\u00e7\u00e3o do portal Exame, \u00a0afirma que suas vacinas est\u00e3o sendo disponibilizadas somente ao setor p\u00fablico e a organiza\u00e7\u00f5es multilaterais como a Organiza\u00e7\u00e3o Mundial da Sa\u00fade (a AstraZeneca faz parte da Covax Facility, alian\u00e7a para compra de vacinas a pa\u00edses mais pobres).<\/p>\n","protected":false},"excerpt":{"rendered":"<p>247 &#8211;&nbsp;A empresa AstraZeneca divulgou nota nesta ter\u00e7a-feira (26) afirmando que n\u00e3o vender\u00e1 vacinas contra a covid-19 para o setor privado no Brasil.<\/p>\n","protected":false},"author":1,"featured_media":0,"comment_status":"closed","ping_status":"open","sticky":false,"template":"","format":"standard","meta":{"_exactmetrics_skip_tracking":false,"_exactmetrics_sitenote_active":false,"_exactmetrics_sitenote_note":"","_exactmetrics_sitenote_category":0,"jetpack_post_was_ever_published":false,"_jetpack_newsletter_access":"","_jetpack_dont_email_post_to_subs":false,"_jetpack_newsletter_tier_id":0,"_jetpack_memberships_contains_paywalled_content":false,"_jetpack_memberships_contains_paid_content":false,"footnotes":"","jetpack_publicize_message":"","jetpack_publicize_feature_enabled":true,"jetpack_social_post_already_shared":true,"jetpack_social_options":{"image_generator_settings":{"template":"highway","enabled":false},"version":2}},"categories":[1],"tags":[],"class_list":["post-30760","post","type-post","status-publish","format-standard","hentry","category-notas"],"jetpack_publicize_connections":[],"jetpack_sharing_enabled":true,"jetpack_featured_media_url":"","jetpack_shortlink":"https:\/\/wp.me\/p7wKYW-808","jetpack-related-posts":[],"_links":{"self":[{"href":"http:\/\/blogdalucianaoliveira.com.br\/blog\/wp-json\/wp\/v2\/posts\/30760","targetHints":{"allow":["GET"]}}],"collection":[{"href":"http:\/\/blogdalucianaoliveira.com.br\/blog\/wp-json\/wp\/v2\/posts"}],"about":[{"href":"http:\/\/blogdalucianaoliveira.com.br\/blog\/wp-json\/wp\/v2\/types\/post"}],"author":[{"embeddable":true,"href":"http:\/\/blogdalucianaoliveira.com.br\/blog\/wp-json\/wp\/v2\/users\/1"}],"replies":[{"embeddable":true,"href":"http:\/\/blogdalucianaoliveira.com.br\/blog\/wp-json\/wp\/v2\/comments?post=30760"}],"version-history":[{"count":1,"href":"http:\/\/blogdalucianaoliveira.com.br\/blog\/wp-json\/wp\/v2\/posts\/30760\/revisions"}],"predecessor-version":[{"id":30762,"href":"http:\/\/blogdalucianaoliveira.com.br\/blog\/wp-json\/wp\/v2\/posts\/30760\/revisions\/30762"}],"wp:attachment":[{"href":"http:\/\/blogdalucianaoliveira.com.br\/blog\/wp-json\/wp\/v2\/media?parent=30760"}],"wp:term":[{"taxonomy":"category","embeddable":true,"href":"http:\/\/blogdalucianaoliveira.com.br\/blog\/wp-json\/wp\/v2\/categories?post=30760"},{"taxonomy":"post_tag","embeddable":true,"href":"http:\/\/blogdalucianaoliveira.com.br\/blog\/wp-json\/wp\/v2\/tags?post=30760"}],"curies":[{"name":"wp","href":"https:\/\/api.w.org\/{rel}","templated":true}]}}