{"id":30763,"date":"2021-01-26T19:38:27","date_gmt":"2021-01-26T23:38:27","guid":{"rendered":"http:\/\/blogdalucianaoliveira.com.br\/blog\/?p=30763"},"modified":"2021-01-26T19:38:31","modified_gmt":"2021-01-26T23:38:31","slug":"parece-que-governo-passa-o-tempo-comendo-alfafa-lambendo-sal-e-mascando-chiclete","status":"publish","type":"post","link":"http:\/\/blogdalucianaoliveira.com.br\/blog\/2021\/01\/26\/parece-que-governo-passa-o-tempo-comendo-alfafa-lambendo-sal-e-mascando-chiclete\/","title":{"rendered":"Parece que governo passa o tempo comendo alfafa, lambendo sal e mascando chiclete"},"content":{"rendered":"\n<figure class=\"wp-block-image size-large\"><img data-recalc-dims=\"1\" loading=\"lazy\" decoding=\"async\" width=\"600\" height=\"428\" data-attachment-id=\"30764\" data-permalink=\"http:\/\/blogdalucianaoliveira.com.br\/blog\/2021\/01\/26\/parece-que-governo-passa-o-tempo-comendo-alfafa-lambendo-sal-e-mascando-chiclete\/1c4e64fe-d0e0-449b-9cf7-b88b06a413b5\/\" data-orig-file=\"https:\/\/i0.wp.com\/blogdalucianaoliveira.com.br\/blog\/wp-content\/uploads\/2021\/01\/1C4E64FE-D0E0-449B-9CF7-B88B06A413B5.jpeg?fit=828%2C590\" data-orig-size=\"828,590\" data-comments-opened=\"0\" data-image-meta=\"{&quot;aperture&quot;:&quot;0&quot;,&quot;credit&quot;:&quot;&quot;,&quot;camera&quot;:&quot;&quot;,&quot;caption&quot;:&quot;&quot;,&quot;created_timestamp&quot;:&quot;0&quot;,&quot;copyright&quot;:&quot;&quot;,&quot;focal_length&quot;:&quot;0&quot;,&quot;iso&quot;:&quot;0&quot;,&quot;shutter_speed&quot;:&quot;0&quot;,&quot;title&quot;:&quot;&quot;,&quot;orientation&quot;:&quot;1&quot;}\" data-image-title=\"1C4E64FE-D0E0-449B-9CF7-B88B06A413B5\" data-image-description=\"\" data-image-caption=\"\" data-medium-file=\"https:\/\/i0.wp.com\/blogdalucianaoliveira.com.br\/blog\/wp-content\/uploads\/2021\/01\/1C4E64FE-D0E0-449B-9CF7-B88B06A413B5.jpeg?fit=300%2C214\" data-large-file=\"https:\/\/i0.wp.com\/blogdalucianaoliveira.com.br\/blog\/wp-content\/uploads\/2021\/01\/1C4E64FE-D0E0-449B-9CF7-B88B06A413B5.jpeg?fit=600%2C428\" src=\"https:\/\/i0.wp.com\/blogdalucianaoliveira.com.br\/blog\/wp-content\/uploads\/2021\/01\/1C4E64FE-D0E0-449B-9CF7-B88B06A413B5.jpeg?resize=600%2C428\" alt=\"\" class=\"wp-image-30764\" srcset=\"https:\/\/i0.wp.com\/blogdalucianaoliveira.com.br\/blog\/wp-content\/uploads\/2021\/01\/1C4E64FE-D0E0-449B-9CF7-B88B06A413B5.jpeg?w=828 828w, https:\/\/i0.wp.com\/blogdalucianaoliveira.com.br\/blog\/wp-content\/uploads\/2021\/01\/1C4E64FE-D0E0-449B-9CF7-B88B06A413B5.jpeg?resize=300%2C214 300w, https:\/\/i0.wp.com\/blogdalucianaoliveira.com.br\/blog\/wp-content\/uploads\/2021\/01\/1C4E64FE-D0E0-449B-9CF7-B88B06A413B5.jpeg?resize=768%2C547 768w, https:\/\/i0.wp.com\/blogdalucianaoliveira.com.br\/blog\/wp-content\/uploads\/2021\/01\/1C4E64FE-D0E0-449B-9CF7-B88B06A413B5.jpeg?resize=421%2C300 421w\" sizes=\"auto, (max-width: 600px) 100vw, 600px\" \/><\/figure>\n\n\n\n<p>Uol, por Reinaldo Azevedo &#8211; O governo federal gastou em 2020 R$ 1,8 bilh\u00e3o com alimenta\u00e7\u00e3o. Bem, ningu\u00e9m h\u00e1 de duvidar que \u00e9 muito dinheiro em si. Mas a\u00ed, claro, \u00e9 preciso considerar que essa grana atende a toda a estrutura do governo. Para que se conhe\u00e7a o significado preciso desse gasto, \u00e9 necess\u00e1rio saber agora quanto cada minist\u00e9rio gastou, como, a quem atendeu, em quais eventos. Alguns desembolsos chamam especialmente aten\u00e7\u00e3o: sal, alfafa e chiclete.<\/p>\n\n\n\n<!--more-->\n\n\n\n<p>De sa\u00edda, uma coisa parece, por si, moralmente escandalosa: num per\u00edodo de severa conten\u00e7\u00e3o de gastos, houve um aumento de 20% em rela\u00e7\u00e3o ao ano anterior. E 2020, como se sabe, foi marcado pela pandemia, que ainda est\u00e1 a\u00ed, matando brasileiros aos milhares. H\u00e1 de se supor que houve um recuo na rotina de almo\u00e7os e jantares institucionais. O governo Bolsonaro deve uma explica\u00e7\u00e3o, por \u00f3bvio. O PSOL entrou com uma representa\u00e7\u00e3o para que a PGR determine a abertura de investiga\u00e7\u00e3o.<\/p>\n\n\n\n<p>H\u00e1 coisas que s\u00e3o, por si, intrigantes. Vamos ver os gastos com sal. No demonstrativo oficial, foram consumidos em 2020 R$ 18.530.214,29 com o produto. Voc\u00ea pode adquirir um quilo em supermercados e aplicativos que fazem entrega em casa por R$ 2,15 \u2014 pre\u00e7o mais barato que encontrei. Como o governo federal compra um mont\u00e3o, suponho que possa conseguir condi\u00e7\u00f5es mais vantajosas. Mas fiquemos nesse valor. Com o dinheiro gasto, d\u00e1 para comprar 8.618.704 quilos de sal \u2014 sim, estamos falando de 8.614 toneladas por ano. N\u00e3o \u00e9 poss\u00edvel. Algum erro deve haver a\u00ed. O gasto m\u00e9dio di\u00e1rio de sal do governo federal seria de 23.601 quilos. Voc\u00eas podem imaginar o consumo de 23,6 toneladas de sal por dia? L\u00e1 em Dois C\u00f3rregos, a gente usa o produto para chamar cabe\u00e7as de gado. Isso precisa ser explicado, n\u00e3o?<\/p>\n\n\n\n<p>Tamb\u00e9m \u00e9 intrigante que exista no relat\u00f3rio de gastos o valor de R$ 1.042.974,22 destinado \u00e0 compra de alfafa. Deve ser o tal broto, que muita gente gosta de botar em salada. Num pa\u00eds que est\u00e1 na pinda\u00edba, o governo federal consome, por dia, na m\u00e9dia, R$ 2.857 com&#8230; alfafa. Voc\u00ea acha que o governo deve comprar chiclete para os seus servidores ou para visitantes? Bolsonaro pensa que sim. Com esse item, foram consumidos R$ 2.203.681,89. Acabo se encontrar aqui quatro tabletes de Trident, por exemplo, por R$ 1,99. Com esse dinheiro, compram-se 4.429.509 tabletes \u2014 m\u00e9dia de consumo di\u00e1rio de 12.135 tabletes. Parece que este \u00e9 um governo que passa os dias comendo alfafa, lambendo o sal e mascando. Alguma explica\u00e7\u00e3o deve haver. A gente sabe que os Bolsonaros n\u00e3o lidavam bem com dinheiro p\u00fablico nem quando valores muito menores entravam na conta, como o sal\u00e1rio de servidores da Assembleia Legislativa do Rio, por exemplo.<\/p>\n","protected":false},"excerpt":{"rendered":"<p>Uol, por Reinaldo Azevedo &#8211; O governo federal gastou em 2020 R$ 1,8 bilh\u00e3o com alimenta\u00e7\u00e3o. Bem, ningu\u00e9m h\u00e1 de duvidar que \u00e9 muito dinheiro em si. Mas a\u00ed, claro, \u00e9 preciso considerar que essa grana atende a toda a estrutura do governo. Para que se conhe\u00e7a o significado preciso desse gasto, \u00e9 necess\u00e1rio saber&#8230;<a class=\"more-link\" href=\"http:\/\/blogdalucianaoliveira.com.br\/blog\/2021\/01\/26\/parece-que-governo-passa-o-tempo-comendo-alfafa-lambendo-sal-e-mascando-chiclete\/\">Continue a leitura <span class=\"meta-nav\">&raquo;<\/span><\/a><\/p>\n","protected":false},"author":1,"featured_media":0,"comment_status":"closed","ping_status":"open","sticky":false,"template":"","format":"standard","meta":{"_exactmetrics_skip_tracking":false,"_exactmetrics_sitenote_active":false,"_exactmetrics_sitenote_note":"","_exactmetrics_sitenote_category":0,"jetpack_post_was_ever_published":false,"_jetpack_newsletter_access":"","_jetpack_dont_email_post_to_subs":false,"_jetpack_newsletter_tier_id":0,"_jetpack_memberships_contains_paywalled_content":false,"_jetpack_memberships_contains_paid_content":false,"footnotes":"","jetpack_publicize_message":"","jetpack_publicize_feature_enabled":true,"jetpack_social_post_already_shared":true,"jetpack_social_options":{"image_generator_settings":{"template":"highway","enabled":false},"version":2}},"categories":[1],"tags":[],"class_list":["post-30763","post","type-post","status-publish","format-standard","hentry","category-notas"],"jetpack_publicize_connections":[],"jetpack_sharing_enabled":true,"jetpack_featured_media_url":"","jetpack_shortlink":"https:\/\/wp.me\/p7wKYW-80b","jetpack-related-posts":[],"_links":{"self":[{"href":"http:\/\/blogdalucianaoliveira.com.br\/blog\/wp-json\/wp\/v2\/posts\/30763","targetHints":{"allow":["GET"]}}],"collection":[{"href":"http:\/\/blogdalucianaoliveira.com.br\/blog\/wp-json\/wp\/v2\/posts"}],"about":[{"href":"http:\/\/blogdalucianaoliveira.com.br\/blog\/wp-json\/wp\/v2\/types\/post"}],"author":[{"embeddable":true,"href":"http:\/\/blogdalucianaoliveira.com.br\/blog\/wp-json\/wp\/v2\/users\/1"}],"replies":[{"embeddable":true,"href":"http:\/\/blogdalucianaoliveira.com.br\/blog\/wp-json\/wp\/v2\/comments?post=30763"}],"version-history":[{"count":1,"href":"http:\/\/blogdalucianaoliveira.com.br\/blog\/wp-json\/wp\/v2\/posts\/30763\/revisions"}],"predecessor-version":[{"id":30765,"href":"http:\/\/blogdalucianaoliveira.com.br\/blog\/wp-json\/wp\/v2\/posts\/30763\/revisions\/30765"}],"wp:attachment":[{"href":"http:\/\/blogdalucianaoliveira.com.br\/blog\/wp-json\/wp\/v2\/media?parent=30763"}],"wp:term":[{"taxonomy":"category","embeddable":true,"href":"http:\/\/blogdalucianaoliveira.com.br\/blog\/wp-json\/wp\/v2\/categories?post=30763"},{"taxonomy":"post_tag","embeddable":true,"href":"http:\/\/blogdalucianaoliveira.com.br\/blog\/wp-json\/wp\/v2\/tags?post=30763"}],"curies":[{"name":"wp","href":"https:\/\/api.w.org\/{rel}","templated":true}]}}