{"id":30769,"date":"2021-01-27T13:07:39","date_gmt":"2021-01-27T17:07:39","guid":{"rendered":"http:\/\/blogdalucianaoliveira.com.br\/blog\/?p=30769"},"modified":"2021-01-27T13:07:46","modified_gmt":"2021-01-27T17:07:46","slug":"youtube-proibe-canal-bolsonarista-terca-live-de-fazer-programas-ao-vivo","status":"publish","type":"post","link":"http:\/\/blogdalucianaoliveira.com.br\/blog\/2021\/01\/27\/youtube-proibe-canal-bolsonarista-terca-live-de-fazer-programas-ao-vivo\/","title":{"rendered":"YouTube pro\u00edbe canal bolsonarista Ter\u00e7a Live de fazer programas ao vivo"},"content":{"rendered":"\n<figure class=\"wp-block-image size-large\"><img loading=\"lazy\" decoding=\"async\" width=\"1250\" height=\"600\" data-attachment-id=\"30770\" data-permalink=\"http:\/\/blogdalucianaoliveira.com.br\/blog\/2021\/01\/27\/youtube-proibe-canal-bolsonarista-terca-live-de-fazer-programas-ao-vivo\/6c145e16-1338-4c50-b80a-284f0edb83dc\/\" data-orig-file=\"https:\/\/i0.wp.com\/blogdalucianaoliveira.com.br\/blog\/wp-content\/uploads\/2021\/01\/6C145E16-1338-4C50-B80A-284F0EDB83DC.jpeg?fit=1250%2C600\" data-orig-size=\"1250,600\" data-comments-opened=\"0\" data-image-meta=\"{&quot;aperture&quot;:&quot;0&quot;,&quot;credit&quot;:&quot;&quot;,&quot;camera&quot;:&quot;&quot;,&quot;caption&quot;:&quot;&quot;,&quot;created_timestamp&quot;:&quot;0&quot;,&quot;copyright&quot;:&quot;&quot;,&quot;focal_length&quot;:&quot;0&quot;,&quot;iso&quot;:&quot;0&quot;,&quot;shutter_speed&quot;:&quot;0&quot;,&quot;title&quot;:&quot;&quot;,&quot;orientation&quot;:&quot;0&quot;}\" data-image-title=\"6C145E16-1338-4C50-B80A-284F0EDB83DC\" data-image-description=\"\" data-image-caption=\"\" data-medium-file=\"https:\/\/i0.wp.com\/blogdalucianaoliveira.com.br\/blog\/wp-content\/uploads\/2021\/01\/6C145E16-1338-4C50-B80A-284F0EDB83DC.jpeg?fit=300%2C144\" data-large-file=\"https:\/\/i0.wp.com\/blogdalucianaoliveira.com.br\/blog\/wp-content\/uploads\/2021\/01\/6C145E16-1338-4C50-B80A-284F0EDB83DC.jpeg?fit=600%2C288\" src=\"https:\/\/i0.wp.com\/blogdalucianaoliveira.com.br\/blog\/wp-content\/uploads\/2021\/01\/6C145E16-1338-4C50-B80A-284F0EDB83DC.jpeg?fit=600%2C288\" alt=\"\" class=\"wp-image-30770\" srcset=\"https:\/\/i0.wp.com\/blogdalucianaoliveira.com.br\/blog\/wp-content\/uploads\/2021\/01\/6C145E16-1338-4C50-B80A-284F0EDB83DC.jpeg?w=1250 1250w, https:\/\/i0.wp.com\/blogdalucianaoliveira.com.br\/blog\/wp-content\/uploads\/2021\/01\/6C145E16-1338-4C50-B80A-284F0EDB83DC.jpeg?resize=300%2C144 300w, https:\/\/i0.wp.com\/blogdalucianaoliveira.com.br\/blog\/wp-content\/uploads\/2021\/01\/6C145E16-1338-4C50-B80A-284F0EDB83DC.jpeg?resize=1024%2C492 1024w, https:\/\/i0.wp.com\/blogdalucianaoliveira.com.br\/blog\/wp-content\/uploads\/2021\/01\/6C145E16-1338-4C50-B80A-284F0EDB83DC.jpeg?resize=768%2C369 768w, https:\/\/i0.wp.com\/blogdalucianaoliveira.com.br\/blog\/wp-content\/uploads\/2021\/01\/6C145E16-1338-4C50-B80A-284F0EDB83DC.jpeg?resize=625%2C300 625w, https:\/\/i0.wp.com\/blogdalucianaoliveira.com.br\/blog\/wp-content\/uploads\/2021\/01\/6C145E16-1338-4C50-B80A-284F0EDB83DC.jpeg?w=1200 1200w\" sizes=\"auto, (max-width: 600px) 100vw, 600px\" \/><\/figure>\n\n\n\n<p><strong>247\u00a0<\/strong>&#8211; O Youtube proibiu o canal Ter\u00e7a-Livre, do blogueiro bolsonarista Allan dos Santos, de fazer transmiss\u00f5es ou postar v\u00eddeos. O blogueiro Italo Lorenzon confirmou a informa\u00e7\u00e3o em\u00a0<a href=\"https:\/\/soundcloud.com\/tercalivre\/urgente-terca-livre-esta-sendo-censurado\">\u00e1udio<\/a>. &#8220;Estamos impedidos de fazer qualquer tipo de postagem, n\u00e3o podemos subir v\u00eddeo para explicar o que est\u00e1 acontecendo&#8221;, disse Lorenzon.\u00a0<\/p>\n\n\n\n<!--more-->\n\n\n\n<p>O Ter\u00e7a-Livre \u00e9 um dos alvos de investiga\u00e7\u00e3o do Supremo Tribunal Federal no \u00e2mbito do inqu\u00e9rito que apura um esquema de dissemina\u00e7\u00e3o de fake news para difamar opositores de Jair Bolsonaro.<\/p>\n\n\n\n<p>Em maio do ano passado,\u00a0<a href=\"https:\/\/www.brasil247.com\/brasil\/pf-esta-na-casa-de-allan-santos-lider-do-gabinete-do-odio-e-braco-direito-de-eduardo-bolsonaro\">Allan dos Santos foi alvo de mandados de busca e apreens\u00e3o da Pol\u00edcia Federal<\/a>\u00a0no processo presidido pelo ministro do Supremo Alexandre de Moraes. A PF j\u00e1 havia identificado o vereador Carlos Bolsonaro como um dos\u00a0<a rel=\"noreferrer noopener\" href=\"https:\/\/www.brasil247.com\/brasil\/carlos-bolsonaro-e-chefe-do-esquema-de-fake-news-aponta-a-policia-federal\" target=\"_blank\">articuladores<\/a>\u00a0do esquema de fake news.\u00a0<\/p>\n","protected":false},"excerpt":{"rendered":"<p>247\u00a0&#8211; O Youtube proibiu o canal Ter\u00e7a-Livre, do blogueiro bolsonarista Allan dos Santos, de fazer transmiss\u00f5es ou postar v\u00eddeos. O blogueiro Italo Lorenzon confirmou a informa\u00e7\u00e3o em\u00a0\u00e1udio. &#8220;Estamos impedidos de fazer qualquer tipo de postagem, n\u00e3o podemos subir v\u00eddeo para explicar o que est\u00e1 acontecendo&#8221;, disse Lorenzon.\u00a0<\/p>\n","protected":false},"author":1,"featured_media":0,"comment_status":"closed","ping_status":"open","sticky":false,"template":"","format":"standard","meta":{"_exactmetrics_skip_tracking":false,"_exactmetrics_sitenote_active":false,"_exactmetrics_sitenote_note":"","_exactmetrics_sitenote_category":0,"jetpack_post_was_ever_published":false,"_jetpack_newsletter_access":"","_jetpack_dont_email_post_to_subs":false,"_jetpack_newsletter_tier_id":0,"_jetpack_memberships_contains_paywalled_content":false,"_jetpack_memberships_contains_paid_content":false,"footnotes":"","jetpack_publicize_message":"","jetpack_publicize_feature_enabled":true,"jetpack_social_post_already_shared":true,"jetpack_social_options":{"image_generator_settings":{"template":"highway","enabled":false},"version":2}},"categories":[1],"tags":[],"class_list":["post-30769","post","type-post","status-publish","format-standard","hentry","category-notas"],"jetpack_publicize_connections":[],"jetpack_sharing_enabled":true,"jetpack_featured_media_url":"","jetpack_shortlink":"https:\/\/wp.me\/p7wKYW-80h","jetpack-related-posts":[],"_links":{"self":[{"href":"http:\/\/blogdalucianaoliveira.com.br\/blog\/wp-json\/wp\/v2\/posts\/30769","targetHints":{"allow":["GET"]}}],"collection":[{"href":"http:\/\/blogdalucianaoliveira.com.br\/blog\/wp-json\/wp\/v2\/posts"}],"about":[{"href":"http:\/\/blogdalucianaoliveira.com.br\/blog\/wp-json\/wp\/v2\/types\/post"}],"author":[{"embeddable":true,"href":"http:\/\/blogdalucianaoliveira.com.br\/blog\/wp-json\/wp\/v2\/users\/1"}],"replies":[{"embeddable":true,"href":"http:\/\/blogdalucianaoliveira.com.br\/blog\/wp-json\/wp\/v2\/comments?post=30769"}],"version-history":[{"count":1,"href":"http:\/\/blogdalucianaoliveira.com.br\/blog\/wp-json\/wp\/v2\/posts\/30769\/revisions"}],"predecessor-version":[{"id":30771,"href":"http:\/\/blogdalucianaoliveira.com.br\/blog\/wp-json\/wp\/v2\/posts\/30769\/revisions\/30771"}],"wp:attachment":[{"href":"http:\/\/blogdalucianaoliveira.com.br\/blog\/wp-json\/wp\/v2\/media?parent=30769"}],"wp:term":[{"taxonomy":"category","embeddable":true,"href":"http:\/\/blogdalucianaoliveira.com.br\/blog\/wp-json\/wp\/v2\/categories?post=30769"},{"taxonomy":"post_tag","embeddable":true,"href":"http:\/\/blogdalucianaoliveira.com.br\/blog\/wp-json\/wp\/v2\/tags?post=30769"}],"curies":[{"name":"wp","href":"https:\/\/api.w.org\/{rel}","templated":true}]}}