{"id":30772,"date":"2021-01-27T13:23:23","date_gmt":"2021-01-27T17:23:23","guid":{"rendered":"http:\/\/blogdalucianaoliveira.com.br\/blog\/?p=30772"},"modified":"2021-01-27T13:23:27","modified_gmt":"2021-01-27T17:23:27","slug":"as-forcas-armadas-do-caos","status":"publish","type":"post","link":"http:\/\/blogdalucianaoliveira.com.br\/blog\/2021\/01\/27\/as-forcas-armadas-do-caos\/","title":{"rendered":"As For\u00e7as Armadas do caos"},"content":{"rendered":"\n<figure class=\"wp-block-image size-large\"><img data-recalc-dims=\"1\" loading=\"lazy\" decoding=\"async\" width=\"600\" height=\"400\" data-attachment-id=\"30773\" data-permalink=\"http:\/\/blogdalucianaoliveira.com.br\/blog\/2021\/01\/27\/as-forcas-armadas-do-caos\/59b5e3e2-16cd-4848-8100-80274b276deb\/\" data-orig-file=\"https:\/\/i0.wp.com\/blogdalucianaoliveira.com.br\/blog\/wp-content\/uploads\/2021\/01\/59B5E3E2-16CD-4848-8100-80274B276DEB.jpeg?fit=640%2C427\" data-orig-size=\"640,427\" data-comments-opened=\"0\" data-image-meta=\"{&quot;aperture&quot;:&quot;0&quot;,&quot;credit&quot;:&quot;&quot;,&quot;camera&quot;:&quot;&quot;,&quot;caption&quot;:&quot;&quot;,&quot;created_timestamp&quot;:&quot;0&quot;,&quot;copyright&quot;:&quot;&quot;,&quot;focal_length&quot;:&quot;0&quot;,&quot;iso&quot;:&quot;0&quot;,&quot;shutter_speed&quot;:&quot;0&quot;,&quot;title&quot;:&quot;&quot;,&quot;orientation&quot;:&quot;0&quot;}\" data-image-title=\"59B5E3E2-16CD-4848-8100-80274B276DEB\" data-image-description=\"\" data-image-caption=\"\" data-medium-file=\"https:\/\/i0.wp.com\/blogdalucianaoliveira.com.br\/blog\/wp-content\/uploads\/2021\/01\/59B5E3E2-16CD-4848-8100-80274B276DEB.jpeg?fit=300%2C200\" data-large-file=\"https:\/\/i0.wp.com\/blogdalucianaoliveira.com.br\/blog\/wp-content\/uploads\/2021\/01\/59B5E3E2-16CD-4848-8100-80274B276DEB.jpeg?fit=600%2C400\" src=\"https:\/\/i0.wp.com\/blogdalucianaoliveira.com.br\/blog\/wp-content\/uploads\/2021\/01\/59B5E3E2-16CD-4848-8100-80274B276DEB.jpeg?resize=600%2C400\" alt=\"\" class=\"wp-image-30773\" srcset=\"https:\/\/i0.wp.com\/blogdalucianaoliveira.com.br\/blog\/wp-content\/uploads\/2021\/01\/59B5E3E2-16CD-4848-8100-80274B276DEB.jpeg?w=640 640w, https:\/\/i0.wp.com\/blogdalucianaoliveira.com.br\/blog\/wp-content\/uploads\/2021\/01\/59B5E3E2-16CD-4848-8100-80274B276DEB.jpeg?resize=300%2C200 300w, https:\/\/i0.wp.com\/blogdalucianaoliveira.com.br\/blog\/wp-content\/uploads\/2021\/01\/59B5E3E2-16CD-4848-8100-80274B276DEB.jpeg?resize=450%2C300 450w\" sizes=\"auto, (max-width: 600px) 100vw, 600px\" \/><\/figure>\n\n\n\n<p>Militares brasileiros est\u00e3o associados ao uso da for\u00e7a para o silenciamento das consequ\u00eancias da mis\u00e9ria e do descaso. Fazem isso mais uma vez na pandemia. Por isso, a \u00fanica sa\u00edda \u00e9 o impeachment.<\/p>\n\n\n\n<!--more-->\n\n\n\n<p>El Pa\u00eds, por Vladimir Safatle<\/p>\n\n\n\n<p>Uma das maiores ilus\u00f5es a respeito do\u00a0<a rel=\"noreferrer noopener\" href=\"https:\/\/brasil.elpais.com\/noticias\/jair-messias-bolsonaro\/\" target=\"_blank\">Governo Bolsonaro<\/a>\u00e9 que ele seria composto por dois eixos em estado cont\u00ednuo de antagonismo. De um lado,\u00a0<a rel=\"noreferrer noopener\" href=\"https:\/\/brasil.elpais.com\/brasil\/2020-12-12\/benjamin-teitelbaum-destruicao-e-a-agenda-do-tradicionalismo-a-ideologia-por-tras-de-bolsonaro-e-trump.html\" target=\"_blank\">haveria o\u00a0<em>n\u00facleo ideol\u00f3gico<\/em><\/a>, com suas pautas de regress\u00e3o social e isolamento internacional, enquanto no outro lado\u00a0<a rel=\"noreferrer noopener\" href=\"https:\/\/brasil.elpais.com\/brasil\/2020-06-20\/prisao-de-queiroz-deixa-militares-reticentes-sobre-bolsonaro-enquanto-centrao-aumenta-preco-de-apoio.html\" target=\"_blank\">encontrar\u00edamos o\u00a0<em>n\u00facleo militar<\/em><\/a>. Se o primeiro seria impulsionado pela cren\u00e7a em ser o protagonista maior de uma revolu\u00e7\u00e3o conservadora no Brasil, o segundo seria ainda pautado por certa perspectiva \u201cmoderada\u201d e \u201cracional\u201d.<\/p>\n\n\n\n<p>Na verdade, essa foi a melhor narrativa que as For\u00e7as Armadas poderiam encontrar para si mesmas. Isso lhes permitiu tomar de assalto o poder executivo, colocando milhares de seus membros da ativa e da reserva\u00a0<a rel=\"noreferrer noopener\" href=\"https:\/\/brasil.elpais.com\/opiniao\/2020-05-15\/militares-no-poder-sao-cumplices-de-mais-um-ato-irresponsavel-do-macabro-governo-bolsonaro.html\" target=\"_blank\">dentro da estrutura do poder<\/a>, sem ter que assumir o \u00f4nus de agente fundamental do caos. Jogando a carta do corpo t\u00e9cnico que assume o Estado corrompido, procurando defende-lo de ide\u00f3logos que viriam de todos os lados, as For\u00e7as Armadas tentaram vender ao pa\u00eds a imagem de serem uma esp\u00e9cie de for\u00e7a de conten\u00e7\u00e3o indispens\u00e1vel e inevit\u00e1vel. Bastouuma pandemia com seus desafios reaispara que toda essa hist\u00f3ria ru\u00edsse.<\/p>\n\n\n\n<p>Na verdade, o pa\u00eds viu, agora em escala catastr\u00f3fica, a repeti\u00e7\u00e3o do que sempre ocorre quando as For\u00e7as Armadas tomam a frente. O que est\u00e1 a ocorrer no Brasil atualmente \u00e9 sim a&nbsp;<a href=\"https:\/\/brasil.elpais.com\/ciencia\/2021-01-08\/polarizacao-se-revela-como-fator-de-risco-na-pandemia.html\" target=\"_blank\" rel=\"noreferrer noopener\">implementa\u00e7\u00e3o consequente do ide\u00e1rio que anima suas For\u00e7as Armadas<\/a>. Pois longe de serem uma parte da solu\u00e7\u00e3o, elas s\u00e3o historicamente o eixo fundamental do problema.<\/p>\n\n\n\n<p>Faz parte das tomadas de poder das For\u00e7as Armadas criar essa imagem de serem animadas por um conflito interno, como se estiv\u00e9ssemos a todo momento a lidar com uma institui\u00e7\u00e3o dividida entre o bom policial e o mau policial. J\u00e1 na&nbsp;<a href=\"https:\/\/brasil.elpais.com\/noticias\/dictadura-brasilena\/\" target=\"_blank\" rel=\"noreferrer noopener\">ditadura militar<\/a>&nbsp;havia a pantomima do conflito entre o n\u00facleo duro e os moderados. Foi isso que permitiu aos militares fazer um duplo papel, entre o Governo e a oposi\u00e7\u00e3o ao Governo delas pr\u00f3prias. Se a ditadura brasileira conseguiu&nbsp;<a href=\"https:\/\/brasil.elpais.com\/brasil\/2019\/04\/01\/cultura\/1554136024_994794.html\" target=\"_blank\" rel=\"noreferrer noopener\">durar inacredit\u00e1veis 20 anos<\/a>&nbsp;\u00e9 porque tal pantomima fazia parte do modo normal de governo. Para fazer o Governo funcionar, era fundamental que os opositores encontrassem, nas pr\u00f3prias For\u00e7as Armadas, a esperan\u00e7a de uma conten\u00e7\u00e3o das For\u00e7as Armadas. Da mesma forma, agora estamos a ver o pretenso conflito entre o grupo ligado a Bolsonaro e os generais mais&nbsp;<em>sensatos<\/em>. Sensatez essa que n\u00e3o foi capaz de influenciar em uma a\u00e7\u00e3o sequer que pudesse tirar o pa\u00eds do caminho em dire\u00e7\u00e3o \u00e0s&nbsp;<a href=\"https:\/\/brasil.elpais.com\/brasil\/2021-01-07\/brasil-chega-a-200000-mortes-com-pandemia-interiorizada-e-sistemas-de-saude-sob-pressao.html\" target=\"_blank\" rel=\"noreferrer noopener\">mais de 200.000 mortes<\/a>, isso a despeito de todo o esfor\u00e7o estatal de desaparecimento de corpos.<\/p>\n\n\n\n<p>Quem fizer uma pesquisa a respeito das propagandas louvando o \u201cideal de desenvolvimento\u201d do regime militar encontrar\u00e1 essas campanhas narrando a vit\u00f3ria do homem (sim, eram sempre homens) sobre o \u201cinferno verde\u201d representado pela\u00a0<a rel=\"noreferrer noopener\" href=\"https:\/\/brasil.elpais.com\/noticias\/amazonia\/\" target=\"_blank\">Amaz\u00f4nia<\/a>. Vit\u00f3ria essa que se daria atrav\u00e9s da\u00a0<a rel=\"noreferrer noopener\" href=\"https:\/\/brasil.elpais.com\/brasil\/2019\/05\/02\/opinion\/1556831012_238958.html\" target=\"_blank\">abertura de estradas como a Transamaz\u00f4nica<\/a>\u00a0ou de projeto absurdos e corruptos como o Projeto Jari. Fotos de grande troncos de \u00e1rvores centen\u00e1rias cortadas e empilhadas em caminh\u00f5es ilustravam o canto do pa\u00eds que vencia suas \u201cfronteiras internas\u201d \u00e0 base do fogo, do roubo, da posse e do desaparecimento dos corpos de amer\u00edndios mortos. O que Bolsonaro fez foi simplesmente levar \u00e0s \u00faltimas consequ\u00eancias o ide\u00e1rio que sempre moveu as For\u00e7as Armadas como ponta de lan\u00e7a da guerra do Brasil contra si mesmo. As chamas cuja fuma\u00e7a chega agora at\u00e9 nossas grandes cidades n\u00e3o \u00e9 fruto de um Nero tropical, mas a consequ\u00eancia l\u00f3gica do esp\u00edrito que suas For\u00e7as Armadas sempre representaram.<\/p>\n\n\n\n<p>No entanto, essa guerra do Brasil contra si mesmo foi n\u00e3o apenas&nbsp;<a href=\"https:\/\/brasil.elpais.com\/brasil\/2020-09-16\/descaso-no-pantanal-e-amazonia-ameaca-negocios-do-brasil-enquanto-governo-se-isenta-de-responsabilidade.html\" target=\"_blank\" rel=\"noreferrer noopener\">contra a natureza<\/a>. Ela foi uma guerra contra sua pr\u00f3pria popula\u00e7\u00e3o. A hist\u00f3ria das For\u00e7as Armadas brasileiras \u00e9 a hist\u00f3ria de uma guerra interna, de uma guerra civil n\u00e3o declarada que vai de Canudos e Contestado at\u00e9 o<strong>&nbsp;<\/strong><a href=\"https:\/\/brasil.elpais.com\/brasil\/2018\/02\/19\/politica\/1519058632_353673.html\" target=\"_blank\" rel=\"noreferrer noopener\">uso do Ex\u00e9rcito como \u201cfor\u00e7a de pacifica\u00e7\u00e3o\u201d<\/a>&nbsp;nas comunidades do Rio de Janeiro. Ela foi a hist\u00f3ria do&nbsp;<a href=\"https:\/\/brasil.elpais.com\/opiniao\/2020-11-20\/exterminio-de-negros-o-empreendimento-mais-bem-sucedido-do-brasil.html\" target=\"_blank\" rel=\"noreferrer noopener\">uso da for\u00e7a e do exterm\u00ednio contra movimentos populares<\/a>&nbsp;de toda ordem desde o Imp\u00e9rio. Ela foi ainda a hist\u00f3ria perpetua da \u201cca\u00e7a ao comunismo\u201d desde o aparecimento do primeiro l\u00edder popular da rep\u00fablica brasileira, Lu\u00eds Carlos Prestes: um militar que escolheu o lado das lutas populares e que antecipou as t\u00e1ticas que seriam usadas, de maneira vitoriosa, na grande marcha chinesa. Esse fantasma da \u201cca\u00e7a ao comunismo\u201d \u00e9 a raz\u00e3o de exist\u00eancia das For\u00e7as Armadas brasileiras, e Bolsonaro sabe muito bem disso. \u00c9 ele que lhe levou a dizer: \u201cQuem decide se um povo vai viver na democracia ou na ditadura s\u00e3o as suas For\u00e7as Armadas\u201d. \u201cComunismo\u201d \u00e9 o nome que as For\u00e7as Armadas brasileiras usam para se referir \u00e0 figura de um povo insurreto.<\/p>\n\n\n\n<p>Mas, principalmente, militares brasileiros est\u00e3o associados ao uso da for\u00e7a para o silenciamento das consequ\u00eancias da mis\u00e9ria e do descaso. Faz-se necess\u00e1rio lembrar disso mais uma vez pois o que estamos a ver nessa pandemia, a cat\u00e1strofe humanit\u00e1ria que a gest\u00e3o das For\u00e7as Armadas produziu, n\u00e3o \u00e9 um acaso. \u00c9 a consequ\u00eancia necess\u00e1ria da maneira com que os militares sempre lidaram com a morte da sua pr\u00f3pria popula\u00e7\u00e3o. Longe de procurar \u201cproteger\u201d as popula\u00e7\u00f5es, suas a\u00e7\u00f5es sempre se deram no sentido de lembrar aos setores vulner\u00e1veis da popula\u00e7\u00e3o brasileira de que eles&nbsp;<a href=\"https:\/\/brasil.elpais.com\/economia\/2020-05-08\/pandemia-expoe-necropolitica-a-brasileira-e-uma-certa-elite-que-nao-ve-alem-do-umbigo.html\" target=\"_blank\" rel=\"noreferrer noopener\">s\u00e3o mat\u00e1veis sem dolo e sem imagem<\/a>. \u00c9 isso que as For\u00e7as Armadas est\u00e3o a fazer mais uma vez com sua gest\u00e3o criminosa e omissa em rela\u00e7\u00e3o \u00e0 pandemia.<\/p>\n\n\n\n<p>Em menor escala, isso j\u00e1 ocorreu entre n\u00f3s outras vezes. Que se lembrem dos espa\u00e7os de sil\u00eancio da hist\u00f3ria brasileira. Lembremos, por exemplo, da natureza da viol\u00eancia estatal para confinar e deixar morrer popula\u00e7\u00f5es em crises de seca. Foi no Cear\u00e1, entre 1915 e 1932, que o Brasil&nbsp;<a href=\"https:\/\/brasil.elpais.com\/brasil\/2019\/01\/08\/politica\/1546980554_464677.html\" target=\"_blank\" rel=\"noreferrer noopener\">conheceu campos de concentra\u00e7\u00e3o<\/a>&nbsp;(sim, esse foi inclusive o termo usado \u00e0 \u00e9poca) criados em cidades como Senador Pompeu, Ipu, Quixeramobim, Crato e Cari\u00fas, destinados a impedir que os flagelados da seca chegassem \u00e0 capital. Campos nos quais se confinavam milhares de retirantes e se morria em massa por descaso, omiss\u00e3o e indiferen\u00e7a. E vejam que coincid\u00eancia, o n\u00famero de mortes \u00e9 ainda hoje incerto (estimam-se s\u00f3 no Patu, em Senador Pompeu, at\u00e9 12.000 mortes sem certid\u00e3o de \u00f3bito e em vala coletiva). Ou seja, esse \u00e9 de fato o&nbsp;<em>modus operandi<\/em>&nbsp;das For\u00e7as Armadas.<\/p>\n\n\n\n<p>Contra a revolta de setores da sociedade diante de tal descaso, as For\u00e7as Armadas agora amea\u00e7am o pa\u00eds com um\u00a0<em>estado de defesa<\/em>, que suspenderia certas garantias institucionais, e que seria a forma efetiva de um autogolpe de Bolsonaro. No momento em que at\u00e9 tal carta \u00e9 colocada sobre a mesa, o pa\u00eds n\u00e3o pode mais ser leviano\u00a0<a rel=\"noreferrer noopener\" href=\"https:\/\/brasil.elpais.com\/brasil\/2021-01-16\/cresce-pressao-por-responsabilizar-bolsonaro-por-manaus-e-ideia-de-impeachment-comeca-a-ser-aventada.html?rel=mas\" target=\"_blank\">em rela\u00e7\u00e3o ao impeachment daquele que ocupa atualmente a presid\u00eancia<\/a>\u00a0da rep\u00fablica. H\u00e1 sob sua responsabilidade direta uma somat\u00f3ria de crimes de omiss\u00e3o, de responsabilidade, de incentivo a comportamento que resultaram em um verdadeiro genoc\u00eddio da popula\u00e7\u00e3o brasileira. Nenhum presidente da rep\u00fablica tem tantas raz\u00f5es para ser afastado, julgado e encarcerado quanto o senhor Jair Bolsonaro.<\/p>\n\n\n\n<p>H\u00e1 um ano, v\u00e1rios foram os que insistiram que a \u00fanica sa\u00edda seria o impeachment. Naquela ocasi\u00e3o, n\u00e3o faltaram os que disseram que clamar por um impeachment era colocar a pol\u00edtica \u00e0 frente das exig\u00eancias imediatas de gest\u00e3o. Disseram que era importante obrigar o Governo a atuar contra a pandemia, ao inv\u00e9s de dispersar for\u00e7as em um pedido de impeachment. A hist\u00f3ria demonstrou, no entanto, que n\u00e3o havia possibilidade alguma de levar Bolsonaro a gerir a pandemia. Ao contr\u00e1rio, ele&nbsp;<a href=\"https:\/\/brasil.elpais.com\/brasil\/2021-01-21\/pesquisa-revela-que-bolsonaro-executou-uma-estrategia-institucional-de-propagacao-do-virus.html\" target=\"_blank\" rel=\"noreferrer noopener\">n\u00e3o desprezou ocasi\u00e3o alguma<\/a>&nbsp;para colaborar efetivamente para a situa\u00e7\u00e3o na qual nos encontramos agora, com a popula\u00e7\u00e3o brasileira em estado de m\u00e1xima vulnerabilidade, insuflando a indiferen\u00e7a em rela\u00e7\u00e3o \u00e0 morte e \u00e0 aus\u00eancia de prote\u00e7\u00e3o efetiva por parte do Estado.<\/p>\n\n\n\n<p>Tudo isso demonstra como h\u00e1 de se lembrar, mais uma vez, que a \u00fanica sa\u00edda \u00e9 o impeachment. E \u00e0quelas e \u00e0queles que esqueceram, impeachment se conquista atrav\u00e9s da ocupa\u00e7\u00e3o das ruas e do bloqueio das atividades. Os que t\u00eam privil\u00e9gios ligados \u00e0 seguran\u00e7a fornecida pelo acesso a servi\u00e7os privados de sa\u00fade deveriam usar tal privil\u00e9gio e for\u00e7ar o fim deste Governo atrav\u00e9s da ocupa\u00e7\u00e3o das ruas. Essa \u00e9 a \u00fanica coisa realmente concreta que podemos fazer para defender o pa\u00eds contra a pandemia. E s\u00f3 a certeza da exist\u00eancia dessa for\u00e7a popular que far\u00e1 as For\u00e7as Armadas ocuparem seu \u00fanico e verdadeiro lugar: esse caracterizado pelo afastamento da vida pol\u00edtica nacional, o sil\u00eancio em rela\u00e7\u00e3o \u00e0 pol\u00edtica e o retorno aos quart\u00e9is. Um&nbsp;<a href=\"https:\/\/brasil.elpais.com\/brasil\/2020-06-11\/vice-hamilton-mourao-nao-vejo-hoje-no-pais-ameaca-a-nossa-democracia.html\" target=\"_blank\" rel=\"noreferrer noopener\">pretenso Governo Mour\u00e3o<\/a>, por ser fruto da press\u00e3o popular, j\u00e1 nasceria natimorto. Isso at\u00e9 que consigamos enfim uma sociedade que n\u00e3o precise mais de For\u00e7as Armadas, pois se defende a si mesma.<\/p>\n\n\n\n<p><em><strong>Vladimir Safatle<\/strong><\/em><em>&nbsp;\u00e9 professor titular do Departamento de Filosofia da Universidade de S\u00e3o Paulo.<\/em><\/p>\n","protected":false},"excerpt":{"rendered":"<p>Militares brasileiros est\u00e3o associados ao uso da for\u00e7a para o silenciamento das consequ\u00eancias da mis\u00e9ria e do descaso. Fazem isso mais uma vez na pandemia. Por isso, a \u00fanica sa\u00edda \u00e9 o impeachment.<\/p>\n","protected":false},"author":1,"featured_media":0,"comment_status":"closed","ping_status":"open","sticky":false,"template":"","format":"standard","meta":{"_exactmetrics_skip_tracking":false,"_exactmetrics_sitenote_active":false,"_exactmetrics_sitenote_note":"","_exactmetrics_sitenote_category":0,"jetpack_post_was_ever_published":false,"_jetpack_newsletter_access":"","_jetpack_dont_email_post_to_subs":false,"_jetpack_newsletter_tier_id":0,"_jetpack_memberships_contains_paywalled_content":false,"_jetpack_memberships_contains_paid_content":false,"footnotes":"","jetpack_publicize_message":"","jetpack_publicize_feature_enabled":true,"jetpack_social_post_already_shared":true,"jetpack_social_options":{"image_generator_settings":{"template":"highway","enabled":false},"version":2}},"categories":[1],"tags":[],"class_list":["post-30772","post","type-post","status-publish","format-standard","hentry","category-notas"],"jetpack_publicize_connections":[],"jetpack_sharing_enabled":true,"jetpack_featured_media_url":"","jetpack_shortlink":"https:\/\/wp.me\/p7wKYW-80k","jetpack-related-posts":[],"_links":{"self":[{"href":"http:\/\/blogdalucianaoliveira.com.br\/blog\/wp-json\/wp\/v2\/posts\/30772","targetHints":{"allow":["GET"]}}],"collection":[{"href":"http:\/\/blogdalucianaoliveira.com.br\/blog\/wp-json\/wp\/v2\/posts"}],"about":[{"href":"http:\/\/blogdalucianaoliveira.com.br\/blog\/wp-json\/wp\/v2\/types\/post"}],"author":[{"embeddable":true,"href":"http:\/\/blogdalucianaoliveira.com.br\/blog\/wp-json\/wp\/v2\/users\/1"}],"replies":[{"embeddable":true,"href":"http:\/\/blogdalucianaoliveira.com.br\/blog\/wp-json\/wp\/v2\/comments?post=30772"}],"version-history":[{"count":1,"href":"http:\/\/blogdalucianaoliveira.com.br\/blog\/wp-json\/wp\/v2\/posts\/30772\/revisions"}],"predecessor-version":[{"id":30774,"href":"http:\/\/blogdalucianaoliveira.com.br\/blog\/wp-json\/wp\/v2\/posts\/30772\/revisions\/30774"}],"wp:attachment":[{"href":"http:\/\/blogdalucianaoliveira.com.br\/blog\/wp-json\/wp\/v2\/media?parent=30772"}],"wp:term":[{"taxonomy":"category","embeddable":true,"href":"http:\/\/blogdalucianaoliveira.com.br\/blog\/wp-json\/wp\/v2\/categories?post=30772"},{"taxonomy":"post_tag","embeddable":true,"href":"http:\/\/blogdalucianaoliveira.com.br\/blog\/wp-json\/wp\/v2\/tags?post=30772"}],"curies":[{"name":"wp","href":"https:\/\/api.w.org\/{rel}","templated":true}]}}