{"id":30788,"date":"2021-01-29T08:26:06","date_gmt":"2021-01-29T12:26:06","guid":{"rendered":"http:\/\/blogdalucianaoliveira.com.br\/blog\/?p=30788"},"modified":"2021-01-29T08:26:10","modified_gmt":"2021-01-29T12:26:10","slug":"associacao-aponta-que-175-pessoas-transexuais-foram-mortas-no-brasil-em-2020-e-denuncia-subnotificacao","status":"publish","type":"post","link":"http:\/\/blogdalucianaoliveira.com.br\/blog\/2021\/01\/29\/associacao-aponta-que-175-pessoas-transexuais-foram-mortas-no-brasil-em-2020-e-denuncia-subnotificacao\/","title":{"rendered":"Associa\u00e7\u00e3o aponta que 175 pessoas transexuais foram mortas no Brasil em 2020 e denuncia subnotifica\u00e7\u00e3o"},"content":{"rendered":"\n<figure class=\"wp-block-image size-large\"><img data-recalc-dims=\"1\" loading=\"lazy\" decoding=\"async\" width=\"600\" height=\"410\" data-attachment-id=\"30790\" data-permalink=\"http:\/\/blogdalucianaoliveira.com.br\/blog\/2021\/01\/29\/associacao-aponta-que-175-pessoas-transexuais-foram-mortas-no-brasil-em-2020-e-denuncia-subnotificacao\/9301eea9-5bab-4a5c-8b5e-6115cc7d2696\/\" data-orig-file=\"https:\/\/i0.wp.com\/blogdalucianaoliveira.com.br\/blog\/wp-content\/uploads\/2021\/01\/9301EEA9-5BAB-4A5C-8B5E-6115CC7D2696.jpeg?fit=984%2C672\" data-orig-size=\"984,672\" data-comments-opened=\"0\" data-image-meta=\"{&quot;aperture&quot;:&quot;0&quot;,&quot;credit&quot;:&quot;&quot;,&quot;camera&quot;:&quot;&quot;,&quot;caption&quot;:&quot;&quot;,&quot;created_timestamp&quot;:&quot;0&quot;,&quot;copyright&quot;:&quot;&quot;,&quot;focal_length&quot;:&quot;0&quot;,&quot;iso&quot;:&quot;0&quot;,&quot;shutter_speed&quot;:&quot;0&quot;,&quot;title&quot;:&quot;&quot;,&quot;orientation&quot;:&quot;0&quot;}\" data-image-title=\"9301EEA9-5BAB-4A5C-8B5E-6115CC7D2696\" data-image-description=\"\" data-image-caption=\"\" data-medium-file=\"https:\/\/i0.wp.com\/blogdalucianaoliveira.com.br\/blog\/wp-content\/uploads\/2021\/01\/9301EEA9-5BAB-4A5C-8B5E-6115CC7D2696.jpeg?fit=300%2C205\" data-large-file=\"https:\/\/i0.wp.com\/blogdalucianaoliveira.com.br\/blog\/wp-content\/uploads\/2021\/01\/9301EEA9-5BAB-4A5C-8B5E-6115CC7D2696.jpeg?fit=600%2C410\" src=\"https:\/\/i0.wp.com\/blogdalucianaoliveira.com.br\/blog\/wp-content\/uploads\/2021\/01\/9301EEA9-5BAB-4A5C-8B5E-6115CC7D2696.jpeg?resize=600%2C410\" alt=\"\" class=\"wp-image-30790\" srcset=\"https:\/\/i0.wp.com\/blogdalucianaoliveira.com.br\/blog\/wp-content\/uploads\/2021\/01\/9301EEA9-5BAB-4A5C-8B5E-6115CC7D2696.jpeg?w=984 984w, https:\/\/i0.wp.com\/blogdalucianaoliveira.com.br\/blog\/wp-content\/uploads\/2021\/01\/9301EEA9-5BAB-4A5C-8B5E-6115CC7D2696.jpeg?resize=300%2C205 300w, https:\/\/i0.wp.com\/blogdalucianaoliveira.com.br\/blog\/wp-content\/uploads\/2021\/01\/9301EEA9-5BAB-4A5C-8B5E-6115CC7D2696.jpeg?resize=768%2C524 768w, https:\/\/i0.wp.com\/blogdalucianaoliveira.com.br\/blog\/wp-content\/uploads\/2021\/01\/9301EEA9-5BAB-4A5C-8B5E-6115CC7D2696.jpeg?resize=439%2C300 439w\" sizes=\"auto, (max-width: 600px) 100vw, 600px\" \/><\/figure>\n\n\n\n<h4 class=\"wp-block-heading\">Todas as v\u00edtimas eram mulheres trans\/travestis. Por falta de dados oficiais, casos foram contabilizados a partir de reportagens e relatos de organiza\u00e7\u00f5es LGBTQIA+.<\/h4>\n\n\n\n<!--more-->\n\n\n\n<p>Por Luciana de Oliveira, G1<\/p>\n\n\n\n<p>O Brasil teve&nbsp;175 assassinatos de pessoas transexuais em 2020, segundo relat\u00f3rio anual da Associa\u00e7\u00e3o Nacional de Travestis e Transexuais do Brasil (Antra), o que equivaleria a&nbsp;uma morte a cada 2 dias.&nbsp;<\/p>\n\n\n\n<p>Todas as v\u00edtimas eram mulheres trans\/travestis&nbsp;e este foi o&nbsp;recorde para o g\u00eanero&nbsp;desde que a organiza\u00e7\u00e3o come\u00e7ou a divulgar o&nbsp;<a href=\"https:\/\/antrabrasil.files.wordpress.com\/2021\/01\/dossie-trans-2021-29jan2021.pdf\" target=\"_blank\" rel=\"noreferrer noopener\">dossi\u00ea<\/a>, em 2018, sempre em 29 de janeiro, que \u00e9 o Dia Nacional da Visibilidade Trans.&nbsp;<\/p>\n\n\n\n<blockquote class=\"wp-block-quote is-layout-flow wp-block-quote-is-layout-flow\"><p>Em sua maioria, as v\u00edtimas eram negras, pobres e trabalhavam como prostitutas nas ruas.<\/p><\/blockquote>\n\n\n\n<p>O Brasil mant\u00e9m a posi\u00e7\u00e3o de&nbsp;<strong>pa\u00eds que mais mata transexuais no mundo<\/strong>, atr\u00e1s de M\u00e9xico e Estados Unidos, segundo a ONG Transgender Europe (TGEU), que monitora 71 pa\u00edses. O relat\u00f3rio da Antra segue a metodologia dessa organiza\u00e7\u00e3o europeia.&nbsp;<\/p>\n\n\n\n<p>Os casos s\u00e3o contabilizados a partir de reportagens e relatos de organiza\u00e7\u00f5es LGBTQIA+. A associa\u00e7\u00e3o denuncia que&nbsp;n\u00e3o existem dados oficiais&nbsp;e, por isso, entende que os n\u00fameros de assassinatos podem ser ainda maiores.&nbsp;<\/p>\n\n\n\n<p>A Antra tamb\u00e9m afirma que n\u00e3o h\u00e1 vontade do poder p\u00fablico de realizar o levantamento, o que leva \u00e0 subnotifica\u00e7\u00e3o desses crimes. &#8220;N\u00e3o querer levantar esses dados \u00e9 uma face da LGBTIfobia institucional&#8221;, diz o relat\u00f3rio.&nbsp;<\/p>\n\n\n\n<p>A subnotifica\u00e7\u00e3o tamb\u00e9m acontece porque, segundo a organiza\u00e7\u00e3o,\u00a0faltam campos para anota\u00e7\u00e3o de orienta\u00e7\u00e3o sexual e\/ou identidade de g\u00eanero nos formul\u00e1rios de atendimento nas \u00e1reas de seguran\u00e7a e de sa\u00fade,\u00a0ou seu correto preenchimento.<\/p>\n\n\n\n<p>Al\u00e9m disso, pessoas trans n\u00e3o se sentem \u00e0 vontade para denunciar a viol\u00eancia que testemunham e, quando o fazem, n\u00e3o recebem tratamento adequado, diz o dossi\u00ea.&nbsp;<\/p>\n\n\n\n<figure class=\"wp-block-image\"><img data-recalc-dims=\"1\" decoding=\"async\" src=\"https:\/\/i0.wp.com\/s2.glbimg.com\/3jmAHLQbG1o1j59YCRhF-i15_hs%3D\/0x0%3A650x1033\/984x0\/smart\/filters%3Astrip_icc%28%29\/i.s3.glbimg.com\/v1\/AUTH_59edd422c0c84a879bd37670ae4f538a\/internal_photos\/bs\/2021\/R\/q\/I5orpsQHA0U7cVZJ5Ntg\/violencia-trans-1-.jpg?w=600&#038;ssl=1\" alt=\"Maioria das trans assassinadas s\u00e3o negras, prostitutas e s\u00e3o mortas em espa\u00e7os p\u00fablicos, com requintes de crueldade \u2014 Foto: Anderson Cattai\/G1\"\/><\/figure>\n\n\n\n<p>Maioria das trans assassinadas s\u00e3o negras, prostitutas e s\u00e3o mortas em espa\u00e7os p\u00fablicos, com requintes de crueldade \u2014 Foto: Anderson Cattai\/G1&nbsp;<\/p>\n\n\n\n<p><strong>Outros pontos do dossi\u00ea:<\/strong><\/p>\n\n\n\n<ul class=\"wp-block-list\"><li>N\u00e3o foram reportados assassinatos de homens trans em 2020.<\/li><li>Al\u00e9m das v\u00edtimas que tinham entre 15 e 29 anos (56%), outras&nbsp;28,4% tinham entre 30 e 39 anos;&nbsp;7,3%, entre 40 e 49 anos, e&nbsp;8,3%, entre 50 e 59 anos. N\u00e3o foram encontrados casos de pessoas com mais de 60 anos. N\u00e3o foi poss\u00edvel saber a idade de 66 v\u00edtimas.<\/li><li>Pelo menos&nbsp;8 v\u00edtimas&nbsp;se encontravam&nbsp;em situa\u00e7\u00e3o de rua.<\/li><li>Em 47% dos crimes, golpes e\/ou tiros atingiram principalmente partes espec\u00edficas do corpo&nbsp;como rosto\/cabe\u00e7a, seios e genital.<\/li><li>Em 24% os meios foram espancamento, apedrejamento, asfixia e\/ou estrangulamento&nbsp;&#8211; as mortes por esses tipos de viol\u00eancia cresceram.<\/li><li>Em 8% foram&nbsp;usados outros meios, como&nbsp;pauladas, degolamento e fogo.&nbsp;<\/li><li>Em 16% dos assassinatos foi usado mais de um m\u00e9todo de viol\u00eancia. Em 24 casos, o meio utilizado para cometer o crime n\u00e3o foi informado.<\/li><li>Em quase metade dos crimes n\u00e3o havia informa\u00e7\u00f5es sobre o suspeito.&nbsp;<\/li><li>Dos 38 suspeitos foram identificados, a idade variava entre 16 e 60 anos;&nbsp;46,5% eram homens, 4,5% mulheres (cis e trans).<\/li><\/ul>\n\n\n\n<h2 class=\"wp-block-heading\">S\u00e3o Paulo e Cear\u00e1 lideram<\/h2>\n\n\n\n<p>Em 2020, houve&nbsp;aumento de casos em 11 estados, na compara\u00e7\u00e3o com 2019, de acordo com a Antra. A maior parte dos crimes foi reportada nas regi\u00f5es Nordeste e Sudeste.&nbsp;<\/p>\n\n\n\n<h1 class=\"wp-block-heading\">Assassinatos de transexuais em 2020 no Brasil<\/h1>\n\n\n\n<figure class=\"wp-block-image size-large\"><img data-recalc-dims=\"1\" loading=\"lazy\" decoding=\"async\" width=\"600\" height=\"664\" data-attachment-id=\"30789\" data-permalink=\"http:\/\/blogdalucianaoliveira.com.br\/blog\/2021\/01\/29\/associacao-aponta-que-175-pessoas-transexuais-foram-mortas-no-brasil-em-2020-e-denuncia-subnotificacao\/a1da09c4-be50-454f-8dce-1ca0a455a9b8\/\" data-orig-file=\"https:\/\/i0.wp.com\/blogdalucianaoliveira.com.br\/blog\/wp-content\/uploads\/2021\/01\/A1DA09C4-BE50-454F-8DCE-1CA0A455A9B8.jpeg?fit=828%2C916\" data-orig-size=\"828,916\" data-comments-opened=\"0\" data-image-meta=\"{&quot;aperture&quot;:&quot;0&quot;,&quot;credit&quot;:&quot;&quot;,&quot;camera&quot;:&quot;&quot;,&quot;caption&quot;:&quot;&quot;,&quot;created_timestamp&quot;:&quot;0&quot;,&quot;copyright&quot;:&quot;&quot;,&quot;focal_length&quot;:&quot;0&quot;,&quot;iso&quot;:&quot;0&quot;,&quot;shutter_speed&quot;:&quot;0&quot;,&quot;title&quot;:&quot;&quot;,&quot;orientation&quot;:&quot;1&quot;}\" data-image-title=\"A1DA09C4-BE50-454F-8DCE-1CA0A455A9B8\" data-image-description=\"\" data-image-caption=\"\" data-medium-file=\"https:\/\/i0.wp.com\/blogdalucianaoliveira.com.br\/blog\/wp-content\/uploads\/2021\/01\/A1DA09C4-BE50-454F-8DCE-1CA0A455A9B8.jpeg?fit=271%2C300\" data-large-file=\"https:\/\/i0.wp.com\/blogdalucianaoliveira.com.br\/blog\/wp-content\/uploads\/2021\/01\/A1DA09C4-BE50-454F-8DCE-1CA0A455A9B8.jpeg?fit=600%2C664\" src=\"https:\/\/i0.wp.com\/blogdalucianaoliveira.com.br\/blog\/wp-content\/uploads\/2021\/01\/A1DA09C4-BE50-454F-8DCE-1CA0A455A9B8.jpeg?resize=600%2C664\" alt=\"\" class=\"wp-image-30789\" srcset=\"https:\/\/i0.wp.com\/blogdalucianaoliveira.com.br\/blog\/wp-content\/uploads\/2021\/01\/A1DA09C4-BE50-454F-8DCE-1CA0A455A9B8.jpeg?w=828 828w, https:\/\/i0.wp.com\/blogdalucianaoliveira.com.br\/blog\/wp-content\/uploads\/2021\/01\/A1DA09C4-BE50-454F-8DCE-1CA0A455A9B8.jpeg?resize=271%2C300 271w, https:\/\/i0.wp.com\/blogdalucianaoliveira.com.br\/blog\/wp-content\/uploads\/2021\/01\/A1DA09C4-BE50-454F-8DCE-1CA0A455A9B8.jpeg?resize=768%2C850 768w\" sizes=\"auto, (max-width: 600px) 100vw, 600px\" \/><\/figure>\n\n\n\n<p>S\u00e3o Paulo segue na lideran\u00e7a&nbsp;dos assassinatos de pessoas trans, com 29 casos em 2020, um aumento de 38% em rela\u00e7\u00e3o a 2019, o segundo consecutivo no dossi\u00ea.&nbsp;<\/p>\n\n\n\n<p>O&nbsp;Cear\u00e1 tamb\u00e9m se manteve na segunda posi\u00e7\u00e3o, com 22 mortes, o dobro do ano anterior.&nbsp;<\/p>\n\n\n\n<p>Foram reportados assassinatos em 3 localidades onde n\u00e3o houve relatos em 2019: no Acre, em Santa Catarina e no Distrito Federal. O \u00fanico estado sem registros no ano foi o Amap\u00e1, que tamb\u00e9m n\u00e3o teve relatos no ano anterior.&nbsp;<\/p>\n\n\n\n<blockquote class=\"wp-block-quote is-layout-flow wp-block-quote-is-layout-flow\"><p>\u201cEla n\u00e3o tinha maldade com nada. Foi para S\u00e3o Paulo para realizar os sonhos dela, para dar uma vida melhor pra m\u00e3e dela&#8221;, disse Lucas Magalh\u00e3es, cunhado da cearense&nbsp;<a href=\"https:\/\/g1.globo.com\/ce\/ceara\/noticia\/2020\/02\/16\/transexual-foi-morta-3-dias-antes-de-retornar-ao-ceara-para-visitar-familiares-ela-veio-mas-veio-morta-lamenta-amiga.ghtml\">Karina Silva<\/a>, 22 anos, morta a facadas em parque de S\u00e3o Paulo, em fevereiro.<\/p><\/blockquote>\n\n\n\n<figure class=\"wp-block-image\"><img data-recalc-dims=\"1\" decoding=\"async\" src=\"https:\/\/i0.wp.com\/s2.glbimg.com\/5iI_HjsxoKb-qlKeHhHJRQX_BEM%3D\/0x86%3A343x321\/984x0\/smart\/filters%3Astrip_icc%28%29\/i.s3.glbimg.com\/v1\/AUTH_59edd422c0c84a879bd37670ae4f538a\/internal_photos\/bs\/2020\/6\/8\/0MGBk7RxAbwtmNg87azQ\/trans-morta.jpg?w=600&#038;ssl=1\" alt=\"Transexual foi encontrada morta na regi\u00e3o do Parque do Carmo, na Zona Leste de S\u00e3o Paulo \u2014 Foto: Reprodu\u00e7\u00e3o\/Arquivo Pessoal\"\/><\/figure>\n\n\n\n<p>Transexual foi encontrada morta na regi\u00e3o do Parque do Carmo, na Zona Leste de S\u00e3o Paulo \u2014 Foto: Reprodu\u00e7\u00e3o\/Arquivo Pessoal&nbsp;<\/p>\n\n\n\n<p>Relembre outros casos de 2020 reportados no&nbsp;<strong>G1<\/strong>:&nbsp;<\/p>\n\n\n\n<ul class=\"wp-block-list\"><li><a href=\"https:\/\/g1.globo.com\/ce\/ceara\/noticia\/2020\/02\/14\/corpo-de-travesti-e-encontrado-acorrentada-em-cachoeira-no-interior-do-ceara.ghtml\">CE: Monike Chagas, acorrentada a cachoeira<\/a><\/li><li><a href=\"https:\/\/g1.globo.com\/df\/distrito-federal\/noticia\/2020\/12\/11\/mulher-trans-e-morta-apos-se-negar-a-dividir-lanche-com-sem-teto-no-df.ghtml\">DF: Juliana da Cruz Costa, morta por causa de lanche<\/a><\/li><li><a href=\"https:\/\/g1.globo.com\/rj\/regiao-dos-lagos\/noticia\/2020\/06\/15\/transexual-e-morta-a-pauladas-em-marica-no-rj.ghtml\">RJ: M\u00e1rcia Shokenna Bastos, morta a pauladas<\/a><\/li><li><a href=\"https:\/\/g1.globo.com\/sc\/santa-catarina\/noticia\/2020\/02\/24\/mulher-trans-esfaqueada-em-florianopolis-morre-no-hospital.ghtml\">SC: Isabelle Colstt e Bruna Andrade, amigas mortas a facadas<\/a><\/li><li><a href=\"https:\/\/g1.globo.com\/sp\/sao-paulo\/noticia\/2020\/09\/04\/transexual-de-27-anos-e-morta-a-facadas-e-jogada-do-7o-andar-de-predio-no-centro-de-sp.ghtml\">SP: Chiara Duarte, morta e jogada de pr\u00e9dio<\/a><\/li><\/ul>\n\n\n\n<p>A Antra tamb\u00e9m contabilizou\u00a077 tentativas de homic\u00eddio\u00a0contra a popula\u00e7\u00e3o trans no ano passado.<\/p>\n\n\n\n<h2 class=\"wp-block-heading\">Viol\u00eancia na pandemia<\/h2>\n\n\n\n<p>A associa\u00e7\u00e3o entende que a&nbsp;pandemia contribuiu para o aumento da viol\u00eancia&nbsp;de duas formas. Primeiro porque as&nbsp;transexuais que vivem da prostitui\u00e7\u00e3o&nbsp;(90%, segundo a Antra)&nbsp;tiveram que continuar trabalhando&nbsp;nas ruas.&nbsp;<\/p>\n\n\n\n<blockquote class=\"wp-block-quote is-layout-flow wp-block-quote-is-layout-flow\"><p>&#8220;Nossas pesquisas estimam que cerca de 70% da popula\u00e7\u00e3o de travestis e mulheres transexuais n\u00e3o conseguiu acesso \u00e0s pol\u00edticas emergenciais do Estado, devido \u00e0 precariza\u00e7\u00e3o hist\u00f3rica de suas vidas, chegando a ter perda significativa em suas rendas&#8221;, diz o relat\u00f3rio.&nbsp;<\/p><\/blockquote>\n\n\n\n<p>E&nbsp;quem fez o isolamento social se viu exposta \u00e0 viol\u00eancia dom\u00e9stica, &#8220;muito em fun\u00e7\u00e3o de essas pessoas terem que ficar em&nbsp;quarentena junto de seus algozes&nbsp;e de alguns&nbsp;familiaresque optam por serem&nbsp;intolerantes&#8221;, complementa a Antra.&nbsp;<\/p>\n\n\n\n<p>A publica\u00e7\u00e3o \u00e9 coordenada por Bruna Benevides, secret\u00e1ria de articula\u00e7\u00e3o pol\u00edtica da Antra, e Sayonara Nogueira, vice-presidente do Instituto Brasileiro Trans de Educa\u00e7\u00e3o (IBTE). Ambas mulheres trans.&nbsp;<\/p>\n\n\n\n<p>Para elas, a falta de dados oficiais refor\u00e7a que os estados &#8220;n\u00e3o est\u00e3o interessados em enfrentar o problema da LGBTIfobia, seja ela institucional ou n\u00e3o&#8221;. Havia a expectativa de que isso mudasse com a&nbsp;<a href=\"https:\/\/g1.globo.com\/politica\/noticia\/2019\/06\/13\/stf-permite-criminalizacao-da-homofobia-e-da-transfobia.ghtml\">criminaliza\u00e7\u00e3o da homofobia e da transfobia<\/a>&nbsp;pelo Supremo Tribunal Federal (STF), em 2019.&nbsp;<\/p>\n\n\n\n<p><\/p>\n","protected":false},"excerpt":{"rendered":"<p>Todas as v\u00edtimas eram mulheres trans\/travestis. Por falta de dados oficiais, casos foram contabilizados a partir de reportagens e relatos de organiza\u00e7\u00f5es LGBTQIA+.<\/p>\n","protected":false},"author":1,"featured_media":0,"comment_status":"closed","ping_status":"open","sticky":false,"template":"","format":"standard","meta":{"_exactmetrics_skip_tracking":false,"_exactmetrics_sitenote_active":false,"_exactmetrics_sitenote_note":"","_exactmetrics_sitenote_category":0,"jetpack_post_was_ever_published":false,"_jetpack_newsletter_access":"","_jetpack_dont_email_post_to_subs":false,"_jetpack_newsletter_tier_id":0,"_jetpack_memberships_contains_paywalled_content":false,"_jetpack_memberships_contains_paid_content":false,"footnotes":"","jetpack_publicize_message":"","jetpack_publicize_feature_enabled":true,"jetpack_social_post_already_shared":true,"jetpack_social_options":{"image_generator_settings":{"template":"highway","enabled":false},"version":2}},"categories":[1],"tags":[],"class_list":["post-30788","post","type-post","status-publish","format-standard","hentry","category-notas"],"jetpack_publicize_connections":[],"jetpack_sharing_enabled":true,"jetpack_featured_media_url":"","jetpack_shortlink":"https:\/\/wp.me\/p7wKYW-80A","jetpack-related-posts":[],"_links":{"self":[{"href":"http:\/\/blogdalucianaoliveira.com.br\/blog\/wp-json\/wp\/v2\/posts\/30788","targetHints":{"allow":["GET"]}}],"collection":[{"href":"http:\/\/blogdalucianaoliveira.com.br\/blog\/wp-json\/wp\/v2\/posts"}],"about":[{"href":"http:\/\/blogdalucianaoliveira.com.br\/blog\/wp-json\/wp\/v2\/types\/post"}],"author":[{"embeddable":true,"href":"http:\/\/blogdalucianaoliveira.com.br\/blog\/wp-json\/wp\/v2\/users\/1"}],"replies":[{"embeddable":true,"href":"http:\/\/blogdalucianaoliveira.com.br\/blog\/wp-json\/wp\/v2\/comments?post=30788"}],"version-history":[{"count":1,"href":"http:\/\/blogdalucianaoliveira.com.br\/blog\/wp-json\/wp\/v2\/posts\/30788\/revisions"}],"predecessor-version":[{"id":30791,"href":"http:\/\/blogdalucianaoliveira.com.br\/blog\/wp-json\/wp\/v2\/posts\/30788\/revisions\/30791"}],"wp:attachment":[{"href":"http:\/\/blogdalucianaoliveira.com.br\/blog\/wp-json\/wp\/v2\/media?parent=30788"}],"wp:term":[{"taxonomy":"category","embeddable":true,"href":"http:\/\/blogdalucianaoliveira.com.br\/blog\/wp-json\/wp\/v2\/categories?post=30788"},{"taxonomy":"post_tag","embeddable":true,"href":"http:\/\/blogdalucianaoliveira.com.br\/blog\/wp-json\/wp\/v2\/tags?post=30788"}],"curies":[{"name":"wp","href":"https:\/\/api.w.org\/{rel}","templated":true}]}}