{"id":30792,"date":"2021-01-29T12:37:25","date_gmt":"2021-01-29T16:37:25","guid":{"rendered":"http:\/\/blogdalucianaoliveira.com.br\/blog\/?p=30792"},"modified":"2021-01-29T12:37:31","modified_gmt":"2021-01-29T16:37:31","slug":"sindicato-medico-faz-duras-criticas-ao-governo-do-estado-por-ma-gestao-da-pandemia","status":"publish","type":"post","link":"http:\/\/blogdalucianaoliveira.com.br\/blog\/2021\/01\/29\/sindicato-medico-faz-duras-criticas-ao-governo-do-estado-por-ma-gestao-da-pandemia\/","title":{"rendered":"Sindicato M\u00e9dico faz duras cr\u00edticas ao governo do estado por m\u00e1 gest\u00e3o da pandemia"},"content":{"rendered":"\n<figure class=\"wp-block-image size-large\"><img data-recalc-dims=\"1\" loading=\"lazy\" decoding=\"async\" width=\"600\" height=\"423\" data-attachment-id=\"30793\" data-permalink=\"http:\/\/blogdalucianaoliveira.com.br\/blog\/2021\/01\/29\/sindicato-medico-faz-duras-criticas-ao-governo-do-estado-por-ma-gestao-da-pandemia\/336e9660-aba6-4826-9c9b-5a24958b54e8\/\" data-orig-file=\"https:\/\/i0.wp.com\/blogdalucianaoliveira.com.br\/blog\/wp-content\/uploads\/2021\/01\/336E9660-ABA6-4826-9C9B-5A24958B54E8.jpeg?fit=696%2C491\" data-orig-size=\"696,491\" data-comments-opened=\"0\" data-image-meta=\"{&quot;aperture&quot;:&quot;0&quot;,&quot;credit&quot;:&quot;&quot;,&quot;camera&quot;:&quot;&quot;,&quot;caption&quot;:&quot;&quot;,&quot;created_timestamp&quot;:&quot;0&quot;,&quot;copyright&quot;:&quot;&quot;,&quot;focal_length&quot;:&quot;0&quot;,&quot;iso&quot;:&quot;0&quot;,&quot;shutter_speed&quot;:&quot;0&quot;,&quot;title&quot;:&quot;&quot;,&quot;orientation&quot;:&quot;1&quot;}\" data-image-title=\"336E9660-ABA6-4826-9C9B-5A24958B54E8\" data-image-description=\"\" data-image-caption=\"\" data-medium-file=\"https:\/\/i0.wp.com\/blogdalucianaoliveira.com.br\/blog\/wp-content\/uploads\/2021\/01\/336E9660-ABA6-4826-9C9B-5A24958B54E8.jpeg?fit=300%2C212\" data-large-file=\"https:\/\/i0.wp.com\/blogdalucianaoliveira.com.br\/blog\/wp-content\/uploads\/2021\/01\/336E9660-ABA6-4826-9C9B-5A24958B54E8.jpeg?fit=600%2C423\" src=\"https:\/\/i0.wp.com\/blogdalucianaoliveira.com.br\/blog\/wp-content\/uploads\/2021\/01\/336E9660-ABA6-4826-9C9B-5A24958B54E8.jpeg?resize=600%2C423\" alt=\"\" class=\"wp-image-30793\" srcset=\"https:\/\/i0.wp.com\/blogdalucianaoliveira.com.br\/blog\/wp-content\/uploads\/2021\/01\/336E9660-ABA6-4826-9C9B-5A24958B54E8.jpeg?w=696 696w, https:\/\/i0.wp.com\/blogdalucianaoliveira.com.br\/blog\/wp-content\/uploads\/2021\/01\/336E9660-ABA6-4826-9C9B-5A24958B54E8.jpeg?resize=300%2C212 300w, https:\/\/i0.wp.com\/blogdalucianaoliveira.com.br\/blog\/wp-content\/uploads\/2021\/01\/336E9660-ABA6-4826-9C9B-5A24958B54E8.jpeg?resize=425%2C300 425w\" sizes=\"auto, (max-width: 600px) 100vw, 600px\" \/><\/figure>\n\n\n\n<p><strong>NOTA P\u00daBLICA &#8211; SIMERO<\/strong><\/p>\n\n\n\n<!--more-->\n\n\n\n<p>Muitas vezes, acha-se que toda e qualquer a\u00e7\u00e3o na tentativa de &#8220;ajudar&#8221; deve ser comemorada. Por\u00e9m, n\u00e3o \u00e9 bem assim no caso da sa\u00fade. Transferir pacientes Brasil \u00e0 fora, a custos alt\u00edssimos para a na\u00e7\u00e3o, sem contar o transtorno impag\u00e1vel aos pacientes e familiares, al\u00e9m do estado acabar exportando doentes de Covid-19 para outras federa\u00e7\u00f5es, causa muitas inseguran\u00e7as aos pacientes e familiares.<\/p>\n\n\n\n<p>N\u00e3o h\u00e1 d\u00favidas de que haveria outros recursos eficientes que evitariam tais transtornos, como por exemplo, a contrata\u00e7\u00e3o de leitos de UTI junto ao Hospital do Amor e na rede privada, como aconteceu na quarta-feira (27), \u00e0s pressas pela Secretaria Estadual de Sa\u00fade (Sesau). Ou seja, \u00e9 prova de que h\u00e1 outros meios mais seguros.<\/p>\n\n\n\n<p>Em uma demonstra\u00e7\u00e3o de gest\u00e3o deficiente da sa\u00fade, desespero e da pandemia que j\u00e1 fez anivers\u00e1rio, o governo do estado demonstra sua inabilidade no planejamento para o enfrentamento desta terr\u00edvel doen\u00e7a (Covid-19). Come\u00e7ando pela falta de capacidade em gerir com rigor e tempestivamente medidas de fiscaliza\u00e7\u00e3o social, terminando por n\u00e3o conseguir criar vagas suficientes de UTIs.<\/p>\n\n\n\n<p>O governo estadual parece que queimou milh\u00f5es que deveriam ser gastos nesta pandemia, sem um planejamento eficaz. Foi Incapaz de honrar seus compromissos com simples verbas rescis\u00f3rias dos servidores emergenciais da sa\u00fade, que foram contratados em 2020, quando foram sum\u00e1ria e precocemente demitidos h\u00e1 cerca de tr\u00eas meses.<\/p>\n\n\n\n<p>O governo do coronel agora det\u00e9m descr\u00e9dito e desconfian\u00e7a da classe, n\u00e3o conseguindo recontrat\u00e1-los, sobrecarregando equipes de m\u00e9dicos j\u00e1 exauridos nas linhas de frente de combate \u00e0 Covid-19, muitos sem receber insalubridade, deixando \u00e0 popula\u00e7\u00e3o desassistida e em p\u00e2nico.<\/p>\n\n\n\n<p>Com isto, por not\u00f3ria falha de gest\u00e3o, imp\u00f4s a contrata\u00e7\u00e3o a alt\u00edssimo custo de equipes inteiras de outros estados, criando mais gastos de dinheiro p\u00fablico. Repercute, ainda, a not\u00f3ria falta de entrosamento entre estado (Sesau) e munic\u00edpio de Porto Velho, situa\u00e7\u00e3o em que as pastas parecem remar para lados opostos, deixando a popula\u00e7\u00e3o \u00e0 deriva. Onde chegaremos com tantos desencontros?<\/p>\n\n\n\n<p>Rond\u00f4nia \u00e9 um estado forte e assim deve se mostrar \u00e0 na\u00e7\u00e3o.<\/p>\n","protected":false},"excerpt":{"rendered":"<p>NOTA P\u00daBLICA &#8211; SIMERO<\/p>\n","protected":false},"author":1,"featured_media":0,"comment_status":"closed","ping_status":"open","sticky":false,"template":"","format":"standard","meta":{"_exactmetrics_skip_tracking":false,"_exactmetrics_sitenote_active":false,"_exactmetrics_sitenote_note":"","_exactmetrics_sitenote_category":0,"jetpack_post_was_ever_published":false,"_jetpack_newsletter_access":"","_jetpack_dont_email_post_to_subs":false,"_jetpack_newsletter_tier_id":0,"_jetpack_memberships_contains_paywalled_content":false,"_jetpack_memberships_contains_paid_content":false,"footnotes":"","jetpack_publicize_message":"","jetpack_publicize_feature_enabled":true,"jetpack_social_post_already_shared":true,"jetpack_social_options":{"image_generator_settings":{"template":"highway","enabled":false},"version":2}},"categories":[1],"tags":[],"class_list":["post-30792","post","type-post","status-publish","format-standard","hentry","category-notas"],"jetpack_publicize_connections":[],"jetpack_sharing_enabled":true,"jetpack_featured_media_url":"","jetpack_shortlink":"https:\/\/wp.me\/p7wKYW-80E","jetpack-related-posts":[],"_links":{"self":[{"href":"http:\/\/blogdalucianaoliveira.com.br\/blog\/wp-json\/wp\/v2\/posts\/30792","targetHints":{"allow":["GET"]}}],"collection":[{"href":"http:\/\/blogdalucianaoliveira.com.br\/blog\/wp-json\/wp\/v2\/posts"}],"about":[{"href":"http:\/\/blogdalucianaoliveira.com.br\/blog\/wp-json\/wp\/v2\/types\/post"}],"author":[{"embeddable":true,"href":"http:\/\/blogdalucianaoliveira.com.br\/blog\/wp-json\/wp\/v2\/users\/1"}],"replies":[{"embeddable":true,"href":"http:\/\/blogdalucianaoliveira.com.br\/blog\/wp-json\/wp\/v2\/comments?post=30792"}],"version-history":[{"count":1,"href":"http:\/\/blogdalucianaoliveira.com.br\/blog\/wp-json\/wp\/v2\/posts\/30792\/revisions"}],"predecessor-version":[{"id":30794,"href":"http:\/\/blogdalucianaoliveira.com.br\/blog\/wp-json\/wp\/v2\/posts\/30792\/revisions\/30794"}],"wp:attachment":[{"href":"http:\/\/blogdalucianaoliveira.com.br\/blog\/wp-json\/wp\/v2\/media?parent=30792"}],"wp:term":[{"taxonomy":"category","embeddable":true,"href":"http:\/\/blogdalucianaoliveira.com.br\/blog\/wp-json\/wp\/v2\/categories?post=30792"},{"taxonomy":"post_tag","embeddable":true,"href":"http:\/\/blogdalucianaoliveira.com.br\/blog\/wp-json\/wp\/v2\/tags?post=30792"}],"curies":[{"name":"wp","href":"https:\/\/api.w.org\/{rel}","templated":true}]}}