{"id":30795,"date":"2021-01-29T12:46:30","date_gmt":"2021-01-29T16:46:30","guid":{"rendered":"http:\/\/blogdalucianaoliveira.com.br\/blog\/?p=30795"},"modified":"2021-01-29T12:46:37","modified_gmt":"2021-01-29T16:46:37","slug":"veja-as-mensagens-obtidas-por-lula-que-mostram-condutas-ilegais-de-moro-e-dallagnol","status":"publish","type":"post","link":"http:\/\/blogdalucianaoliveira.com.br\/blog\/2021\/01\/29\/veja-as-mensagens-obtidas-por-lula-que-mostram-condutas-ilegais-de-moro-e-dallagnol\/","title":{"rendered":"Veja as mensagens obtidas por Lula que mostram condutas ilegais de Moro e Dallagnol"},"content":{"rendered":"\n<figure class=\"wp-block-image size-large\"><img loading=\"lazy\" decoding=\"async\" width=\"1250\" height=\"600\" data-attachment-id=\"30801\" data-permalink=\"http:\/\/blogdalucianaoliveira.com.br\/blog\/2021\/01\/29\/veja-as-mensagens-obtidas-por-lula-que-mostram-condutas-ilegais-de-moro-e-dallagnol\/d9ae4e84-c34f-4f63-9708-ce9a62a62e60\/\" data-orig-file=\"https:\/\/i0.wp.com\/blogdalucianaoliveira.com.br\/blog\/wp-content\/uploads\/2021\/01\/D9AE4E84-C34F-4F63-9708-CE9A62A62E60.jpeg?fit=1250%2C600\" data-orig-size=\"1250,600\" data-comments-opened=\"0\" data-image-meta=\"{&quot;aperture&quot;:&quot;0&quot;,&quot;credit&quot;:&quot;&quot;,&quot;camera&quot;:&quot;&quot;,&quot;caption&quot;:&quot;&quot;,&quot;created_timestamp&quot;:&quot;0&quot;,&quot;copyright&quot;:&quot;&quot;,&quot;focal_length&quot;:&quot;0&quot;,&quot;iso&quot;:&quot;0&quot;,&quot;shutter_speed&quot;:&quot;0&quot;,&quot;title&quot;:&quot;&quot;,&quot;orientation&quot;:&quot;0&quot;}\" data-image-title=\"D9AE4E84-C34F-4F63-9708-CE9A62A62E60\" data-image-description=\"\" data-image-caption=\"\" data-medium-file=\"https:\/\/i0.wp.com\/blogdalucianaoliveira.com.br\/blog\/wp-content\/uploads\/2021\/01\/D9AE4E84-C34F-4F63-9708-CE9A62A62E60.jpeg?fit=300%2C144\" data-large-file=\"https:\/\/i0.wp.com\/blogdalucianaoliveira.com.br\/blog\/wp-content\/uploads\/2021\/01\/D9AE4E84-C34F-4F63-9708-CE9A62A62E60.jpeg?fit=600%2C288\" src=\"https:\/\/i0.wp.com\/blogdalucianaoliveira.com.br\/blog\/wp-content\/uploads\/2021\/01\/D9AE4E84-C34F-4F63-9708-CE9A62A62E60.jpeg?fit=600%2C288\" alt=\"\" class=\"wp-image-30801\" srcset=\"https:\/\/i0.wp.com\/blogdalucianaoliveira.com.br\/blog\/wp-content\/uploads\/2021\/01\/D9AE4E84-C34F-4F63-9708-CE9A62A62E60.jpeg?w=1250 1250w, https:\/\/i0.wp.com\/blogdalucianaoliveira.com.br\/blog\/wp-content\/uploads\/2021\/01\/D9AE4E84-C34F-4F63-9708-CE9A62A62E60.jpeg?resize=300%2C144 300w, https:\/\/i0.wp.com\/blogdalucianaoliveira.com.br\/blog\/wp-content\/uploads\/2021\/01\/D9AE4E84-C34F-4F63-9708-CE9A62A62E60.jpeg?resize=1024%2C492 1024w, https:\/\/i0.wp.com\/blogdalucianaoliveira.com.br\/blog\/wp-content\/uploads\/2021\/01\/D9AE4E84-C34F-4F63-9708-CE9A62A62E60.jpeg?resize=768%2C369 768w, https:\/\/i0.wp.com\/blogdalucianaoliveira.com.br\/blog\/wp-content\/uploads\/2021\/01\/D9AE4E84-C34F-4F63-9708-CE9A62A62E60.jpeg?resize=625%2C300 625w, https:\/\/i0.wp.com\/blogdalucianaoliveira.com.br\/blog\/wp-content\/uploads\/2021\/01\/D9AE4E84-C34F-4F63-9708-CE9A62A62E60.jpeg?w=1200 1200w\" sizes=\"auto, (max-width: 600px) 100vw, 600px\" \/><\/figure>\n\n\n\n<p><strong>247<\/strong>&nbsp;&#8211; Di\u00e1logos obtidos pela defesa do ex-presidente Luiz In\u00e1cio Lula da Silva, ap\u00f3s libera\u00e7\u00e3o do Supremo Tribunal Federal, apontaram que S\u00e9rgio Moro, na condi\u00e7\u00e3o de juiz da Lava Jato, feriu a equidist\u00e2ncia entre quem julga e quem acusa. O teor das conversas foi publicado por&nbsp;<a href=\"https:\/\/veja.abril.com.br\/politica\/lewandowski-poe-sigilo-sobre-vaza-jato-veja-mensagens-obtidas-por-lula\/\">Veja<\/a>.<\/p>\n\n\n\n<!--more-->\n\n\n\n<p>As mensagens foram obtidas no \u00e2mbito da Opera\u00e7\u00e3o Spoofing, respons\u00e1vel por investigar o acesso a celulares dos procuradores da for\u00e7a-tarefa da Lava Jato.&nbsp;<\/p>\n\n\n\n<p>Em uma das mensagens, trocadas em 16 de fevereiro de 2016 e inclu\u00edda pela defesa de Lula na a\u00e7\u00e3o, o ent\u00e3o magistrado pergunta se os procuradores t\u00eam uma &#8220;den\u00fancia s\u00f3lida o suficiente&#8221;. Em seguida, o ent\u00e3o coordenador da for\u00e7a-tarefa da Lava Jato, o procurador Deltan Dallagnol, informa a ele linhas gerais do que os procuradores pretendiam apresentar contra Lula.<\/p>\n\n\n\n<figure class=\"wp-block-image size-large\"><img data-recalc-dims=\"1\" loading=\"lazy\" decoding=\"async\" width=\"600\" height=\"323\" data-attachment-id=\"30796\" data-permalink=\"http:\/\/blogdalucianaoliveira.com.br\/blog\/2021\/01\/29\/veja-as-mensagens-obtidas-por-lula-que-mostram-condutas-ilegais-de-moro-e-dallagnol\/f1e627a7-5029-4724-92d7-92e952872492\/\" data-orig-file=\"https:\/\/i0.wp.com\/blogdalucianaoliveira.com.br\/blog\/wp-content\/uploads\/2021\/01\/F1E627A7-5029-4724-92D7-92E952872492.jpeg?fit=729%2C393\" data-orig-size=\"729,393\" data-comments-opened=\"0\" data-image-meta=\"{&quot;aperture&quot;:&quot;0&quot;,&quot;credit&quot;:&quot;&quot;,&quot;camera&quot;:&quot;&quot;,&quot;caption&quot;:&quot;&quot;,&quot;created_timestamp&quot;:&quot;0&quot;,&quot;copyright&quot;:&quot;&quot;,&quot;focal_length&quot;:&quot;0&quot;,&quot;iso&quot;:&quot;0&quot;,&quot;shutter_speed&quot;:&quot;0&quot;,&quot;title&quot;:&quot;&quot;,&quot;orientation&quot;:&quot;1&quot;}\" data-image-title=\"F1E627A7-5029-4724-92D7-92E952872492\" data-image-description=\"\" data-image-caption=\"\" data-medium-file=\"https:\/\/i0.wp.com\/blogdalucianaoliveira.com.br\/blog\/wp-content\/uploads\/2021\/01\/F1E627A7-5029-4724-92D7-92E952872492.jpeg?fit=300%2C162\" data-large-file=\"https:\/\/i0.wp.com\/blogdalucianaoliveira.com.br\/blog\/wp-content\/uploads\/2021\/01\/F1E627A7-5029-4724-92D7-92E952872492.jpeg?fit=600%2C323\" src=\"https:\/\/i0.wp.com\/blogdalucianaoliveira.com.br\/blog\/wp-content\/uploads\/2021\/01\/F1E627A7-5029-4724-92D7-92E952872492.jpeg?resize=600%2C323\" alt=\"\" class=\"wp-image-30796\" srcset=\"https:\/\/i0.wp.com\/blogdalucianaoliveira.com.br\/blog\/wp-content\/uploads\/2021\/01\/F1E627A7-5029-4724-92D7-92E952872492.jpeg?w=729 729w, https:\/\/i0.wp.com\/blogdalucianaoliveira.com.br\/blog\/wp-content\/uploads\/2021\/01\/F1E627A7-5029-4724-92D7-92E952872492.jpeg?resize=300%2C162 300w, https:\/\/i0.wp.com\/blogdalucianaoliveira.com.br\/blog\/wp-content\/uploads\/2021\/01\/F1E627A7-5029-4724-92D7-92E952872492.jpeg?resize=556%2C300 556w\" sizes=\"auto, (max-width: 600px) 100vw, 600px\" \/><\/figure>\n\n\n\n<p>Em novas conversas, entre 28 de novembro e 1\u00ba de dezembro de 2015, Dallagnol cita uma reuni\u00e3o com &#8220;os su\u00ed\u00e7os, que v\u00eam pra c\u00e1 pedindo extremo sigilo quanto \u00e0 visita&#8221;.&nbsp;<\/p>\n\n\n\n<p>Ap\u00f3s o procurador prestar informa\u00e7\u00f5es sobre contas da Odebrecht no exterior, o ent\u00e3o juiz pergunta se o benefici\u00e1rio dos repasses delas seria &#8220;JS&#8221;, uma refer\u00eancia ao marqueteiro Jo\u00e3o Santana, respons\u00e1vel por campanhas presidenciais do PT, preso em fevereiro de 2016.\u00a0<br><\/p>\n\n\n\n<p>O procurador responde que sim e informa o nome de uma suposta conta no exterior usada pelo marqueteiro para receber pagamentos da empreiteira, a &#8220;shellbill&#8221;.<\/p>\n\n\n\n<figure class=\"wp-block-image size-large\"><img data-recalc-dims=\"1\" loading=\"lazy\" decoding=\"async\" width=\"600\" height=\"514\" data-attachment-id=\"30797\" data-permalink=\"http:\/\/blogdalucianaoliveira.com.br\/blog\/2021\/01\/29\/veja-as-mensagens-obtidas-por-lula-que-mostram-condutas-ilegais-de-moro-e-dallagnol\/db1e6dd2-c017-45e0-a971-4feed9a90f3a\/\" data-orig-file=\"https:\/\/i0.wp.com\/blogdalucianaoliveira.com.br\/blog\/wp-content\/uploads\/2021\/01\/DB1E6DD2-C017-45E0-A971-4FEED9A90F3A.jpeg?fit=635%2C544\" data-orig-size=\"635,544\" data-comments-opened=\"0\" data-image-meta=\"{&quot;aperture&quot;:&quot;0&quot;,&quot;credit&quot;:&quot;&quot;,&quot;camera&quot;:&quot;&quot;,&quot;caption&quot;:&quot;&quot;,&quot;created_timestamp&quot;:&quot;0&quot;,&quot;copyright&quot;:&quot;&quot;,&quot;focal_length&quot;:&quot;0&quot;,&quot;iso&quot;:&quot;0&quot;,&quot;shutter_speed&quot;:&quot;0&quot;,&quot;title&quot;:&quot;&quot;,&quot;orientation&quot;:&quot;1&quot;}\" data-image-title=\"DB1E6DD2-C017-45E0-A971-4FEED9A90F3A\" data-image-description=\"\" data-image-caption=\"\" data-medium-file=\"https:\/\/i0.wp.com\/blogdalucianaoliveira.com.br\/blog\/wp-content\/uploads\/2021\/01\/DB1E6DD2-C017-45E0-A971-4FEED9A90F3A.jpeg?fit=300%2C257\" data-large-file=\"https:\/\/i0.wp.com\/blogdalucianaoliveira.com.br\/blog\/wp-content\/uploads\/2021\/01\/DB1E6DD2-C017-45E0-A971-4FEED9A90F3A.jpeg?fit=600%2C514\" src=\"https:\/\/i0.wp.com\/blogdalucianaoliveira.com.br\/blog\/wp-content\/uploads\/2021\/01\/DB1E6DD2-C017-45E0-A971-4FEED9A90F3A.jpeg?resize=600%2C514\" alt=\"\" class=\"wp-image-30797\" srcset=\"https:\/\/i0.wp.com\/blogdalucianaoliveira.com.br\/blog\/wp-content\/uploads\/2021\/01\/DB1E6DD2-C017-45E0-A971-4FEED9A90F3A.jpeg?w=635 635w, https:\/\/i0.wp.com\/blogdalucianaoliveira.com.br\/blog\/wp-content\/uploads\/2021\/01\/DB1E6DD2-C017-45E0-A971-4FEED9A90F3A.jpeg?resize=300%2C257 300w, https:\/\/i0.wp.com\/blogdalucianaoliveira.com.br\/blog\/wp-content\/uploads\/2021\/01\/DB1E6DD2-C017-45E0-A971-4FEED9A90F3A.jpeg?resize=350%2C300 350w\" sizes=\"auto, (max-width: 600px) 100vw, 600px\" \/><\/figure>\n\n\n\n<p><strong>Cautela com L\u00e9o Pinheiro, da OAS<\/strong><\/p>\n\n\n\n<p>De acordo com as mensagens obtidas pela defesa de Lula, Dallagnol pede a Moro que limite o depoimento do empreiteiro L\u00e9o Pinheiro, da OAS, aos fatos pelos quais ele era acusado em uma a\u00e7\u00e3o penal.&nbsp;<\/p>\n\n\n\n<p>O objetivo do procurador era n\u00e3o permitir que o empres\u00e1rio ampliasse os relatos em busca de benef\u00edcios penais sem ser delator.<\/p>\n\n\n\n<figure class=\"wp-block-image size-large\"><img data-recalc-dims=\"1\" loading=\"lazy\" decoding=\"async\" width=\"600\" height=\"591\" data-attachment-id=\"30798\" data-permalink=\"http:\/\/blogdalucianaoliveira.com.br\/blog\/2021\/01\/29\/veja-as-mensagens-obtidas-por-lula-que-mostram-condutas-ilegais-de-moro-e-dallagnol\/d8595967-e629-41d2-a928-5ff3f518fced\/\" data-orig-file=\"https:\/\/i0.wp.com\/blogdalucianaoliveira.com.br\/blog\/wp-content\/uploads\/2021\/01\/D8595967-E629-41D2-A928-5FF3F518FCED.jpeg?fit=694%2C684\" data-orig-size=\"694,684\" data-comments-opened=\"0\" data-image-meta=\"{&quot;aperture&quot;:&quot;0&quot;,&quot;credit&quot;:&quot;&quot;,&quot;camera&quot;:&quot;&quot;,&quot;caption&quot;:&quot;&quot;,&quot;created_timestamp&quot;:&quot;0&quot;,&quot;copyright&quot;:&quot;&quot;,&quot;focal_length&quot;:&quot;0&quot;,&quot;iso&quot;:&quot;0&quot;,&quot;shutter_speed&quot;:&quot;0&quot;,&quot;title&quot;:&quot;&quot;,&quot;orientation&quot;:&quot;1&quot;}\" data-image-title=\"D8595967-E629-41D2-A928-5FF3F518FCED\" data-image-description=\"\" data-image-caption=\"\" data-medium-file=\"https:\/\/i0.wp.com\/blogdalucianaoliveira.com.br\/blog\/wp-content\/uploads\/2021\/01\/D8595967-E629-41D2-A928-5FF3F518FCED.jpeg?fit=300%2C296\" data-large-file=\"https:\/\/i0.wp.com\/blogdalucianaoliveira.com.br\/blog\/wp-content\/uploads\/2021\/01\/D8595967-E629-41D2-A928-5FF3F518FCED.jpeg?fit=600%2C591\" src=\"https:\/\/i0.wp.com\/blogdalucianaoliveira.com.br\/blog\/wp-content\/uploads\/2021\/01\/D8595967-E629-41D2-A928-5FF3F518FCED.jpeg?resize=600%2C591\" alt=\"\" class=\"wp-image-30798\" srcset=\"https:\/\/i0.wp.com\/blogdalucianaoliveira.com.br\/blog\/wp-content\/uploads\/2021\/01\/D8595967-E629-41D2-A928-5FF3F518FCED.jpeg?w=694 694w, https:\/\/i0.wp.com\/blogdalucianaoliveira.com.br\/blog\/wp-content\/uploads\/2021\/01\/D8595967-E629-41D2-A928-5FF3F518FCED.jpeg?resize=300%2C296 300w, https:\/\/i0.wp.com\/blogdalucianaoliveira.com.br\/blog\/wp-content\/uploads\/2021\/01\/D8595967-E629-41D2-A928-5FF3F518FCED.jpeg?resize=304%2C300 304w\" sizes=\"auto, (max-width: 600px) 100vw, 600px\" \/><\/figure>\n\n\n\n<p><strong>Celulares, Su\u00ed\u00e7a e Estados Unidos&nbsp;<\/strong><\/p>\n\n\n\n<p>Em 18 de outubro de 2016, um dia antes da pris\u00e3o do ex-presidente da C\u00e2mara Eduardo Cunha (MDB-RJ), Dallagnol tentava combinar um hor\u00e1rio para encontrar Moro e falar com o ent\u00e3o magistrado &#8220;sobre apreens\u00e3o dos celulares&#8221;.&nbsp;<\/p>\n\n\n\n<p>O procurador tamb\u00e9m citou reuni\u00f5es com representantes su\u00ed\u00e7os e americanos para &#8220;discutir e negociar percentuais da divis\u00e3o do dinheiro&#8221;.<\/p>\n\n\n\n<figure class=\"wp-block-image size-large\"><img data-recalc-dims=\"1\" loading=\"lazy\" decoding=\"async\" width=\"545\" height=\"877\" data-attachment-id=\"30799\" data-permalink=\"http:\/\/blogdalucianaoliveira.com.br\/blog\/2021\/01\/29\/veja-as-mensagens-obtidas-por-lula-que-mostram-condutas-ilegais-de-moro-e-dallagnol\/0498c082-69fa-4e08-b989-9b7f1ae2666e\/\" data-orig-file=\"https:\/\/i0.wp.com\/blogdalucianaoliveira.com.br\/blog\/wp-content\/uploads\/2021\/01\/0498C082-69FA-4E08-B989-9B7F1AE2666E.jpeg?fit=545%2C877\" data-orig-size=\"545,877\" data-comments-opened=\"0\" data-image-meta=\"{&quot;aperture&quot;:&quot;0&quot;,&quot;credit&quot;:&quot;&quot;,&quot;camera&quot;:&quot;&quot;,&quot;caption&quot;:&quot;&quot;,&quot;created_timestamp&quot;:&quot;0&quot;,&quot;copyright&quot;:&quot;&quot;,&quot;focal_length&quot;:&quot;0&quot;,&quot;iso&quot;:&quot;0&quot;,&quot;shutter_speed&quot;:&quot;0&quot;,&quot;title&quot;:&quot;&quot;,&quot;orientation&quot;:&quot;1&quot;}\" data-image-title=\"0498C082-69FA-4E08-B989-9B7F1AE2666E\" data-image-description=\"\" data-image-caption=\"\" data-medium-file=\"https:\/\/i0.wp.com\/blogdalucianaoliveira.com.br\/blog\/wp-content\/uploads\/2021\/01\/0498C082-69FA-4E08-B989-9B7F1AE2666E.jpeg?fit=186%2C300\" data-large-file=\"https:\/\/i0.wp.com\/blogdalucianaoliveira.com.br\/blog\/wp-content\/uploads\/2021\/01\/0498C082-69FA-4E08-B989-9B7F1AE2666E.jpeg?fit=545%2C877\" src=\"https:\/\/i0.wp.com\/blogdalucianaoliveira.com.br\/blog\/wp-content\/uploads\/2021\/01\/0498C082-69FA-4E08-B989-9B7F1AE2666E.jpeg?resize=545%2C877\" alt=\"\" class=\"wp-image-30799\" srcset=\"https:\/\/i0.wp.com\/blogdalucianaoliveira.com.br\/blog\/wp-content\/uploads\/2021\/01\/0498C082-69FA-4E08-B989-9B7F1AE2666E.jpeg?w=545 545w, https:\/\/i0.wp.com\/blogdalucianaoliveira.com.br\/blog\/wp-content\/uploads\/2021\/01\/0498C082-69FA-4E08-B989-9B7F1AE2666E.jpeg?resize=186%2C300 186w\" sizes=\"auto, (max-width: 545px) 100vw, 545px\" \/><\/figure>\n\n\n\n<p>Em 29 de agosto de 2017, o procurador e o juiz conversaram sobre uma reportagem do jornal Folha de S.Paulo. De acordo com a mat\u00e9ria, publicada dois dias antes, o advogado Rodrigo Tacla Dur\u00e1n, apontado por investigadores como operador de propinas da Odebrecht, acusava um amigo de Moro de intermediar acordos de dela\u00e7\u00e3o premiada.<\/p>\n\n\n\n<p>Com as revela\u00e7\u00f5es, Lula havia pedido a oitiva de Tacla Dur\u00e1n no processo em que o ex-presidente \u00e9 r\u00e9u acusado de receber propina da Odebrecht por meio de um terreno que abrigaria o Instituto Lula e de uma cobertura vizinha \u00e0 dele em S\u00e3o Bernardo do Campo (SP).<\/p>\n\n\n\n<figure class=\"wp-block-image size-large\"><img data-recalc-dims=\"1\" loading=\"lazy\" decoding=\"async\" width=\"600\" height=\"361\" data-attachment-id=\"30800\" data-permalink=\"http:\/\/blogdalucianaoliveira.com.br\/blog\/2021\/01\/29\/veja-as-mensagens-obtidas-por-lula-que-mostram-condutas-ilegais-de-moro-e-dallagnol\/442fe662-7d6c-41f7-98ab-b73ecb7c7b90\/\" data-orig-file=\"https:\/\/i0.wp.com\/blogdalucianaoliveira.com.br\/blog\/wp-content\/uploads\/2021\/01\/442FE662-7D6C-41F7-98AB-B73ECB7C7B90.jpeg?fit=665%2C400\" data-orig-size=\"665,400\" data-comments-opened=\"0\" data-image-meta=\"{&quot;aperture&quot;:&quot;0&quot;,&quot;credit&quot;:&quot;&quot;,&quot;camera&quot;:&quot;&quot;,&quot;caption&quot;:&quot;&quot;,&quot;created_timestamp&quot;:&quot;0&quot;,&quot;copyright&quot;:&quot;&quot;,&quot;focal_length&quot;:&quot;0&quot;,&quot;iso&quot;:&quot;0&quot;,&quot;shutter_speed&quot;:&quot;0&quot;,&quot;title&quot;:&quot;&quot;,&quot;orientation&quot;:&quot;1&quot;}\" data-image-title=\"442FE662-7D6C-41F7-98AB-B73ECB7C7B90\" data-image-description=\"\" data-image-caption=\"\" data-medium-file=\"https:\/\/i0.wp.com\/blogdalucianaoliveira.com.br\/blog\/wp-content\/uploads\/2021\/01\/442FE662-7D6C-41F7-98AB-B73ECB7C7B90.jpeg?fit=300%2C180\" data-large-file=\"https:\/\/i0.wp.com\/blogdalucianaoliveira.com.br\/blog\/wp-content\/uploads\/2021\/01\/442FE662-7D6C-41F7-98AB-B73ECB7C7B90.jpeg?fit=600%2C361\" src=\"https:\/\/i0.wp.com\/blogdalucianaoliveira.com.br\/blog\/wp-content\/uploads\/2021\/01\/442FE662-7D6C-41F7-98AB-B73ECB7C7B90.jpeg?resize=600%2C361\" alt=\"\" class=\"wp-image-30800\" srcset=\"https:\/\/i0.wp.com\/blogdalucianaoliveira.com.br\/blog\/wp-content\/uploads\/2021\/01\/442FE662-7D6C-41F7-98AB-B73ECB7C7B90.jpeg?w=665 665w, https:\/\/i0.wp.com\/blogdalucianaoliveira.com.br\/blog\/wp-content\/uploads\/2021\/01\/442FE662-7D6C-41F7-98AB-B73ECB7C7B90.jpeg?resize=300%2C180 300w, https:\/\/i0.wp.com\/blogdalucianaoliveira.com.br\/blog\/wp-content\/uploads\/2021\/01\/442FE662-7D6C-41F7-98AB-B73ECB7C7B90.jpeg?resize=499%2C300 499w\" sizes=\"auto, (max-width: 600px) 100vw, 600px\" \/><\/figure>\n\n\n\n<p><strong>Moro orienta Dallagnol sobre sistemas da Odebrecht<\/strong><\/p>\n\n\n\n<p>Em agosto de 2017, o ent\u00e3o juiz diz que seriam necess\u00e1rias per\u00edcias da Pol\u00edcia Federal e laudos espec\u00edficos. &#8220;Do contr\u00e1rio, vai ser dif\u00edcil usar&#8221;.<\/p>\n","protected":false},"excerpt":{"rendered":"<p>247&nbsp;&#8211; Di\u00e1logos obtidos pela defesa do ex-presidente Luiz In\u00e1cio Lula da Silva, ap\u00f3s libera\u00e7\u00e3o do Supremo Tribunal Federal, apontaram que S\u00e9rgio Moro, na condi\u00e7\u00e3o de juiz da Lava Jato, feriu a equidist\u00e2ncia entre quem julga e quem acusa. O teor das conversas foi publicado por&nbsp;Veja.<\/p>\n","protected":false},"author":1,"featured_media":0,"comment_status":"closed","ping_status":"open","sticky":false,"template":"","format":"standard","meta":{"_exactmetrics_skip_tracking":false,"_exactmetrics_sitenote_active":false,"_exactmetrics_sitenote_note":"","_exactmetrics_sitenote_category":0,"jetpack_post_was_ever_published":false,"_jetpack_newsletter_access":"","_jetpack_dont_email_post_to_subs":false,"_jetpack_newsletter_tier_id":0,"_jetpack_memberships_contains_paywalled_content":false,"_jetpack_memberships_contains_paid_content":false,"footnotes":"","jetpack_publicize_message":"","jetpack_publicize_feature_enabled":true,"jetpack_social_post_already_shared":true,"jetpack_social_options":{"image_generator_settings":{"template":"highway","enabled":false},"version":2}},"categories":[1],"tags":[],"class_list":["post-30795","post","type-post","status-publish","format-standard","hentry","category-notas"],"jetpack_publicize_connections":[],"jetpack_sharing_enabled":true,"jetpack_featured_media_url":"","jetpack_shortlink":"https:\/\/wp.me\/p7wKYW-80H","jetpack-related-posts":[],"_links":{"self":[{"href":"http:\/\/blogdalucianaoliveira.com.br\/blog\/wp-json\/wp\/v2\/posts\/30795","targetHints":{"allow":["GET"]}}],"collection":[{"href":"http:\/\/blogdalucianaoliveira.com.br\/blog\/wp-json\/wp\/v2\/posts"}],"about":[{"href":"http:\/\/blogdalucianaoliveira.com.br\/blog\/wp-json\/wp\/v2\/types\/post"}],"author":[{"embeddable":true,"href":"http:\/\/blogdalucianaoliveira.com.br\/blog\/wp-json\/wp\/v2\/users\/1"}],"replies":[{"embeddable":true,"href":"http:\/\/blogdalucianaoliveira.com.br\/blog\/wp-json\/wp\/v2\/comments?post=30795"}],"version-history":[{"count":1,"href":"http:\/\/blogdalucianaoliveira.com.br\/blog\/wp-json\/wp\/v2\/posts\/30795\/revisions"}],"predecessor-version":[{"id":30802,"href":"http:\/\/blogdalucianaoliveira.com.br\/blog\/wp-json\/wp\/v2\/posts\/30795\/revisions\/30802"}],"wp:attachment":[{"href":"http:\/\/blogdalucianaoliveira.com.br\/blog\/wp-json\/wp\/v2\/media?parent=30795"}],"wp:term":[{"taxonomy":"category","embeddable":true,"href":"http:\/\/blogdalucianaoliveira.com.br\/blog\/wp-json\/wp\/v2\/categories?post=30795"},{"taxonomy":"post_tag","embeddable":true,"href":"http:\/\/blogdalucianaoliveira.com.br\/blog\/wp-json\/wp\/v2\/tags?post=30795"}],"curies":[{"name":"wp","href":"https:\/\/api.w.org\/{rel}","templated":true}]}}