{"id":30804,"date":"2021-01-30T13:44:40","date_gmt":"2021-01-30T17:44:40","guid":{"rendered":"http:\/\/blogdalucianaoliveira.com.br\/blog\/?p=30804"},"modified":"2021-01-30T13:44:46","modified_gmt":"2021-01-30T17:44:46","slug":"mobilizacao-pelo-impeachment-de-bolsonaro-segue-no-brasil-e-no-mundo-neste-domingo","status":"publish","type":"post","link":"http:\/\/blogdalucianaoliveira.com.br\/blog\/2021\/01\/30\/mobilizacao-pelo-impeachment-de-bolsonaro-segue-no-brasil-e-no-mundo-neste-domingo\/","title":{"rendered":"Mobiliza\u00e7\u00e3o pelo impeachment de Bolsonaro segue no Brasil e no mundo neste domingo"},"content":{"rendered":"\n<figure class=\"wp-block-image size-large\"><img data-recalc-dims=\"1\" loading=\"lazy\" decoding=\"async\" width=\"600\" height=\"450\" data-attachment-id=\"30805\" data-permalink=\"http:\/\/blogdalucianaoliveira.com.br\/blog\/2021\/01\/30\/mobilizacao-pelo-impeachment-de-bolsonaro-segue-no-brasil-e-no-mundo-neste-domingo\/image-4-20\/\" data-orig-file=\"https:\/\/i0.wp.com\/blogdalucianaoliveira.com.br\/blog\/wp-content\/uploads\/2021\/01\/image-4.jpeg?fit=800%2C600\" data-orig-size=\"800,600\" data-comments-opened=\"0\" data-image-meta=\"{&quot;aperture&quot;:&quot;0&quot;,&quot;credit&quot;:&quot;&quot;,&quot;camera&quot;:&quot;&quot;,&quot;caption&quot;:&quot;&quot;,&quot;created_timestamp&quot;:&quot;0&quot;,&quot;copyright&quot;:&quot;&quot;,&quot;focal_length&quot;:&quot;0&quot;,&quot;iso&quot;:&quot;0&quot;,&quot;shutter_speed&quot;:&quot;0&quot;,&quot;title&quot;:&quot;&quot;,&quot;orientation&quot;:&quot;0&quot;}\" data-image-title=\"image-4\" data-image-description=\"\" data-image-caption=\"\" data-medium-file=\"https:\/\/i0.wp.com\/blogdalucianaoliveira.com.br\/blog\/wp-content\/uploads\/2021\/01\/image-4.jpeg?fit=300%2C225\" data-large-file=\"https:\/\/i0.wp.com\/blogdalucianaoliveira.com.br\/blog\/wp-content\/uploads\/2021\/01\/image-4.jpeg?fit=600%2C450\" src=\"https:\/\/i0.wp.com\/blogdalucianaoliveira.com.br\/blog\/wp-content\/uploads\/2021\/01\/image-4.jpeg?resize=600%2C450\" alt=\"\" class=\"wp-image-30805\" srcset=\"https:\/\/i0.wp.com\/blogdalucianaoliveira.com.br\/blog\/wp-content\/uploads\/2021\/01\/image-4.jpeg?w=800 800w, https:\/\/i0.wp.com\/blogdalucianaoliveira.com.br\/blog\/wp-content\/uploads\/2021\/01\/image-4.jpeg?resize=300%2C225 300w, https:\/\/i0.wp.com\/blogdalucianaoliveira.com.br\/blog\/wp-content\/uploads\/2021\/01\/image-4.jpeg?resize=768%2C576 768w, https:\/\/i0.wp.com\/blogdalucianaoliveira.com.br\/blog\/wp-content\/uploads\/2021\/01\/image-4.jpeg?resize=400%2C300 400w\" sizes=\"auto, (max-width: 600px) 100vw, 600px\" \/><\/figure>\n\n\n\n<h4 class=\"wp-block-heading\">O domingo ter\u00e1 a 4\u00aa edi\u00e7\u00e3o do Stop Bolsonaro Mundial, em mais de 20 pa\u00edses, e a 2\u00aa Carreata #ForaBolsonaro<\/h4>\n\n\n\n<!--more-->\n\n\n\n<p>Cida de Oliveira\u00a0<a rel=\"noreferrer noopener\" target=\"_blank\" href=\"https:\/\/www.redebrasilatual.com.br\/cidadania\/2021\/01\/mobilizacao-pelo-impeachment-de-bolsonaro-segue-no-brasil-e-no-mundo-domingo\/\">Rede Brasil Atual<\/a><\/p>\n\n\n\n<p>A press\u00e3o popular pelo impeachment do presidente Jair Bolsonaro, que vem aumentando nas \u00faltimas semanas, ter\u00e1 um refor\u00e7o internacional neste domingo (31). Em pelo menos 20 pa\u00edses haver\u00e1 atos nas ruas e nas redes sociais durante a quarta edi\u00e7\u00e3o do Stop Bolsonaro Mundial. Al\u00e9m disso, diversidades cidades brasileiras promover\u00e3o a segunda Carreata #ForaBolsonaro, tamb\u00e9m no domingo.<\/p>\n\n\n\n<p><strong>Opini\u00e3o:<\/strong>&nbsp;<a href=\"https:\/\/www.brasildefato.com.br\/2021\/01\/28\/artigo-fora-bolsonaro-so-pode-se-realizar-pela-via-constitucional-o-impeachment\">&#8220;Fora Bolsonaro&#8221; s\u00f3 pode se realizar&nbsp;pela via constitucional: o impeachment<\/a><\/p>\n\n\n\n<p>Como em edi\u00e7\u00f5es anteriores, os protestos s\u00e3o contra a necropol\u00edtica adotada pelo governo Bolsonaro, materializada no descaso com a pandemia causada pelo novo coronav\u00edrus, que j\u00e1 matou mais de 220 mil pessoas no pa\u00eds.<\/p>\n\n\n\n<p><a href=\"https:\/\/www.brasildefato.com.br\/2021\/01\/13\/por-que-rodrigo-maia-critica-bolsonaro-mas-nao-aceita-os-pedidos-de-impeachment\" target=\"_blank\" rel=\"noreferrer noopener\">::Por que Rodrigo Maia critica Bolsonaro, mas n\u00e3o aceita os pedidos de impeachment?::<\/a><\/p>\n\n\n\n<p>Impeachment<\/p>\n\n\n\n<p>Segundo a&nbsp;<a href=\"https:\/\/www.stopbolsonaro.com\/\" target=\"_blank\" rel=\"noreferrer noopener\">organiza\u00e7\u00e3o do Stop Bolsonaro Mundial<\/a>, o movimento tem o objetivo de denunciar, mais uma vez, o genoc\u00eddio causado pela nega\u00e7\u00e3o e descaso sanit\u00e1rio. O desgoverno ante a pandemia de covid-19 deixa a popula\u00e7\u00e3o sem atendimento m\u00e9dico, sem UTI, sem vacina e com fome. Tamb\u00e9m ser\u00e3o lembrados os crimes ambientais praticados em s\u00e9rie pelo governo brasileiro, como a devasta\u00e7\u00e3o da Amaz\u00f4nia e do Pantanal. Al\u00e9m disso, o racismo, a misoginia, a homofobia e o discurso de \u00f3dio que se espalha por meio das fake news tamb\u00e9m ser\u00e3o denunciados.<\/p>\n\n\n\n<p><strong>Leia mais:<\/strong>&nbsp;<a href=\"https:\/\/www.brasildefato.com.br\/2021\/01\/28\/brasil-e-o-pior-pais-do-mundo-no-combate-a-pandemia-aponta-estudo\">Brasil \u00e9 o pior pa\u00eds do mundo no combate \u00e0 pandemia, aponta estudo<\/a><\/p>\n\n\n\n<p>A organiza\u00e7\u00e3o do Stop Bolsonaro Mundial re\u00fane ativistas de diversos partidos pol\u00edticos, todos os credos e origens, feministas, antirracistas, antifascistas, ambientalistas, defensores dos direitos humanos e l\u00edderes de movimentos sociais. Tamb\u00e9m congrega torcidas de futebol no Brasil e no exterior.&nbsp;<\/p>\n\n\n\n<p>\u201c\u00c9 preciso entender que n\u00e3o \u00e9 normal um governo simplesmente ignorar os problemas pertinentes ao pa\u00eds e \u00e0 popula\u00e7\u00e3o, que governa apenas em prol de seus pr\u00f3prios interesses e de sua fam\u00edlia de gangsteres\u201d, diz mensagem de divulga\u00e7\u00e3o do evento. \u201c\u00c9 preciso dizer n\u00e3o \u00e0 repress\u00e3o e \u00e0 necropol\u00edtica! Junte-se ao movimento! Bolsonaro, a mil\u00edcia controlada por ele e seus capangas precisam ser parados!\u201d<\/p>\n\n\n\n<p>Carreatas<\/p>\n\n\n\n<p>As frentes Brasil Popular e Povo sem Medo, movimentos sociais e partidos pol\u00edticos est\u00e3o convocando a popula\u00e7\u00e3o para participar da segunda Carreata #ForaBolsonaro, que ser\u00e1 realizada em diversas cidades do pa\u00eds.<\/p>\n\n\n\n<p><strong>Leia tamb\u00e9m:<\/strong>&nbsp;<a href=\"https:\/\/www.brasildefato.com.br\/2021\/01\/28\/vacina-cloroquina-e-manaus-os-crimes-de-bolsonaro-nos-64-pedidos-de-impeachment\">Vacina, Cloroquina e Manaus: os crimes de Bolsonaro nos 64 pedidos de impeachment<\/a><\/p>\n\n\n\n<p>No \u00faltimo s\u00e1bado (23),&nbsp;<a href=\"https:\/\/www.brasildefato.com.br\/2021\/01\/21\/atos-pro-impeachment-de-jair-bolsonaro-se-espalham-oito-capitais-terao-carreatas\" target=\"_blank\" rel=\"noreferrer noopener\">foram realizadas carreatas em 14 capitais e em pelo menos 16 cidades pelo impeachment de Bolsonaro<\/a>. Em Bras\u00edlia, participaram pelo menos mil ve\u00edculos. Nas cidades do ABC Paulista, o Sindicato dos Metal\u00fargicos tamb\u00e9m esteve presente. A mobiliza\u00e7\u00e3o foi marcante tamb\u00e9m em Bel\u00e9m, Rio de Janeiro e Recife. Em algumas cidades houve at\u00e9 a participa\u00e7\u00e3o de ciclistas. Da mesma forma, \u201cbicicletadas\u201d s\u00e3o esperadas tamb\u00e9m neste domingo.<\/p>\n","protected":false},"excerpt":{"rendered":"<p>O domingo ter\u00e1 a 4\u00aa edi\u00e7\u00e3o do Stop Bolsonaro Mundial, em mais de 20 pa\u00edses, e a 2\u00aa Carreata #ForaBolsonaro<\/p>\n","protected":false},"author":1,"featured_media":0,"comment_status":"closed","ping_status":"open","sticky":false,"template":"","format":"standard","meta":{"_exactmetrics_skip_tracking":false,"_exactmetrics_sitenote_active":false,"_exactmetrics_sitenote_note":"","_exactmetrics_sitenote_category":0,"jetpack_post_was_ever_published":false,"_jetpack_newsletter_access":"","_jetpack_dont_email_post_to_subs":false,"_jetpack_newsletter_tier_id":0,"_jetpack_memberships_contains_paywalled_content":false,"_jetpack_memberships_contains_paid_content":false,"footnotes":"","jetpack_publicize_message":"","jetpack_publicize_feature_enabled":true,"jetpack_social_post_already_shared":true,"jetpack_social_options":{"image_generator_settings":{"template":"highway","enabled":false},"version":2}},"categories":[1],"tags":[],"class_list":["post-30804","post","type-post","status-publish","format-standard","hentry","category-notas"],"jetpack_publicize_connections":[],"jetpack_sharing_enabled":true,"jetpack_featured_media_url":"","jetpack_shortlink":"https:\/\/wp.me\/p7wKYW-80Q","jetpack-related-posts":[],"_links":{"self":[{"href":"http:\/\/blogdalucianaoliveira.com.br\/blog\/wp-json\/wp\/v2\/posts\/30804","targetHints":{"allow":["GET"]}}],"collection":[{"href":"http:\/\/blogdalucianaoliveira.com.br\/blog\/wp-json\/wp\/v2\/posts"}],"about":[{"href":"http:\/\/blogdalucianaoliveira.com.br\/blog\/wp-json\/wp\/v2\/types\/post"}],"author":[{"embeddable":true,"href":"http:\/\/blogdalucianaoliveira.com.br\/blog\/wp-json\/wp\/v2\/users\/1"}],"replies":[{"embeddable":true,"href":"http:\/\/blogdalucianaoliveira.com.br\/blog\/wp-json\/wp\/v2\/comments?post=30804"}],"version-history":[{"count":1,"href":"http:\/\/blogdalucianaoliveira.com.br\/blog\/wp-json\/wp\/v2\/posts\/30804\/revisions"}],"predecessor-version":[{"id":30806,"href":"http:\/\/blogdalucianaoliveira.com.br\/blog\/wp-json\/wp\/v2\/posts\/30804\/revisions\/30806"}],"wp:attachment":[{"href":"http:\/\/blogdalucianaoliveira.com.br\/blog\/wp-json\/wp\/v2\/media?parent=30804"}],"wp:term":[{"taxonomy":"category","embeddable":true,"href":"http:\/\/blogdalucianaoliveira.com.br\/blog\/wp-json\/wp\/v2\/categories?post=30804"},{"taxonomy":"post_tag","embeddable":true,"href":"http:\/\/blogdalucianaoliveira.com.br\/blog\/wp-json\/wp\/v2\/tags?post=30804"}],"curies":[{"name":"wp","href":"https:\/\/api.w.org\/{rel}","templated":true}]}}