{"id":30807,"date":"2021-01-30T13:53:29","date_gmt":"2021-01-30T17:53:29","guid":{"rendered":"http:\/\/blogdalucianaoliveira.com.br\/blog\/?p=30807"},"modified":"2021-01-30T13:53:36","modified_gmt":"2021-01-30T17:53:36","slug":"os-fura-filas-da-vacinacao-contra-a-covid-19-mostram-a-nefasta-versao-2-0-do-jeitinho-brasileiro","status":"publish","type":"post","link":"http:\/\/blogdalucianaoliveira.com.br\/blog\/2021\/01\/30\/os-fura-filas-da-vacinacao-contra-a-covid-19-mostram-a-nefasta-versao-2-0-do-jeitinho-brasileiro\/","title":{"rendered":"Os fura-filas da vacina\u00e7\u00e3o contra a covid-19 mostram a nefasta vers\u00e3o 2.0 do jeitinho brasileiro"},"content":{"rendered":"\n<figure class=\"wp-block-image size-large\"><img data-recalc-dims=\"1\" loading=\"lazy\" decoding=\"async\" width=\"600\" height=\"401\" data-attachment-id=\"30808\" data-permalink=\"http:\/\/blogdalucianaoliveira.com.br\/blog\/2021\/01\/30\/os-fura-filas-da-vacinacao-contra-a-covid-19-mostram-a-nefasta-versao-2-0-do-jeitinho-brasileiro\/41525fd1-07a5-4b39-8e7d-b87653ec0f3b\/\" data-orig-file=\"https:\/\/i0.wp.com\/blogdalucianaoliveira.com.br\/blog\/wp-content\/uploads\/2021\/01\/41525FD1-07A5-4B39-8E7D-B87653EC0F3B.jpeg?fit=640%2C428\" data-orig-size=\"640,428\" data-comments-opened=\"0\" data-image-meta=\"{&quot;aperture&quot;:&quot;0&quot;,&quot;credit&quot;:&quot;&quot;,&quot;camera&quot;:&quot;&quot;,&quot;caption&quot;:&quot;&quot;,&quot;created_timestamp&quot;:&quot;0&quot;,&quot;copyright&quot;:&quot;&quot;,&quot;focal_length&quot;:&quot;0&quot;,&quot;iso&quot;:&quot;0&quot;,&quot;shutter_speed&quot;:&quot;0&quot;,&quot;title&quot;:&quot;&quot;,&quot;orientation&quot;:&quot;0&quot;}\" data-image-title=\"41525FD1-07A5-4B39-8E7D-B87653EC0F3B\" data-image-description=\"\" data-image-caption=\"\" data-medium-file=\"https:\/\/i0.wp.com\/blogdalucianaoliveira.com.br\/blog\/wp-content\/uploads\/2021\/01\/41525FD1-07A5-4B39-8E7D-B87653EC0F3B.jpeg?fit=300%2C201\" data-large-file=\"https:\/\/i0.wp.com\/blogdalucianaoliveira.com.br\/blog\/wp-content\/uploads\/2021\/01\/41525FD1-07A5-4B39-8E7D-B87653EC0F3B.jpeg?fit=600%2C401\" src=\"https:\/\/i0.wp.com\/blogdalucianaoliveira.com.br\/blog\/wp-content\/uploads\/2021\/01\/41525FD1-07A5-4B39-8E7D-B87653EC0F3B.jpeg?resize=600%2C401\" alt=\"\" class=\"wp-image-30808\" srcset=\"https:\/\/i0.wp.com\/blogdalucianaoliveira.com.br\/blog\/wp-content\/uploads\/2021\/01\/41525FD1-07A5-4B39-8E7D-B87653EC0F3B.jpeg?w=640 640w, https:\/\/i0.wp.com\/blogdalucianaoliveira.com.br\/blog\/wp-content\/uploads\/2021\/01\/41525FD1-07A5-4B39-8E7D-B87653EC0F3B.jpeg?resize=300%2C201 300w, https:\/\/i0.wp.com\/blogdalucianaoliveira.com.br\/blog\/wp-content\/uploads\/2021\/01\/41525FD1-07A5-4B39-8E7D-B87653EC0F3B.jpeg?resize=449%2C300 449w\" sizes=\"auto, (max-width: 600px) 100vw, 600px\" \/><\/figure>\n\n\n\n<p>Fen\u00f4meno \u00e9 reflexo da perda de valores sociais de coletividade e \u00e9 potencializado, segundo especialistas, pela polariza\u00e7\u00e3o pol\u00edtica. Puni\u00e7\u00e3o de infratores n\u00e3o deveria paralisar imuniza\u00e7\u00e3o, como em Manaus<\/p>\n\n\n\n<!--more-->\n\n\n\n<p>El Pa\u00eds, por Joana Oliveira <\/p>\n\n\n\n<p>No\u00a0<a rel=\"noreferrer noopener\" href=\"https:\/\/brasil.elpais.com\/ciencia\/2021-01-29\/a-etica-da-vacinacao.html\" target=\"_blank\">grande festival\u00a0<em>fura-fila\u00a0<\/em>que se tornou a vacina\u00e7\u00e3o contra a covid-19<\/a>\u00a0em v\u00e1rios Estados brasileiros, ju\u00edzes federais do Rio Grande do Sul tentam encomendar doses do imunizante Covaxin, fabricada pela empresa indiana Bharat Biontech, pelo pre\u00e7o de 800 reais por duas doses. Essa vacina ainda n\u00e3o foi aprovada pela Anvisa (Ag\u00eancia Nacional de Vigil\u00e2ncia Sanit\u00e1ria) e sua precifica\u00e7\u00e3o \u00e9 ilegal, j\u00e1 que n\u00e3o foi definida na C\u00e2mara de Regula\u00e7\u00e3o do Mercado de Medicamentos (CMED). Mas esse \u00e9 apenas o exemplo mais recente de como o processo de vacina\u00e7\u00e3o durante a pandemia escancara a crise moral que assola o pa\u00eds e que, segundo diferentes especialistas, \u00e9 potencializada pela\u00a0<a rel=\"noreferrer noopener\" href=\"https:\/\/brasil.elpais.com\/ciencia\/2021-01-08\/polarizacao-se-revela-como-fator-de-risco-na-pandemia.html\" target=\"_blank\">polariza\u00e7\u00e3o pol\u00edtica dos afetos<\/a>.<\/p>\n\n\n\n<p>O Minist\u00e9rio P\u00fablico do Amazonas pediu a pris\u00e3o preventiva do\u00a0<a rel=\"noreferrer noopener\" href=\"https:\/\/brasil.elpais.com\/brasil\/2021-01-16\/aqui-em-manaus-nao-e-segunda-onda-e-o-tsunami-inteiro-que-nao-deixem-isso-acontecer-no-resto-do-pais.html\" target=\"_blank\">prefeito de Manaus, David Almeida\u00a0<\/a>(Avante), e da secret\u00e1ria municipal de Sa\u00fade, Shadia Fraxe, por suposta fraude no processo de vacina\u00e7\u00e3o. Eles s\u00e3o acusados de desviar recursos de sa\u00fade para \u201catender a interesses particulares\u201d e imunizar pessoas com \u201cliga\u00e7\u00f5es pol\u00edticas e econ\u00f4mico-financeiras\u201d com Almeida. Em Pires do Rio (GO), o agora ex-secret\u00e1rio de Sa\u00fade Assis Silva Filho incluiu a si pr\u00f3pria e a sua mulher na lista de vacina\u00e7\u00e3o antes dos grupos priorit\u00e1rios. Denunciado pelo Minist\u00e9rio P\u00fablico (MP) do Estado, ele fez acordo para pagar 50.000 reais de multa e deixou o cargo.<\/p>\n\n\n\n<p>Tamb\u00e9m \u00e9 not\u00f3rio o caso do caso da enfermeira Nathanna Faria Ceschim, da Santa Casa de Miseric\u00f3rdia de Vit\u00f3ria (ES), que publicou nas redes sociais um v\u00eddeo<a href=\"https:\/\/brasil.elpais.com\/brasil\/2021-01-20\/posso-escolher-qual-vacina-tomar-quando-serei-imunizado-contra-a-covid-19-o-que-se-sabe-ate-agora.html\" target=\"_blank\" rel=\"noreferrer noopener\">&nbsp;questionando a efic\u00e1cia da Coronavac&nbsp;<\/a>e, dias depois, fez outra publica\u00e7\u00e3o dizendo que tinha se vacinado apenas para viajar. Ela foi demitida na \u00faltima segunda-feira (25\/01). J\u00e1 na quinta-feira, uma t\u00e9cnica de enfermagem foi afastada ap\u00f3s ter simulado aplicar a vacina em uma idosa de 97 anos, em Macei\u00f3. A cuidadora da nonagen\u00e1ria filmou o momento e denunciou a pr\u00e1tica da profissional.<\/p>\n\n\n\n<p>\u201cEstamos vivendo a\u00a0<a rel=\"noreferrer noopener\" href=\"https:\/\/brasil.elpais.com\/brasil\/2013\/12\/30\/opinion\/1388424661_871576.html\" target=\"_blank\">vers\u00e3o 2.0 do jeitinho brasileiro<\/a>, que se aproveita do desespero dos demais para tirar vantagem\u201d, lamenta Renato Meirelles, fundador e presidente do Instituto Locomotiva. Em junho de 2020, o Instituto publicou uma pesquisa mostrando que um ter\u00e7o das\u00a0<\/p>\n\n\n\n<p>classes A e B usufruiu do aux\u00edlio emergencial criado para a popula\u00e7\u00e3o socioeconomicamente vulner\u00e1vel. \u201cA<a href=\"https:\/\/brasil.elpais.com\/brasil\/2013\/12\/04\/sociedad\/1386197033_853176.html\" target=\"_blank\" rel=\"noreferrer noopener\">&nbsp;fraude \u00e9 transversal a todas as classes econ\u00f4micas<\/a>, mas ela foi acentuada pelas narrativas de disputa pol\u00edtica. Vivemos um enfrentamento entre o campo da a\u00e7\u00e3o civilizat\u00f3ria e o da barb\u00e1rie\u201d, explica. J\u00e1 n\u00e3o se trata de uma disputa \u201centre direita e esquerda\u201d, mas de uma oposi\u00e7\u00e3o entre aqueles que sabem que a Terra \u00e9 redonda e&nbsp;<a href=\"https:\/\/brasil.elpais.com\/brasil\/2019\/02\/27\/ciencia\/1551266455_220666.html\" target=\"_blank\" rel=\"noreferrer noopener\">os que acreditam no terraplanismo<\/a>.<\/p>\n\n\n\n<p>\u201cA no\u00e7\u00e3o deles de liberdade n\u00e3o \u00e9 a favor, \u00e9 sempre contra os outros. \u00c9 a liberdade de fazer os outros morrerem\u201d, avalia Renato Janine Ribeiro, fil\u00f3sofo e professor de \u00c9tica na USP (Universidade de S\u00e3o Paulo). Ele concorda com a chanceler alem\u00e3, Angela Merkel, que disse que a pandemia de covid-19 \u00e9 o&nbsp;<a href=\"https:\/\/brasil.elpais.com\/brasil\/2020-03-18\/merkel-pede-colaboracao-dos-cidadaos-diante-do-maior-desafio-desde-a-segunda-guerra-mundial.html\" target=\"_blank\" rel=\"noreferrer noopener\">maior desafio da humanidade desde a Segunda Guerra Mundial<\/a>. \u201cE o mais grave \u00e9 que a pandemia chegou em um per\u00edodo de racha no mundo, desde a crise de 2008, quando a extrema direita se ergueu e construiu governos antissolid\u00e1rios,&nbsp;<a href=\"https:\/\/brasil.elpais.com\/brasil\/2021-01-24\/bolsonaro-endossou-publicamente-uma-politica-de-destruicao-da-amazonia-e-de-sua-comunidade.html\" target=\"_blank\" rel=\"noreferrer noopener\">com agendas de destrui\u00e7\u00e3o e n\u00e3o de constru\u00e7\u00e3o<\/a>\u201d, acrescenta.<\/p>\n\n\n\n<p>E, no Brasil, como lembra Meirelles, a narrativa do que \u00e9 certo ou errado depende, historicamente, das circunst\u00e2ncias. \u201c\u00c9 um pa\u00eds onde as elites consideram o privil\u00e9gio um direito adquirido e impera o lema\u00a0<em>farinha pouca, meu pir\u00e3o primeiro<\/em>. N\u00e3o teria nenhum problema, por exemplo, as pessoas quererem comprar vacina, se t\u00eam dinheiro para isso, caso houvesse uma abund\u00e2ncia de imunizantes, mas h\u00e1 uma escassez\u201d, argumenta.<\/p>\n\n\n\n<p>Ambos especialistas consideram que as infra\u00e7\u00f5es individuais no processo de imuniza\u00e7\u00e3o s\u00e3o espelho das&nbsp;<a href=\"https:\/\/brasil.elpais.com\/brasil\/2021-01-19\/os-crimes-de-bolsonaro-durante-a-pandemia-segundo-um-grupo-de-juristas-que-pressionam-o-pgr.html\" target=\"_blank\" rel=\"noreferrer noopener\">falhas institucionais de um Governo que, inicialmente, negou a gravidade da pandemia<\/a>, e depois recusou-se a montar estrat\u00e9gias para prevenir o avan\u00e7o do cont\u00e1gio e preparar uma imuniza\u00e7\u00e3o com insumos e capilaridade suficientes. \u201cSe a situa\u00e7\u00e3o pol\u00edtica fosse outra, n\u00e3o perder\u00edamos tempo discutindo fatos e j\u00e1 ter\u00edamos entendido, como sociedade, que o uso da m\u00e1scara \u00e9 para proteger o outro, para proteger a vida em sociedade, um princ\u00edpio que rege tamb\u00e9m a proibi\u00e7\u00e3o de fumar em local fechado, por exemplo\u201d, diz Meirelles.<\/p>\n\n\n\n<p>O fundador do Instituto Locomotiva explica que o fato de o Brasil viver \u201cuma cont\u00ednua crise econ\u00f4mica\u201d, que remonta a 2015, gera tamb\u00e9m uma crise de perspectiva: como os cidad\u00e3os perderam muito \u2014financeiramente e em outros aspectos\u2014, surge uma raiva e um sentimento antissistema que fomenta atitudes individualistas. A disputa de narrativas pol\u00edticas que leva \u00e0 polariza\u00e7\u00e3o acaba provocando rupturas no tecido social. \u201cOs atores pol\u00edticos que surfaram nessa onda, entre eles [Jair] Bolsonaro, tourearam as raivas da popula\u00e7\u00e3o e foram limando um sentimento de coletividade em prol do individualismo\u201d, argumenta.<\/p>\n\n\n\n<p>\u201cE a situa\u00e7\u00e3o \u00e9 agravada pelos grandes<em>passadores de pano<\/em>, que s\u00e3o lenientes com as atitudes do Governo Federal\u201d, acrescenta Janine Ribeiro ao citar os mais de 60\u00a0<a rel=\"noreferrer noopener\" href=\"https:\/\/brasil.elpais.com\/brasil\/2021-01-24\/53-da-populacao-apoia-impeachment-de-bolsonaro-mostra-pesquisa-atlas.html\" target=\"_blank\">pedidos de impeachment contra o presidente Jair Bolsonaro\u00a0<\/a>que aguardam tramita\u00e7\u00e3o na C\u00e2mara dos Deputados, presidida por Rodrigo Maia (DEM). O fil\u00f3sofo acredita, no entanto, que a sociedade brasileira ainda n\u00e3o chegou a um ponto de n\u00e3o retorno e tem chance de resgatar valores civilizat\u00f3rios. Ele usa a Alemanha como exemplo ao lembrar que, d\u00e9cadas depois do nazismo \u2014\u201dque foi a pior coisa do s\u00e9culo XX\u201d\u2014, o pa\u00eds fez um ajuste de contas com seu passado de autoritarismo e se consolidou como uma rep\u00fablica garantista de direitos.<\/p>\n\n\n\n<p>O desafio nesse caminho, no entanto, \u00e9 que o Brasil \u201cnunca processou sua hist\u00f3ria\u201d, de acordo com o fil\u00f3sofo. \u201c<a href=\"https:\/\/brasil.elpais.com\/brasil\/2020-10-28\/memoria-de-navio-prisao-da-ditadura-vem-a-tona-para-cobrar-responsabilidade-do-porto-de-santos-na-justica.html\" target=\"_blank\" rel=\"noreferrer noopener\">A ditadura \u00e9 um exemplo disso<\/a>. Cada vez que o Brasil sai de uma grande crise, ele a varre para debaixo do tapete, quando o que deveria fazer \u00e9 olh\u00e1-la, fazer questionamentos, procurar os respons\u00e1veis e puni-los\u201d, afirma.<\/p>\n\n\n\n<h3 class=\"wp-block-heading\">Crime e castigo<\/h3>\n\n\n\n<p>No caso dos&nbsp;<em>fura-filas&nbsp;<\/em>da vacina contra a<a href=\"https:\/\/brasil.elpais.com\/noticias\/covid-19\/\" target=\"_blank\" rel=\"noreferrer noopener\">&nbsp;covid-19<\/a>, o advogado Marcelo V\u00e1lio, especialista em Direito Constitucional, explica que n\u00e3o faltam instrumentos legais para responsabiliz\u00e1-los. O primeiro que cita \u00e9 o Artigo 268 do C\u00f3digo Penal, que disp\u00f5e sobre a infra\u00e7\u00e3o de medida sanit\u00e1ria preventiva. \u201c\u00c9 justamente o caso de quem passa na frente de grupos priorit\u00e1rios, mesmo conhecendo as determina\u00e7\u00f5es das autoridades de sa\u00fade\u201d, diz. O jurista tamb\u00e9m cita a Lei 13.869 de 2019, que atribui crime de responsabilidade a prefeitos que desviem \u201cbens [no caso, as vacinas], rendas ou servi\u00e7os p\u00fablicos\u201d para benef\u00edcio pr\u00f3prio ou de terceiros.<\/p>\n\n\n\n<p>V\u00e1lio salienta que, pelo menos nos casos citados nesta reportagem, tamb\u00e9m h\u00e1 corrup\u00e7\u00e3o passiva e ativa e que, de modo geral, n\u00e3o deveria existir dificuldade para a puni\u00e7\u00e3o dos infratores. \u201cOs Minist\u00e9rios P\u00fablicos Estaduais t\u00eam compet\u00eancia para denunciar essas pessoas. No caso de secret\u00e1rios de sa\u00fade [como o que vacinou a esposa como uma declara\u00e7\u00e3o de amor], o MP pode entrar com uma medida cautelar de suspens\u00e3o do exerc\u00edcio de fun\u00e7\u00e3o p\u00fablica [previsto no Artigo 319 do C\u00f3digo de Processamento Penal]\u201d.<\/p>\n\n\n\n<p>O epidemiologista Antonio Lima, especialista em sa\u00fade p\u00fablica, considera, no entanto, que o pa\u00eds deve ter outras prioridades antes de voltar-se para a puni\u00e7\u00e3o dos infratores. \u201cClaro que eles devem ser punidos no rigor da lei, mas, para que isso seja feito, n\u00e3o podemos permitir que as investiga\u00e7\u00f5es travem a campanha de vacina\u00e7\u00e3o, como aconteceu em Manaus\u201d, pondera. A vacina\u00e7\u00e3o na capital amazonense foi suspensa no dia 22 de janeiro, ap\u00f3s a suspeita de fraude na distribui\u00e7\u00e3o e aplica\u00e7\u00e3o das doses, e s\u00f3 foi retomada quatro dias depois. Na ter\u00e7a-feira (26\/01), a ju\u00edza federal Jaiza Fraxe suspendeu a distribui\u00e7\u00e3o das vacinas de Oxford (produzidas em parceria com a AstraZeneca) em Manaus para garantir total transpar\u00eancia na programa\u00e7\u00e3o e crit\u00e9rios de vacina\u00e7\u00e3o.<\/p>\n\n\n\n<p>\u201c\u00c9 perigoso travar a campanha de imuniza\u00e7\u00e3o,&nbsp;<a href=\"https:\/\/brasil.elpais.com\/brasil\/2021-01-29\/um-cordel-para-a-vacina.html\" target=\"_blank\" rel=\"noreferrer noopener\">temos \u00e9 que correr<\/a>, ainda mais quando n\u00e3o h\u00e1 previs\u00e3o de insumos imunol\u00f3gicos\u201d, afirma Lima, que defende que a&nbsp;<a href=\"https:\/\/brasil.elpais.com\/brasil\/2021-01-29\/um-cordel-para-a-vacina.html\" target=\"_blank\" rel=\"noreferrer noopener\">vacina\u00e7\u00e3o de profissionais de sa\u00fade&nbsp;<\/a>deveria ocorrer concomitantemente com a imuniza\u00e7\u00e3o de idosos entre 65 e 85 anos. Segundo o epidemiologista, a m\u00e9dia et\u00e1ria de maior mortalidade por covid-19 \u00e9 de 72 anos.<\/p>\n\n\n\n<p>O pesquisador espanhol, Lluis Montoliu, tamb\u00e9m argumenta que os furas-filas devem receber a segunda dose da vacina, mesmo tendo cometido uma falha inaceit\u00e1vel: \u201cEstas pessoas devem receber a segunda dose, porque \u00e9 maior o bem que obtemos ao vacin\u00e1-las (protegendo a elas e ao resto da popula\u00e7\u00e3o) que o dano que elas cometeram \u00e0 sociedade ao se vacinarem antes da hora, ou que o dano que causar\u00edamos \u00e0 sociedade ao interromper o protocolo de vacina\u00e7\u00e3o e causar risco a essas pessoas e ao seu entorno\u201d,\u00a0<a rel=\"noreferrer noopener\" href=\"https:\/\/brasil.elpais.com\/ciencia\/2021-01-29\/a-etica-da-vacinacao.html\" target=\"_blank\">escreveu ele<\/a>.<\/p>\n\n\n\n<p>Lima lembra que, al\u00e9m da escassa quantidade de doses no pa\u00eds, a efic\u00e1cia \u2014muito inferior aos 95% da vacina contra a influenza, por exemplo\u2014, \u00e9 \u201cmuito boa\u201d para evitar hospitaliza\u00e7\u00f5es e mortes, mas exige uma cobertura grande coletiva. Ou seja, trata-se de uma vacina que tem potencial para frear a pandemia e desafogar as UTIs, principalmente do SUS (Sistema \u00danico de Sa\u00fade). Por isso, o epidemiologista tem pressa e ecoa a d\u00favida urgente de milh\u00f5es de brasileiros: \u201cQuanto tempo vamos levar para colocar a vacina no bra\u00e7o de quem precisa?\u201d.<\/p>\n","protected":false},"excerpt":{"rendered":"<p>Fen\u00f4meno \u00e9 reflexo da perda de valores sociais de coletividade e \u00e9 potencializado, segundo especialistas, pela polariza\u00e7\u00e3o pol\u00edtica. Puni\u00e7\u00e3o de infratores n\u00e3o deveria paralisar imuniza\u00e7\u00e3o, como em Manaus<\/p>\n","protected":false},"author":1,"featured_media":0,"comment_status":"closed","ping_status":"open","sticky":false,"template":"","format":"standard","meta":{"_exactmetrics_skip_tracking":false,"_exactmetrics_sitenote_active":false,"_exactmetrics_sitenote_note":"","_exactmetrics_sitenote_category":0,"jetpack_post_was_ever_published":false,"_jetpack_newsletter_access":"","_jetpack_dont_email_post_to_subs":false,"_jetpack_newsletter_tier_id":0,"_jetpack_memberships_contains_paywalled_content":false,"_jetpack_memberships_contains_paid_content":false,"footnotes":"","jetpack_publicize_message":"","jetpack_publicize_feature_enabled":true,"jetpack_social_post_already_shared":true,"jetpack_social_options":{"image_generator_settings":{"template":"highway","enabled":false},"version":2}},"categories":[1],"tags":[],"class_list":["post-30807","post","type-post","status-publish","format-standard","hentry","category-notas"],"jetpack_publicize_connections":[],"jetpack_sharing_enabled":true,"jetpack_featured_media_url":"","jetpack_shortlink":"https:\/\/wp.me\/p7wKYW-80T","jetpack-related-posts":[],"_links":{"self":[{"href":"http:\/\/blogdalucianaoliveira.com.br\/blog\/wp-json\/wp\/v2\/posts\/30807","targetHints":{"allow":["GET"]}}],"collection":[{"href":"http:\/\/blogdalucianaoliveira.com.br\/blog\/wp-json\/wp\/v2\/posts"}],"about":[{"href":"http:\/\/blogdalucianaoliveira.com.br\/blog\/wp-json\/wp\/v2\/types\/post"}],"author":[{"embeddable":true,"href":"http:\/\/blogdalucianaoliveira.com.br\/blog\/wp-json\/wp\/v2\/users\/1"}],"replies":[{"embeddable":true,"href":"http:\/\/blogdalucianaoliveira.com.br\/blog\/wp-json\/wp\/v2\/comments?post=30807"}],"version-history":[{"count":1,"href":"http:\/\/blogdalucianaoliveira.com.br\/blog\/wp-json\/wp\/v2\/posts\/30807\/revisions"}],"predecessor-version":[{"id":30809,"href":"http:\/\/blogdalucianaoliveira.com.br\/blog\/wp-json\/wp\/v2\/posts\/30807\/revisions\/30809"}],"wp:attachment":[{"href":"http:\/\/blogdalucianaoliveira.com.br\/blog\/wp-json\/wp\/v2\/media?parent=30807"}],"wp:term":[{"taxonomy":"category","embeddable":true,"href":"http:\/\/blogdalucianaoliveira.com.br\/blog\/wp-json\/wp\/v2\/categories?post=30807"},{"taxonomy":"post_tag","embeddable":true,"href":"http:\/\/blogdalucianaoliveira.com.br\/blog\/wp-json\/wp\/v2\/tags?post=30807"}],"curies":[{"name":"wp","href":"https:\/\/api.w.org\/{rel}","templated":true}]}}