{"id":30810,"date":"2021-02-01T11:31:38","date_gmt":"2021-02-01T15:31:38","guid":{"rendered":"http:\/\/blogdalucianaoliveira.com.br\/blog\/?p=30810"},"modified":"2021-02-01T11:31:45","modified_gmt":"2021-02-01T15:31:45","slug":"ao-lado-de-bolsonaro-fux-diz-que-a-racionalidade-vencera-o-obscurantismo","status":"publish","type":"post","link":"http:\/\/blogdalucianaoliveira.com.br\/blog\/2021\/02\/01\/ao-lado-de-bolsonaro-fux-diz-que-a-racionalidade-vencera-o-obscurantismo\/","title":{"rendered":"Ao lado de Bolsonaro, Fux diz que a &#8220;racionalidade vencer\u00e1 o obscurantismo\u201d"},"content":{"rendered":"\n<figure class=\"wp-block-image size-large\"><img data-recalc-dims=\"1\" loading=\"lazy\" decoding=\"async\" width=\"473\" height=\"240\" data-attachment-id=\"30811\" data-permalink=\"http:\/\/blogdalucianaoliveira.com.br\/blog\/2021\/02\/01\/ao-lado-de-bolsonaro-fux-diz-que-a-racionalidade-vencera-o-obscurantismo\/84155d3d-3e68-4e30-94ba-c143921dec2c\/\" data-orig-file=\"https:\/\/i0.wp.com\/blogdalucianaoliveira.com.br\/blog\/wp-content\/uploads\/2021\/02\/84155D3D-3E68-4E30-94BA-C143921DEC2C.jpeg?fit=473%2C240\" data-orig-size=\"473,240\" data-comments-opened=\"0\" data-image-meta=\"{&quot;aperture&quot;:&quot;0&quot;,&quot;credit&quot;:&quot;&quot;,&quot;camera&quot;:&quot;&quot;,&quot;caption&quot;:&quot;&quot;,&quot;created_timestamp&quot;:&quot;0&quot;,&quot;copyright&quot;:&quot;&quot;,&quot;focal_length&quot;:&quot;0&quot;,&quot;iso&quot;:&quot;0&quot;,&quot;shutter_speed&quot;:&quot;0&quot;,&quot;title&quot;:&quot;&quot;,&quot;orientation&quot;:&quot;0&quot;}\" data-image-title=\"84155D3D-3E68-4E30-94BA-C143921DEC2C\" data-image-description=\"\" data-image-caption=\"\" data-medium-file=\"https:\/\/i0.wp.com\/blogdalucianaoliveira.com.br\/blog\/wp-content\/uploads\/2021\/02\/84155D3D-3E68-4E30-94BA-C143921DEC2C.jpeg?fit=300%2C152\" data-large-file=\"https:\/\/i0.wp.com\/blogdalucianaoliveira.com.br\/blog\/wp-content\/uploads\/2021\/02\/84155D3D-3E68-4E30-94BA-C143921DEC2C.jpeg?fit=473%2C240\" src=\"https:\/\/i0.wp.com\/blogdalucianaoliveira.com.br\/blog\/wp-content\/uploads\/2021\/02\/84155D3D-3E68-4E30-94BA-C143921DEC2C.jpeg?resize=473%2C240\" alt=\"\" class=\"wp-image-30811\" srcset=\"https:\/\/i0.wp.com\/blogdalucianaoliveira.com.br\/blog\/wp-content\/uploads\/2021\/02\/84155D3D-3E68-4E30-94BA-C143921DEC2C.jpeg?w=473 473w, https:\/\/i0.wp.com\/blogdalucianaoliveira.com.br\/blog\/wp-content\/uploads\/2021\/02\/84155D3D-3E68-4E30-94BA-C143921DEC2C.jpeg?resize=300%2C152 300w\" sizes=\"auto, (max-width: 473px) 100vw, 473px\" \/><\/figure>\n\n\n\n<p><strong>247 &#8211;\u00a0<\/strong>O presidente do Supremo Tribunal Federa (STF), ministro Luiz Fux, criticou nesta segunda-feira (1), durante cerim\u00f4nia de abertura do Ano Jur\u00eddico de 2021, o discurso negacionista do bolsonarismo ao afirmar que a &#8220;racionalidade vencer\u00e1 o obscurantismo\u201d. A sess\u00e3o contou com a presen\u00e7a de Jair Bolsonaro e do presidente do Congresso, Davi Alcolumbre.\u00a0<br><\/p>\n\n\n\n<!--more-->\n\n\n\n<p>Antes de iniciar o discurso, Fux pediu um minuto de sil\u00eancio para homenagear as mais de 220 mais de 200 mil v\u00edtimas de Covid-19 &nbsp;e logo ap\u00f3s afirmou n\u00e3o ter d\u00favidas &#8220;de que a ci\u00eancia, que agora conta com a t\u00e3o almejada vacina, vencer\u00e1 o v\u00edrus, a prud\u00eancia vencer\u00e1 a perturba\u00e7\u00e3o, e a racionalidade vencer\u00e1 o obscurantismo\u201d. &nbsp;<\/p>\n\n\n\n<p>Segundo reportagem do\u00a0<a rel=\"noreferrer noopener\" target=\"_blank\" href=\"https:\/\/g1.globo.com\/politica\/noticia\/2021\/02\/01\/racionalidade-vencera-obscurantismo-diz-fux-na-primeira-sessao-do-ano-do-stf.ghtml\">G1<\/a>, o ministro tamb\u00e9m criticou o que chamou de \u201cvozes isoladas\u201d do negacionismo cient\u00edfico. \u201cN\u00e3o devemos ouvir as vozes isoladas, algumas inclusive no \u00e2mbito do Poder Judici\u00e1rio \u2014 confesso, fiquei estarrecido com o pronunciamento de um presidente de TJ minimizando as dores desse flagelo \u2014, pessoas que abusam da liberdade de express\u00e3o para propagar \u00f3dio, desprezam as v\u00edtimas e desprezam de forma, atrav\u00e9s do negacionismo cient\u00edfico, o problema grave que vivemos. \u00c9 tempo de valorizarmos as vozes ponderadas, confiantes e criativas que laboram diuturnamente, nas esferas p\u00fablica e privada, para juntos vencermos essa batalha\u201d, destacou. \u00a0<br><\/p>\n\n\n\n<p>Ele tamb\u00e9m rebateu a declara\u00e7\u00e3o feita por Bolsonaro de que foi impedido pela Justi\u00e7a de implantar determinadas a\u00e7\u00f5es de enfrentamento \u00e0 pandemia por imposi\u00e7\u00e3o do Poder Judici\u00e1rio. \u201cEm meio \u00e0 pandemia, o STF fez escolhas corretas para preserva\u00e7\u00e3o da Constitui\u00e7\u00e3o e da democracia, impondo responsabilidades a todos os entes federativos, em prol da sociedade brasileira&#8221;, disse Fux.\u00a0<\/p>\n","protected":false},"excerpt":{"rendered":"<p>247 &#8211;\u00a0O presidente do Supremo Tribunal Federa (STF), ministro Luiz Fux, criticou nesta segunda-feira (1), durante cerim\u00f4nia de abertura do Ano Jur\u00eddico de 2021, o discurso negacionista do bolsonarismo ao afirmar que a &#8220;racionalidade vencer\u00e1 o obscurantismo\u201d. A sess\u00e3o contou com a presen\u00e7a de Jair Bolsonaro e do presidente do Congresso, Davi Alcolumbre.\u00a0<\/p>\n","protected":false},"author":1,"featured_media":0,"comment_status":"closed","ping_status":"open","sticky":false,"template":"","format":"standard","meta":{"_exactmetrics_skip_tracking":false,"_exactmetrics_sitenote_active":false,"_exactmetrics_sitenote_note":"","_exactmetrics_sitenote_category":0,"jetpack_post_was_ever_published":false,"_jetpack_newsletter_access":"","_jetpack_dont_email_post_to_subs":false,"_jetpack_newsletter_tier_id":0,"_jetpack_memberships_contains_paywalled_content":false,"_jetpack_memberships_contains_paid_content":false,"footnotes":"","jetpack_publicize_message":"","jetpack_publicize_feature_enabled":true,"jetpack_social_post_already_shared":true,"jetpack_social_options":{"image_generator_settings":{"template":"highway","enabled":false},"version":2}},"categories":[1],"tags":[],"class_list":["post-30810","post","type-post","status-publish","format-standard","hentry","category-notas"],"jetpack_publicize_connections":[],"jetpack_sharing_enabled":true,"jetpack_featured_media_url":"","jetpack_shortlink":"https:\/\/wp.me\/p7wKYW-80W","jetpack-related-posts":[],"_links":{"self":[{"href":"http:\/\/blogdalucianaoliveira.com.br\/blog\/wp-json\/wp\/v2\/posts\/30810","targetHints":{"allow":["GET"]}}],"collection":[{"href":"http:\/\/blogdalucianaoliveira.com.br\/blog\/wp-json\/wp\/v2\/posts"}],"about":[{"href":"http:\/\/blogdalucianaoliveira.com.br\/blog\/wp-json\/wp\/v2\/types\/post"}],"author":[{"embeddable":true,"href":"http:\/\/blogdalucianaoliveira.com.br\/blog\/wp-json\/wp\/v2\/users\/1"}],"replies":[{"embeddable":true,"href":"http:\/\/blogdalucianaoliveira.com.br\/blog\/wp-json\/wp\/v2\/comments?post=30810"}],"version-history":[{"count":1,"href":"http:\/\/blogdalucianaoliveira.com.br\/blog\/wp-json\/wp\/v2\/posts\/30810\/revisions"}],"predecessor-version":[{"id":30812,"href":"http:\/\/blogdalucianaoliveira.com.br\/blog\/wp-json\/wp\/v2\/posts\/30810\/revisions\/30812"}],"wp:attachment":[{"href":"http:\/\/blogdalucianaoliveira.com.br\/blog\/wp-json\/wp\/v2\/media?parent=30810"}],"wp:term":[{"taxonomy":"category","embeddable":true,"href":"http:\/\/blogdalucianaoliveira.com.br\/blog\/wp-json\/wp\/v2\/categories?post=30810"},{"taxonomy":"post_tag","embeddable":true,"href":"http:\/\/blogdalucianaoliveira.com.br\/blog\/wp-json\/wp\/v2\/tags?post=30810"}],"curies":[{"name":"wp","href":"https:\/\/api.w.org\/{rel}","templated":true}]}}