{"id":30814,"date":"2021-02-01T11:45:24","date_gmt":"2021-02-01T15:45:24","guid":{"rendered":"http:\/\/blogdalucianaoliveira.com.br\/blog\/?p=30814"},"modified":"2021-02-01T11:46:02","modified_gmt":"2021-02-01T15:46:02","slug":"o-milionario-que-fingiu-ser-pobre-para-se-vacinar","status":"publish","type":"post","link":"http:\/\/blogdalucianaoliveira.com.br\/blog\/2021\/02\/01\/o-milionario-que-fingiu-ser-pobre-para-se-vacinar\/","title":{"rendered":"O milion\u00e1rio que fingiu ser pobre para se vacinar"},"content":{"rendered":"\n<figure class=\"wp-block-image size-large\"><img data-recalc-dims=\"1\" loading=\"lazy\" decoding=\"async\" width=\"600\" height=\"341\" data-attachment-id=\"30815\" data-permalink=\"http:\/\/blogdalucianaoliveira.com.br\/blog\/2021\/02\/01\/o-milionario-que-fingiu-ser-pobre-para-se-vacinar\/9ae78663-befb-4645-b49a-e7fe645c0d22\/\" data-orig-file=\"https:\/\/i0.wp.com\/blogdalucianaoliveira.com.br\/blog\/wp-content\/uploads\/2021\/02\/9AE78663-BEFB-4645-B49A-E7FE645C0D22.jpeg?fit=640%2C364\" data-orig-size=\"640,364\" data-comments-opened=\"0\" data-image-meta=\"{&quot;aperture&quot;:&quot;0&quot;,&quot;credit&quot;:&quot;&quot;,&quot;camera&quot;:&quot;&quot;,&quot;caption&quot;:&quot;&quot;,&quot;created_timestamp&quot;:&quot;0&quot;,&quot;copyright&quot;:&quot;&quot;,&quot;focal_length&quot;:&quot;0&quot;,&quot;iso&quot;:&quot;0&quot;,&quot;shutter_speed&quot;:&quot;0&quot;,&quot;title&quot;:&quot;&quot;,&quot;orientation&quot;:&quot;0&quot;}\" data-image-title=\"9AE78663-BEFB-4645-B49A-E7FE645C0D22\" data-image-description=\"\" data-image-caption=\"\" data-medium-file=\"https:\/\/i0.wp.com\/blogdalucianaoliveira.com.br\/blog\/wp-content\/uploads\/2021\/02\/9AE78663-BEFB-4645-B49A-E7FE645C0D22.jpeg?fit=300%2C171\" data-large-file=\"https:\/\/i0.wp.com\/blogdalucianaoliveira.com.br\/blog\/wp-content\/uploads\/2021\/02\/9AE78663-BEFB-4645-B49A-E7FE645C0D22.jpeg?fit=600%2C341\" src=\"https:\/\/i0.wp.com\/blogdalucianaoliveira.com.br\/blog\/wp-content\/uploads\/2021\/02\/9AE78663-BEFB-4645-B49A-E7FE645C0D22.jpeg?resize=600%2C341\" alt=\"\" class=\"wp-image-30815\" srcset=\"https:\/\/i0.wp.com\/blogdalucianaoliveira.com.br\/blog\/wp-content\/uploads\/2021\/02\/9AE78663-BEFB-4645-B49A-E7FE645C0D22.jpeg?w=640 640w, https:\/\/i0.wp.com\/blogdalucianaoliveira.com.br\/blog\/wp-content\/uploads\/2021\/02\/9AE78663-BEFB-4645-B49A-E7FE645C0D22.jpeg?resize=300%2C171 300w, https:\/\/i0.wp.com\/blogdalucianaoliveira.com.br\/blog\/wp-content\/uploads\/2021\/02\/9AE78663-BEFB-4645-B49A-E7FE645C0D22.jpeg?resize=527%2C300 527w\" sizes=\"auto, (max-width: 600px) 100vw, 600px\" \/><\/figure>\n\n\n\n<p>Magnata e sua esposa se passaram por empregados de um motel em uma cidadezinha canadense perto do Alasca para se imunizarem antes que os ind\u00edgenas<br><\/p>\n\n\n\n<!--more-->\n\n\n\n<p><strong>Jaime Porras Ferreyra, no El Pa\u00eds<\/strong><\/p>\n\n\n\n<p>A&nbsp;<a rel=\"noreferrer noopener\" href=\"https:\/\/brasil.elpais.com\/noticias\/pandemia\/\" target=\"_blank\">pandemia<\/a>&nbsp;revelou demonstra\u00e7\u00f5es de solidariedade e empatia; tamb\u00e9m atos&nbsp;<a rel=\"noreferrer noopener\" href=\"https:\/\/brasil.elpais.com\/brasil\/2021-01-30\/os-fura-filas-da-vacinacao-contra-a-covid-19-a-nefasta-versao-20-do-jeitinho-brasileiro.html\" target=\"_blank\">de inf\u00e2mia e ego\u00edsmo<\/a>. Rodney Baker (de 55 anos), milion\u00e1rio da ind\u00fastria do jogo, e Ekaterina Baker (de 32 anos), atriz de cinema, provocaram irrita\u00e7\u00e3o no Canad\u00e1. O casal foi multado por viajar e mentir para ser&nbsp;<a rel=\"noreferrer noopener\" href=\"https:\/\/brasil.elpais.com\/brasil\/2021-01-30\/participacao-da-iniciativa-privada-vai-aprofundar-desigualdade-e-caos-da-vacinacao-no-brasil.html\" target=\"_blank\">vacinado contra a covid-19<\/a>&nbsp;em detrimento dos membros de uma comunidade ind\u00edgena pr\u00f3xima da fronteira com o Alasca. No entanto, a san\u00e7\u00e3o pode ser aumentada como resultado da onda de indigna\u00e7\u00e3o.<\/p>\n\n\n\n<p>Como informou o&nbsp;<em>Yukon News<\/em>, os Baker viajaram de Vancouver, na Col\u00fambia Brit\u00e2nica, at\u00e9 Whitehorse (capital do territ\u00f3rio de Yukon) em 20 de janeiro. Dois dias depois, pagaram um voo charter para aterrissar 540 quil\u00f4metros depois, em Beaver Creek, uma comunidade de uma centena de pessoas, em sua maioria de origem aut\u00f3ctone. O Governo de&nbsp;<a rel=\"noreferrer noopener\" href=\"https:\/\/brasil.elpais.com\/noticias\/justin-pierre-james-trudeau\/\" target=\"_blank\">Justin Trudeau<\/a>&nbsp;se comprometeu a reservar certas quantidades de vacina \u2014 entre os primeiros lotes recebidos \u2014 para as popula\u00e7\u00f5es ind\u00edgenas localizadas em \u00e1reas remotas.&nbsp;<br><\/p>\n\n\n\n<p>Esse foi o caso de Beaver Creek, onde uma cl\u00ednica m\u00f3vel come\u00e7ou a administrar o ant\u00edgeno desenvolvido pela Moderna em 18 de janeiro.<\/p>\n\n\n\n<p>Rodney e Ekaterina Baker receberam as doses alegando que eram empregados de um motel da regi\u00e3o. Mostraram ao&nbsp;<a href=\"https:\/\/brasil.elpais.com\/noticias\/personal-sanitario\/\" target=\"_blank\" rel=\"noreferrer noopener\">pessoal sanit\u00e1rio<\/a>documentos de identifica\u00e7\u00e3o do seguro m\u00e9dico das prov\u00edncias de Ont\u00e1rio e Col\u00fambia Brit\u00e2nica afirmando que residiriam pouco tempo em Yukon. \u201cAs pessoas que moram e trabalham no territ\u00f3rio n\u00e3o precisam de uma identifica\u00e7\u00e3o do Yukon para ser vacinadas; o Governo tinha anunciado que documentos de identifica\u00e7\u00e3o de seguros m\u00e9dicos de outras jurisdi\u00e7\u00f5es seriam aceitos se essas pessoas s\u00e3o residentes no territ\u00f3rio\u201d, precisou o jornal.<\/p>\n\n\n\n<p>O pessoal sanit\u00e1rio, j\u00e1 com algumas d\u00favidas, se surpreendeu quando o casal pediu para ser levado ao pequeno aeroporto da comunidade. Telefonaram para o motel e receberam a confirma\u00e7\u00e3o de que n\u00e3o faziam parte do quadro de funcion\u00e1rios e assim decidiram entrar em contato com as autoridades, que visitaram o endere\u00e7o que os Bakers tinham indicado como o local onde passariam a quarentena obrigat\u00f3ria. Como n\u00e3o obtiveram resposta, foram para o aeroporto.<\/p>\n\n\n\n<p>O milion\u00e1rio e a atriz se preparavam para pegar um voo de volta para Vancouver, onde residem. Cada um foi multado em 1.150 d\u00f3lares canadenses (cerca de 4.918 reais) por ter violado duas disposi\u00e7\u00f5es da lei de medidas civis de emerg\u00eancia: n\u00e3o ter respeitado o confinamento obrigat\u00f3rio de 14 dias e descumprir uma declara\u00e7\u00e3o assinada. A normativa indica que estas a\u00e7\u00f5es podem acarretar penas de seis meses de pris\u00e3o. Angela Demit, chefe da reserva ind\u00edgena de White River, disse em um comunicado: \u201cEstamos muito preocupados com as a\u00e7\u00f5es de indiv\u00edduos que colocam em perigo nossos&nbsp;<a href=\"https:\/\/brasil.elpais.com\/internacional\/2020-12-27\/vacinacao-de-idosos-comeca-na-espanha-precisamos-ser-os-primeiros-porque-sentimos-falta-dos-abracos.html\" target=\"_blank\" rel=\"noreferrer noopener\">idosos e nossa gente mais vulner\u00e1vel<\/a>\u201d. Demit acrescentou que sua reserva considera que as san\u00e7\u00f5es impostas s\u00e3o muito leves e pediu \u00e0 Real Pol\u00edcia Montada do Canad\u00e1 a abertura de uma investiga\u00e7\u00e3o.<\/p>\n\n\n\n<p>Kluane Adamek, l\u00edder da Assembleia das Primeiras Na\u00e7\u00f5es do Yukon, disse que as comunidades desse territ\u00f3rio devem saber que \u201cessas a\u00e7\u00f5es n\u00e3o ser\u00e3o toleradas e que as autoridades devem impor restri\u00e7\u00f5es mais severas\u201d. Por seu lado, Bonnie Henry, oficial de sa\u00fade da Col\u00fambia Brit\u00e2nica, criticou&nbsp;<a href=\"https:\/\/brasil.elpais.com\/brasil\/2021-01-30\/os-fura-filas-da-vacinacao-contra-a-covid-19-a-nefasta-versao-20-do-jeitinho-brasileiro.html\" target=\"_blank\" rel=\"noreferrer noopener\">aqueles que pulam a fila&nbsp;<\/a>para obter a vacina, comentando especificamente o caso dos Baker. \u201cEles deveriam ter vergonha de si mesmos. Colocaram uma comunidade em risco pensando em seu pr\u00f3prio benef\u00edcio e isso para mim \u00e9 espantoso\u201d, afirmou.<\/p>\n\n\n\n<p>Rodney Baker renunciou na segunda-feira ao posto de CEO da Great Canadian Gaming Corporation, empresa que possui hip\u00f3dromos e cassinos em v\u00e1rios pontos do&nbsp;<a href=\"https:\/\/brasil.elpais.com\/noticias\/canada\/\" target=\"_blank\" rel=\"noreferrer noopener\">Canad\u00e1.<\/a>&nbsp;O pa\u00eds tem mais de 774.000 casos de covid-19. Cerca de 870.000 canadenses j\u00e1 receberam a primeira dose da vacina. N\u00e3o se sabe quando os Baker poderiam receber a segunda inje\u00e7\u00e3o.<\/p>\n","protected":false},"excerpt":{"rendered":"<p>Magnata e sua esposa se passaram por empregados de um motel em uma cidadezinha canadense perto do Alasca para se imunizarem antes que os ind\u00edgenas<\/p>\n","protected":false},"author":1,"featured_media":0,"comment_status":"closed","ping_status":"open","sticky":false,"template":"","format":"standard","meta":{"_exactmetrics_skip_tracking":false,"_exactmetrics_sitenote_active":false,"_exactmetrics_sitenote_note":"","_exactmetrics_sitenote_category":0,"jetpack_post_was_ever_published":false,"_jetpack_newsletter_access":"","_jetpack_dont_email_post_to_subs":false,"_jetpack_newsletter_tier_id":0,"_jetpack_memberships_contains_paywalled_content":false,"_jetpack_memberships_contains_paid_content":false,"footnotes":"","jetpack_publicize_message":"","jetpack_publicize_feature_enabled":true,"jetpack_social_post_already_shared":true,"jetpack_social_options":{"image_generator_settings":{"template":"highway","enabled":false},"version":2}},"categories":[1],"tags":[],"class_list":["post-30814","post","type-post","status-publish","format-standard","hentry","category-notas"],"jetpack_publicize_connections":[],"jetpack_sharing_enabled":true,"jetpack_featured_media_url":"","jetpack_shortlink":"https:\/\/wp.me\/p7wKYW-810","jetpack-related-posts":[],"_links":{"self":[{"href":"http:\/\/blogdalucianaoliveira.com.br\/blog\/wp-json\/wp\/v2\/posts\/30814","targetHints":{"allow":["GET"]}}],"collection":[{"href":"http:\/\/blogdalucianaoliveira.com.br\/blog\/wp-json\/wp\/v2\/posts"}],"about":[{"href":"http:\/\/blogdalucianaoliveira.com.br\/blog\/wp-json\/wp\/v2\/types\/post"}],"author":[{"embeddable":true,"href":"http:\/\/blogdalucianaoliveira.com.br\/blog\/wp-json\/wp\/v2\/users\/1"}],"replies":[{"embeddable":true,"href":"http:\/\/blogdalucianaoliveira.com.br\/blog\/wp-json\/wp\/v2\/comments?post=30814"}],"version-history":[{"count":2,"href":"http:\/\/blogdalucianaoliveira.com.br\/blog\/wp-json\/wp\/v2\/posts\/30814\/revisions"}],"predecessor-version":[{"id":30817,"href":"http:\/\/blogdalucianaoliveira.com.br\/blog\/wp-json\/wp\/v2\/posts\/30814\/revisions\/30817"}],"wp:attachment":[{"href":"http:\/\/blogdalucianaoliveira.com.br\/blog\/wp-json\/wp\/v2\/media?parent=30814"}],"wp:term":[{"taxonomy":"category","embeddable":true,"href":"http:\/\/blogdalucianaoliveira.com.br\/blog\/wp-json\/wp\/v2\/categories?post=30814"},{"taxonomy":"post_tag","embeddable":true,"href":"http:\/\/blogdalucianaoliveira.com.br\/blog\/wp-json\/wp\/v2\/tags?post=30814"}],"curies":[{"name":"wp","href":"https:\/\/api.w.org\/{rel}","templated":true}]}}