{"id":30818,"date":"2021-02-01T19:36:27","date_gmt":"2021-02-01T23:36:27","guid":{"rendered":"http:\/\/blogdalucianaoliveira.com.br\/blog\/?p=30818"},"modified":"2021-02-01T19:36:34","modified_gmt":"2021-02-01T23:36:34","slug":"deveriamos-estar-indignados-mas-indignacao-nao-e-uma-palavra-forte-o-suficiente","status":"publish","type":"post","link":"http:\/\/blogdalucianaoliveira.com.br\/blog\/2021\/02\/01\/deveriamos-estar-indignados-mas-indignacao-nao-e-uma-palavra-forte-o-suficiente\/","title":{"rendered":"Dever\u00edamos estar indignados, mas &#8220;indigna\u00e7\u00e3o&#8221; n\u00e3o \u00e9 uma palavra forte o suficiente"},"content":{"rendered":"\n<figure class=\"wp-block-image size-large\"><img data-recalc-dims=\"1\" loading=\"lazy\" decoding=\"async\" width=\"600\" height=\"419\" data-attachment-id=\"30819\" data-permalink=\"http:\/\/blogdalucianaoliveira.com.br\/blog\/2021\/02\/01\/deveriamos-estar-indignados-mas-indignacao-nao-e-uma-palavra-forte-o-suficiente\/09203f01-f582-4f53-bbc2-2488e65c213a\/\" data-orig-file=\"https:\/\/i0.wp.com\/blogdalucianaoliveira.com.br\/blog\/wp-content\/uploads\/2021\/02\/09203F01-F582-4F53-BBC2-2488E65C213A.jpeg?fit=800%2C558\" data-orig-size=\"800,558\" data-comments-opened=\"0\" data-image-meta=\"{&quot;aperture&quot;:&quot;0&quot;,&quot;credit&quot;:&quot;&quot;,&quot;camera&quot;:&quot;&quot;,&quot;caption&quot;:&quot;&quot;,&quot;created_timestamp&quot;:&quot;0&quot;,&quot;copyright&quot;:&quot;&quot;,&quot;focal_length&quot;:&quot;0&quot;,&quot;iso&quot;:&quot;0&quot;,&quot;shutter_speed&quot;:&quot;0&quot;,&quot;title&quot;:&quot;&quot;,&quot;orientation&quot;:&quot;0&quot;}\" data-image-title=\"09203F01-F582-4F53-BBC2-2488E65C213A\" data-image-description=\"\" data-image-caption=\"\" data-medium-file=\"https:\/\/i0.wp.com\/blogdalucianaoliveira.com.br\/blog\/wp-content\/uploads\/2021\/02\/09203F01-F582-4F53-BBC2-2488E65C213A.jpeg?fit=300%2C209\" data-large-file=\"https:\/\/i0.wp.com\/blogdalucianaoliveira.com.br\/blog\/wp-content\/uploads\/2021\/02\/09203F01-F582-4F53-BBC2-2488E65C213A.jpeg?fit=600%2C419\" src=\"https:\/\/i0.wp.com\/blogdalucianaoliveira.com.br\/blog\/wp-content\/uploads\/2021\/02\/09203F01-F582-4F53-BBC2-2488E65C213A.jpeg?resize=600%2C419\" alt=\"\" class=\"wp-image-30819\" srcset=\"https:\/\/i0.wp.com\/blogdalucianaoliveira.com.br\/blog\/wp-content\/uploads\/2021\/02\/09203F01-F582-4F53-BBC2-2488E65C213A.jpeg?w=800 800w, https:\/\/i0.wp.com\/blogdalucianaoliveira.com.br\/blog\/wp-content\/uploads\/2021\/02\/09203F01-F582-4F53-BBC2-2488E65C213A.jpeg?resize=300%2C209 300w, https:\/\/i0.wp.com\/blogdalucianaoliveira.com.br\/blog\/wp-content\/uploads\/2021\/02\/09203F01-F582-4F53-BBC2-2488E65C213A.jpeg?resize=768%2C536 768w, https:\/\/i0.wp.com\/blogdalucianaoliveira.com.br\/blog\/wp-content\/uploads\/2021\/02\/09203F01-F582-4F53-BBC2-2488E65C213A.jpeg?resize=430%2C300 430w\" sizes=\"auto, (max-width: 600px) 100vw, 600px\" \/><\/figure>\n\n\n\n<blockquote class=\"wp-block-quote is-layout-flow wp-block-quote-is-layout-flow\"><p>Ser\u00e1 que aprenderemos as li\u00e7\u00f5es desta pandemia ou avan\u00e7aremos \u00e0 pr\u00f3xima cat\u00e1strofe?<\/p><\/blockquote>\n\n\n\n<!--more-->\n\n\n\n<p>No Brasil de Fato<br><\/p>\n\n\n\n<p>Queridos amigos e amigas,<\/p>\n\n\n\n<p>Sauda\u00e7\u00f5es do&nbsp;<a href=\"https:\/\/www.thetricontinental.org\/pt-pt\">Instituto Tricontinental de Pesquisa Social.<\/a><\/p>\n\n\n\n<p>Algum dia o mundo estar\u00e1 livre do coronav\u00edrus. Ent\u00e3o, olharemos para tr\u00e1s com dist\u00e2ncia para esses anos de mis\u00e9ria infligidos por um v\u00edrus com prote\u00ednas&nbsp;<em>spike<\/em>&nbsp;que atingiu milh\u00f5es de pessoas e manteve a vida social em suas garras. Muito ser\u00e1 debatido sobre as origens do v\u00edrus e a rapidez com que se espalhou pelo mundo, uma transmiss\u00e3o que mostra o qu\u00e3o intimamente interconectados nos tornamos devido \u00e0s modernas tecnologias de transporte. N\u00e3o h\u00e1 volta atr\u00e1s em rela\u00e7\u00e3o a esses processos que continuar\u00e3o encolhendo o globo, aproximando-nos cada vez mais, fazendo circular cada vez mais outros v\u00edrus e doen\u00e7as. Voltar-se para dentro n\u00e3o \u00e9 solu\u00e7\u00e3o para as ondas de cont\u00e1gio que j\u00e1 nos precederam \u2014 das pragas do in\u00edcio da era moderna em diante \u2014 e aquelas que ainda n\u00e3o apareceram. Ainda n\u00e3o existe um m\u00e9todo em nosso repert\u00f3rio para erradicar a possibilidade de algo como o coronav\u00edrus. Nosso foco deve ser como nos proteger.<\/p>\n\n\n\n<p>Ser\u00e1 que aprenderemos as li\u00e7\u00f5es dadas por esta pandemia ou, ap\u00f3s um suspiro de al\u00edvio, avan\u00e7aremos com a arrog\u00e2ncia da vit\u00f3ria em dire\u00e7\u00e3o \u00e0 pr\u00f3xima cat\u00e1strofe? A epidemia de gripe de 1918 atingiu os pa\u00edses no momento em que a Grande Guerra chegava ao fim, as tropas levando o v\u00edrus de volta para suas casas e levando o n\u00famero de mortos a algo entre 50 e 100 milh\u00f5es de pessoas. A historiadora Laura Spinney escreveu em seu livro&nbsp;<a href=\"https:\/\/books.google.com\/books?id=-A9uDgAAQBAJ&amp;lpg=PT11&amp;ots=ifmfdfxGGP&amp;dq=%22no%20cenotaph%2C%20no%20monument%20in%20London%2C%20Moscow%20or%20Washington%2C%20DC.%20The%20Spanish%20flu%20is%20remembered%20personally%2C%20not%20collectively.%20Not%20as%20a%20historical%20disaster%2C%20but%20as%20millions%20of%20discrete%2C%20private%20tragedies%22&amp;pg=PT11#v=onepage&amp;q&amp;f=false\"><em>Pale Rider: The Spanish Flu of 1918 and How it Changed the World<\/em><\/a>&nbsp;[Cavaleiro p\u00e1lido: a gripe espanhola e como ela mudou o mundo] (2017) que, quando a pandemia chegou ao fim, n\u00e3o havia \u201cnenhum cenot\u00e1fio, nenhum monumento em Londres, Moscou ou Washington. A gripe espanhola \u00e9 lembrada pessoalmente, n\u00e3o coletivamente. N\u00e3o como um desastre hist\u00f3rico, mas como milh\u00f5es de trag\u00e9dias discretas e privadas\u201d.<\/p>\n\n\n\n<p><a href=\"https:\/\/www.brasildefato.com.br\/2021\/01\/31\/novos-insumos-para-producao-da-coronavac-devem-chegar-semana-que-vem-da-china\" target=\"_blank\" rel=\"noreferrer noopener\"><strong>::&nbsp;Novos insumos para produ\u00e7\u00e3o da CoronaVac devem chegar semana que vem da China ::<\/strong><\/a><\/p>\n\n\n\n<p>Embora possa n\u00e3o haver um memorial em Moscou para a luta contra a pandemia, a rec\u00e9m-criada Uni\u00e3o das Rep\u00fablicas Socialistas Sovi\u00e9ticas (URSS) desenvolveu apressadamente uma infraestrutura de sa\u00fade p\u00fablica na \u00e9poca. O governo sovi\u00e9tico consultou institui\u00e7\u00f5es m\u00e9dicas e&nbsp;<a href=\"https:\/\/www.thetricontinental.org\/newsletterissue\/17-2020-socialism-and-coronavirus\/\">desenvolveu<\/a>&nbsp;sistematicamente uma resposta popular \u00e0 gripe e um plano de sa\u00fade p\u00fablica. Higienista sovi\u00e9tico, organizador da sa\u00fade e fundador da educa\u00e7\u00e3o nacional em sa\u00fade&nbsp;<a href=\"https:\/\/books.google.se\/books?id=1Z60hlDIWvUC&amp;pg=PA196&amp;lpg=PA196&amp;dq=in+its+modern+conception,+while+not+tearing+itself+away+from+its+biological+grounding+and+its+natural+science+basis,+is+by+its+nature+and+its+goals+a+sociological+problem&amp;source=bl&amp;ots=Y5nY9M7UNA&amp;sig=ACfU3U25EeYZprotniMpsQ49Hu3Vv3HFZQ&amp;hl=en&amp;sa=X&amp;ved=2ahUKEwir7eae7rbuAhXqiIsKHSn_CqAQ6AEwAHoECAUQAg#v=onepage&amp;q=in%20its%20modern%20conception%2C%20while%20not%20tearing%20itself%20away%20from%20its%20biological%20grounding%20and%20its%20natural%20science%20basis%2C%20is%20by%20its%20nature%20and%20its%20goals%20a%20sociological%20problem&amp;f=false\">A. V. Molko argumentou<\/a>&nbsp;que a medicina \u201cem sua concep\u00e7\u00e3o moderna, embora n\u00e3o se distancie de seu fundamento biol\u00f3gico e de sua base cient\u00edfica natural, \u00e9 por sua natureza e seus objetivos um problema sociol\u00f3gico\u201d. A partir daqui, os sovi\u00e9ticos apelaram \u00e0s escolas de medicina para criar o \u201cm\u00e9dico do futuro\u201d, que precisava de \u201cforma\u00e7\u00e3o s\u00e9ria em ci\u00eancias naturais\u201d, \u201cforma\u00e7\u00e3o em ci\u00eancias sociais suficiente para compreender o ambiente social\u201d e \u201ca capacidade de estudar o ambiente ocupacional e social que d\u00e3o origem \u00e0s doen\u00e7as e n\u00e3o apenas curar as doen\u00e7as, mas sugerir formas de preven\u00e7\u00e3o\u201d. A URSS foi o primeiro pa\u00eds a estabelecer um sistema p\u00fablico de sa\u00fade.<\/p>\n\n\n\n<figure class=\"wp-block-image\"><img data-recalc-dims=\"1\" decoding=\"async\" src=\"https:\/\/i0.wp.com\/images03.brasildefato.com.br\/76712365e2939812b5fc03d986ff468b.jpeg?w=600&#038;ssl=1\" alt=\"\"\/><\/figure>\n\n\n\n<p><br>A vida dos povos do oriente sovi\u00e9tico e capitalista (The Life of Peoples of the Soviet and Capitalist East), de 1927 \/ RiaM (URSS)<\/p>\n\n\n\n<p>A sa\u00fade p\u00fablica como uma ideia tem uma hist\u00f3ria longa, mas as ideias iniciais de sa\u00fade p\u00fablica mostravam menos preocupa\u00e7\u00e3o com a sa\u00fade de todo o povo que com a erradica\u00e7\u00e3o de doen\u00e7as. Se na pr\u00e1tica isso significava que os pobres deveriam suportar o fardo, que assim fosse. Essa concep\u00e7\u00e3o hier\u00e1rquica mais antiga de sa\u00fade p\u00fablica permanece em nosso tempo, especialmente em Estados com governos burgueses que t\u00eam um compromisso maior com o lucro do que com as pessoas. Mas a ideia socialista de sa\u00fade p\u00fablica \u2013 de que as institui\u00e7\u00f5es sociais e estatais devem se concentrar na preven\u00e7\u00e3o de doen\u00e7as e na interrup\u00e7\u00e3o da cadeia de transmiss\u00e3o de doen\u00e7as \u2013 ganhou for\u00e7a a partir do s\u00e9culo 19 e agora volta \u00e0 mesa de discuss\u00e3o.<\/p>\n\n\n\n<p>No rescaldo da gripe de 1918, uma comiss\u00e3o de epidemias foi criada em Viena, \u00c1ustria. Esse tipo de iniciativa se tornaria uma parte fundamental da Organiza\u00e7\u00e3o da Sa\u00fade da Liga das Na\u00e7\u00f5es (1920). Mas a agenda da Liga foi restringida pelo dom\u00ednio colonial de grande parte do planeta e pelo controle das empresas m\u00e9dicas privadas nos pa\u00edses governados por suas burguesias. Mesmo a forma\u00e7\u00e3o em 1946 da Organiza\u00e7\u00e3o Mundial da Sa\u00fade (OMS), a primeira ag\u00eancia especializada das Na\u00e7\u00f5es Unidas, foi restringida pela mentalidade colonial e capitalista, apesar de os tr\u00eas iniciadores da OMS \u2013 Szeming Sze (China), Geraldo de Paula Souza (Brasil) e Karl Evang (Noruega) \u2013 n\u00e3o vieram de nenhuma das principais pot\u00eancias coloniais.<\/p>\n\n\n\n<figure class=\"wp-block-image\"><img data-recalc-dims=\"1\" decoding=\"async\" src=\"https:\/\/i0.wp.com\/images01.brasildefato.com.br\/3e3aab05ae14ee93176766a34f5b7d58.jpeg?w=600&#038;ssl=1\" alt=\"\"\/><\/figure>\n\n\n\n<p><br>Alma-Ata, de 1978 \/ Reprodu\u00e7\u00e3o<\/p>\n\n\n\n<p>A luta dentro dos pa\u00edses e dentro da OMS para democratizar a sa\u00fade se aprofundou nas tr\u00eas d\u00e9cadas seguintes ap\u00f3s a forma\u00e7\u00e3o das Na\u00e7\u00f5es Unidas em 1945. Os pa\u00edses do Terceiro Mundo que criaram o Movimento dos N\u00e3o-Alinhados, em 1961, e o bloco do Grupo dos 77 nas Na\u00e7\u00f5es Unidas em 1964 impulsionaram uma agenda para um regime internacional de sa\u00fade p\u00fablica e para maiores recursos para a sa\u00fade p\u00fablica em vez da privatiza\u00e7\u00e3o da sa\u00fade. Esse debate chegou ao auge na Confer\u00eancia Internacional sobre Aten\u00e7\u00e3o Prim\u00e1ria \u00e0 Sa\u00fade, realizada em Alma-Ata (URSS) em setembro de 1978. A&nbsp;<a href=\"https:\/\/www.who.int\/publications\/almaata_declaration_en.pdf\">Declara\u00e7\u00e3o de Alma-Ata<\/a>&nbsp;cont\u00e9m a melhor declara\u00e7\u00e3o em defesa da sa\u00fade p\u00fablica j\u00e1 adotada pelos governos do&nbsp;<a href=\"http:\/\/bioeticaediplomacia.org\/wp-content\/uploads\/2013\/10\/alma-ata.pdf\">mundo<\/a>. Al\u00e9m de destacar a import\u00e2ncia da sa\u00fade p\u00fablica em geral, ela aponta para as grandes disparidades entre os pa\u00edses do bloco imperialista e os pa\u00edses do Terceiro Mundo.<\/p>\n\n\n\n<p>Vale a pena revisitar o ponto VII da Declara\u00e7\u00e3o, que afirma que a aten\u00e7\u00e3o prim\u00e1ria \u00e0 sa\u00fade p\u00fablica:<\/p>\n\n\n\n<p>1&nbsp; \u2013&nbsp; Refletem,&nbsp; e&nbsp; a&nbsp; partir&nbsp; delas&nbsp; evoluem,&nbsp; as&nbsp; condi\u00e7\u00f5es&nbsp; econ\u00f4micas&nbsp; e&nbsp; as&nbsp; caracter\u00edsticas socioculturais e pol\u00edticas do pa\u00eds e de suas comunidades, e se baseiam na aplica\u00e7\u00e3o dos resultados&nbsp; relevantes&nbsp; da&nbsp; pesquisa&nbsp; social,&nbsp; biom\u00e9dica&nbsp; e&nbsp; de&nbsp; servi\u00e7os&nbsp; de&nbsp; sa\u00fade&nbsp; e&nbsp; da experi\u00eancia em sa\u00fade p\u00fablica.<\/p>\n\n\n\n<p>2&nbsp; \u2013&nbsp; T\u00eam&nbsp; em&nbsp; vista&nbsp; os&nbsp; principais&nbsp; problemas&nbsp; de&nbsp; sa\u00fade&nbsp; da&nbsp; comunidade,&nbsp; proporcionando servi\u00e7os de prote\u00e7\u00e3o, cura e reabilita\u00e7\u00e3o, conforme as necessidades.<\/p>\n\n\n\n<p>3 \u2013 Incluem pelo menos: educa\u00e7\u00e3o, no tocante a problemas prevalecentes de sa\u00fade e aos m\u00e9todos&nbsp; para&nbsp; sua&nbsp; preven\u00e7\u00e3o&nbsp; e&nbsp; controle,&nbsp; promo\u00e7\u00e3o&nbsp; da&nbsp; distribui\u00e7\u00e3o&nbsp; de&nbsp; alimentos&nbsp; e&nbsp; da nutri\u00e7\u00e3o apropriada, previs\u00e3o adequada de \u00e1gua de boa qualidade e saneamento b\u00e1sico,cuidados de sa\u00fade materno-infantil, inclusive planejamento familiar, imuniza\u00e7\u00e3o contra as principais&nbsp; doen\u00e7as&nbsp; infecciosas,&nbsp; preven\u00e7\u00e3o&nbsp; e&nbsp; controle&nbsp; de&nbsp; doen\u00e7as&nbsp; localmente&nbsp; end\u00eamicas,tratamento&nbsp; apropriado&nbsp; de&nbsp; doen\u00e7as&nbsp; e&nbsp; les\u00f5es&nbsp; comuns&nbsp; e&nbsp; fornecimento&nbsp; de&nbsp; medicamentos essenciais.<\/p>\n\n\n\n<p>4 &nbsp; \u2013 &nbsp; Envolvem, &nbsp; al\u00e9m &nbsp; do &nbsp; setor &nbsp; sa\u00fade, &nbsp; todos &nbsp; os &nbsp; setores &nbsp; e &nbsp; aspectos &nbsp; correlatos &nbsp; do desenvolvimento nacional e comunit\u00e1rio, mormente a agricultura, a pecu\u00e1ria, a produ\u00e7\u00e3o de alimentos, a ind\u00fastria, a educa\u00e7\u00e3o, a habita\u00e7\u00e3o, as obras p\u00fablicas, as comunica\u00e7\u00f5es e outros setores.<\/p>\n\n\n\n<p>5&nbsp; \u2013&nbsp; Requerem&nbsp; e&nbsp; promovem&nbsp; a&nbsp; m\u00e1xima&nbsp; autoconfian\u00e7a&nbsp; e&nbsp; participa\u00e7\u00e3o&nbsp; comunit\u00e1ria&nbsp; e individual&nbsp; no&nbsp; planejamento,&nbsp; organiza\u00e7\u00e3o,&nbsp; opera\u00e7\u00e3o&nbsp; e&nbsp; controle&nbsp; dos&nbsp; cuidados&nbsp; prim\u00e1rios&nbsp; de sa\u00fade,&nbsp; fazendo&nbsp; o&nbsp; mais&nbsp; pleno&nbsp; uso&nbsp; poss\u00edvel&nbsp; de&nbsp; recursos&nbsp; dispon\u00edveis,&nbsp; locais,&nbsp; nacionais&nbsp; e outros,&nbsp; e&nbsp; para&nbsp; esse&nbsp; fim&nbsp; desenvolvem,&nbsp; atrav\u00e9s&nbsp; da&nbsp; educa\u00e7\u00e3o&nbsp; apropriada,&nbsp; a&nbsp; capacidade&nbsp; de participa\u00e7\u00e3o das comunidades.<\/p>\n\n\n\n<p>6 \u2013 Devem ser apoiados por sistemas de refer\u00eancia integrados, funcionais e mutuamente amparados,&nbsp; levando&nbsp; \u00e0&nbsp; progressiva&nbsp; melhoria&nbsp; dos&nbsp; cuidados&nbsp; gerais&nbsp; de&nbsp; sa\u00fade&nbsp; para&nbsp; todos&nbsp; e dando prioridade aos que t\u00eam mais necessidade.<\/p>\n\n\n\n<p>7 \u2013 Baseiam-se, nos n\u00edveis locais e de encaminhamento, nos que trabalham no campo da sa\u00fade,&nbsp; inclusive&nbsp; m\u00e9dicos,&nbsp; enfermeiros,&nbsp; parteiras,&nbsp; auxiliares&nbsp; e&nbsp; agentes&nbsp; comunit\u00e1rios, conforme &nbsp; seja &nbsp; aplic\u00e1vel, &nbsp; assim &nbsp; como &nbsp; em &nbsp; praticantes &nbsp; tradicionais, &nbsp; conforme &nbsp; seja necess\u00e1rio, convenientemente treinados para trabalhar, social e tecnicamente, ao lado da equipe de sa\u00fade e responder \u00e0s necessidades expressas de sa\u00fade da comunidade.<\/p>\n\n\n\n<p>H\u00e1 muito pouco a ser alterado na Declara\u00e7\u00e3o de Alma-Ata. Ela precisa ser colocada de novo na agenda.<\/p>\n\n\n\n<p>A crueldade com que os governos burgueses lidaram com a pandemia ilumina a necessidade de uma investiga\u00e7\u00e3o de sua resposta criminosa. Na semana passada, Noam Chomsky e eu refletimos sobre as not\u00edcias vindas do Brasil, embora tamb\u00e9m pudessem ser not\u00edcias da \u00cdndia, \u00c1frica do Sul ou EUA.&nbsp;<a href=\"https:\/\/www.brasildefato.com.br\/2021\/01\/22\/chomsky-e-prashad-lideres-que-falharam-em-proteger-paises-devem-ser-investigados\">Aqui<\/a>&nbsp;est\u00e1 nossa nota:<\/p>\n\n\n\n<p>Uma semana antes da calamidade que levou pacientes com covid-19 \u00e0 morte por asfixia, tanto o governo estadual quanto o federal foram avisados de que o suprimento de oxig\u00eanio na cidade de Manaus estava acabando. Nenhum Estado moderno \u2013 como o Brasil \u2013 deveria ter que admitir que n\u00e3o fez nada ao receber tais avisos, deixando simplesmente seus cidad\u00e3os morrerem sem motivo.<\/p>\n\n\n\n<p>Um juiz do Supremo Tribunal Federal e o procurador-geral da Rep\u00fablica pediram que o governo brasileiro agisse, mas nem isso fez a administra\u00e7\u00e3o de Jair Bolsonaro se movimentar. Tudo nessa hist\u00f3ria \u2013 detalhada no&nbsp;<a href=\"https:\/\/www.conjur.com.br\/dl\/saude-sabia-falta-oxigenio-manaus.pdf\">relat\u00f3rio da procuradoria<\/a>&nbsp;\u2013 revela a podrid\u00e3o e incompet\u00eancia da&nbsp;<a href=\"https:\/\/www.cnn.com\/2021\/01\/19\/americas\/brazil-report-covid-19-oxygen-manaus-intl\/index.html\">privatiza\u00e7\u00e3o<\/a>. Oficiais de sa\u00fade locais sabiam desde o come\u00e7o de janeiro que a falta de oxig\u00eanio era iminente, mas seus avisos n\u00e3o tiveram nenhum peso.<\/p>\n\n\n\n<p>A empresa privada encarregada de fornecer oxig\u00eanio informou o governo sobre a escassez seis dias antes desse insumo m\u00e9dico, crucial na luta contra a covid-19, acabar na cidade. Mesmo com as informa\u00e7\u00f5es da empresa fornecedora, o governo n\u00e3o fez nada e ainda afirmou posteriormente que os tratamentos precoces para o coronav\u00edrus n\u00e3o funcionaram \u2013 como a comunidade cient\u00edfica j\u00e1 havia informado. A falta de sensibilidade e incompet\u00eancia do governo Bolsonaro levaram o procurador-geral da Rep\u00fablica, Augusto Aras, a pedir um&nbsp;<a href=\"https:\/\/bit.ly\/2KyU4zh\">inqu\u00e9rito especial<\/a>. Enquanto Bolsonaro vacilava, o governo da Venezuela, num ato de solidariedade,&nbsp;<a href=\"https:\/\/peoplesdispatch.org\/2021\/01\/15\/venezuela-sends-oxygen-tanks-to-the-brazilian-amazonas-state-amid-covid-19-surge\/\">enviou caminh\u00f5es de oxig\u00eanio<\/a>&nbsp;para Manaus.<\/p>\n\n\n\n<p>Este&nbsp;<a href=\"https:\/\/peoplesdispatch.org\/2020\/08\/11\/why-a-growing-force-in-brazil-is-charging-that-president-jair-bolsonaro-has-committed-crimes-against-humanity\/\">acontecimento<\/a>, causado pela combina\u00e7\u00e3o t\u00f3xica de privatiza\u00e7\u00f5es, inaptid\u00e3o e uma cruel insensibilidade por parte do governo, deve fortalecer a den\u00fancia apresentada contra Jair Bolsonaro no Tribunal Penal Internacional em julho de 2020 pelos sindicatos de trabalhadores da sa\u00fade do Brasil. Por\u00e9m, a culpa n\u00e3o \u00e9 apenas do Bolsonaro ou do mesmo do Brasil. O problema est\u00e1 presente em outros governos neoliberais, como Estados Unidos, Reino Unido, \u00cdndia, entre outros, governos cujos compromissos com empresas lucrativas e bilion\u00e1rios superam seu compromisso com seus pr\u00f3prios cidad\u00e3os e suas pr\u00f3prias Constitui\u00e7\u00f5es. O que estamos vendo em pa\u00edses como o Brasil, \u00e9 um crime contra a humanidade.<\/p>\n\n\n\n<p>Est\u00e1 na hora de instaurar um tribunal popular para investigar as desastrosas falhas dos governos de Boris Johnson, Donald Trump, Jair Bolsonaro, Narendra Modi, entre outros, para romper a cadeia de transmiss\u00e3o da covid-19. Este tribunal precisaria fazer um levantamento de informa\u00e7\u00f5es factuais, para assegurar que os Estados n\u00e3o alterassem a cena do crime; isso daria uma fundamenta\u00e7\u00e3o consolidada para que o Tribunal Internacional de Justi\u00e7a possa conduzir uma investiga\u00e7\u00e3o forense deste crime contra a humanidade, quando sua pr\u00f3pria asfixia pol\u00edtica for atenuada.<\/p>\n\n\n\n<p>Todos n\u00f3s dever\u00edamos estar indignados, mas indigna\u00e7\u00e3o n\u00e3o \u00e9 uma palavra forte o suficiente.<\/p>\n\n\n\n<figure class=\"wp-block-image\"><img data-recalc-dims=\"1\" decoding=\"async\" src=\"https:\/\/i0.wp.com\/images01.brasildefato.com.br\/08d2bc6da6b32b977ca6fa8fe9ddfa4e.jpeg?w=600&#038;ssl=1\" alt=\"\"\/><\/figure>\n\n\n\n<p><br>A \u00faltima mulher do mundo (The Last Woman on Earth), de 2011 \/ Natalia Babarovic (Chile)<\/p>\n\n\n\n<p>Um&nbsp;<a href=\"https:\/\/www.conectas.org\/wp\/wp-content\/uploads\/2021\/01\/Boletim_Direitos-na-Pandemia_ed_10.pdf\">relat\u00f3rio recente<\/a>&nbsp;sugere que o governo de Bolsonaro implementou uma estrat\u00e9gia para permitir a propaga\u00e7\u00e3o do v\u00edrus. Tudo isso far\u00e1 parte da prova para o tribunal do cidad\u00e3o. N\u00e3o devemos permitir que a amn\u00e9sia se instale. Devemos nos lembrar e devemos desenvolver os tipos de id\u00e9ias embutidas na Declara\u00e7\u00e3o de Alma-Ata.<\/p>\n\n\n\n<p>Cordialmente,<\/p>\n\n\n\n<p>Vijay<\/p>\n\n\n\n<p><em>*Vijay Prashad \u00e9 historiador e jornalista indiano. Diretor geral do Instituto Tricontinental de Pesquisa Social.<\/em><\/p>\n\n\n\n<p>Edi\u00e7\u00e3o: Camila Maciel<\/p>\n","protected":false},"excerpt":{"rendered":"<p>Ser\u00e1 que aprenderemos as li\u00e7\u00f5es desta pandemia ou avan\u00e7aremos \u00e0 pr\u00f3xima cat\u00e1strofe?<\/p>\n","protected":false},"author":1,"featured_media":0,"comment_status":"closed","ping_status":"open","sticky":false,"template":"","format":"standard","meta":{"_exactmetrics_skip_tracking":false,"_exactmetrics_sitenote_active":false,"_exactmetrics_sitenote_note":"","_exactmetrics_sitenote_category":0,"jetpack_post_was_ever_published":false,"_jetpack_newsletter_access":"","_jetpack_dont_email_post_to_subs":false,"_jetpack_newsletter_tier_id":0,"_jetpack_memberships_contains_paywalled_content":false,"_jetpack_memberships_contains_paid_content":false,"footnotes":"","jetpack_publicize_message":"","jetpack_publicize_feature_enabled":true,"jetpack_social_post_already_shared":true,"jetpack_social_options":{"image_generator_settings":{"template":"highway","enabled":false},"version":2}},"categories":[1],"tags":[],"class_list":["post-30818","post","type-post","status-publish","format-standard","hentry","category-notas"],"jetpack_publicize_connections":[],"jetpack_sharing_enabled":true,"jetpack_featured_media_url":"","jetpack_shortlink":"https:\/\/wp.me\/p7wKYW-814","jetpack-related-posts":[],"_links":{"self":[{"href":"http:\/\/blogdalucianaoliveira.com.br\/blog\/wp-json\/wp\/v2\/posts\/30818","targetHints":{"allow":["GET"]}}],"collection":[{"href":"http:\/\/blogdalucianaoliveira.com.br\/blog\/wp-json\/wp\/v2\/posts"}],"about":[{"href":"http:\/\/blogdalucianaoliveira.com.br\/blog\/wp-json\/wp\/v2\/types\/post"}],"author":[{"embeddable":true,"href":"http:\/\/blogdalucianaoliveira.com.br\/blog\/wp-json\/wp\/v2\/users\/1"}],"replies":[{"embeddable":true,"href":"http:\/\/blogdalucianaoliveira.com.br\/blog\/wp-json\/wp\/v2\/comments?post=30818"}],"version-history":[{"count":1,"href":"http:\/\/blogdalucianaoliveira.com.br\/blog\/wp-json\/wp\/v2\/posts\/30818\/revisions"}],"predecessor-version":[{"id":30820,"href":"http:\/\/blogdalucianaoliveira.com.br\/blog\/wp-json\/wp\/v2\/posts\/30818\/revisions\/30820"}],"wp:attachment":[{"href":"http:\/\/blogdalucianaoliveira.com.br\/blog\/wp-json\/wp\/v2\/media?parent=30818"}],"wp:term":[{"taxonomy":"category","embeddable":true,"href":"http:\/\/blogdalucianaoliveira.com.br\/blog\/wp-json\/wp\/v2\/categories?post=30818"},{"taxonomy":"post_tag","embeddable":true,"href":"http:\/\/blogdalucianaoliveira.com.br\/blog\/wp-json\/wp\/v2\/tags?post=30818"}],"curies":[{"name":"wp","href":"https:\/\/api.w.org\/{rel}","templated":true}]}}