{"id":3082,"date":"2016-08-13T11:33:41","date_gmt":"2016-08-13T15:33:41","guid":{"rendered":"http:\/\/blogdalucianaoliveira.com.br\/blog\/?p=3082"},"modified":"2016-08-13T11:37:02","modified_gmt":"2016-08-13T15:37:02","slug":"santo-antonio-energia-manobra-para-elevar-reservatorio-de-usina-e-conta-com-o-beneplacito-da-justica-federal","status":"publish","type":"post","link":"http:\/\/blogdalucianaoliveira.com.br\/blog\/2016\/08\/13\/santo-antonio-energia-manobra-para-elevar-reservatorio-de-usina-e-conta-com-o-beneplacito-da-justica-federal\/","title":{"rendered":"Santo Ant\u00f4nio Energia manobra para elevar reservat\u00f3rio de usina e conta com o benepl\u00e1cito da justi\u00e7a federal"},"content":{"rendered":"<p><img data-recalc-dims=\"1\" loading=\"lazy\" decoding=\"async\" data-attachment-id=\"3083\" data-permalink=\"http:\/\/blogdalucianaoliveira.com.br\/blog\/2016\/08\/13\/santo-antonio-energia-manobra-para-elevar-reservatorio-de-usina-e-conta-com-o-beneplacito-da-justica-federal\/usina-santoantonioenergia\/\" data-orig-file=\"https:\/\/i0.wp.com\/blogdalucianaoliveira.com.br\/blog\/wp-content\/uploads\/2016\/08\/usina-santoantonioenergia.jpg?fit=645%2C400\" data-orig-size=\"645,400\" data-comments-opened=\"0\" data-image-meta=\"{&quot;aperture&quot;:&quot;13&quot;,&quot;credit&quot;:&quot;ARTUR\\nfotografo&quot;,&quot;camera&quot;:&quot;Canon EOS 60D&quot;,&quot;caption&quot;:&quot;&quot;,&quot;created_timestamp&quot;:&quot;1337770422&quot;,&quot;copyright&quot;:&quot;&quot;,&quot;focal_length&quot;:&quot;18&quot;,&quot;iso&quot;:&quot;200&quot;,&quot;shutter_speed&quot;:&quot;0.0025&quot;,&quot;title&quot;:&quot;&quot;,&quot;orientation&quot;:&quot;1&quot;}\" data-image-title=\"usina-santoantonioenergia\" data-image-description=\"\" data-image-caption=\"\" data-medium-file=\"https:\/\/i0.wp.com\/blogdalucianaoliveira.com.br\/blog\/wp-content\/uploads\/2016\/08\/usina-santoantonioenergia.jpg?fit=300%2C186\" data-large-file=\"https:\/\/i0.wp.com\/blogdalucianaoliveira.com.br\/blog\/wp-content\/uploads\/2016\/08\/usina-santoantonioenergia.jpg?fit=600%2C372\" src=\"https:\/\/i0.wp.com\/blogdalucianaoliveira.com.br\/blog\/wp-content\/uploads\/2016\/08\/usina-santoantonioenergia.jpg?resize=600%2C372\" alt=\"usina-santoantonioenergia\" width=\"600\" height=\"372\" class=\"alignnone size-full wp-image-3083\" srcset=\"https:\/\/i0.wp.com\/blogdalucianaoliveira.com.br\/blog\/wp-content\/uploads\/2016\/08\/usina-santoantonioenergia.jpg?w=645 645w, https:\/\/i0.wp.com\/blogdalucianaoliveira.com.br\/blog\/wp-content\/uploads\/2016\/08\/usina-santoantonioenergia.jpg?resize=300%2C186 300w, https:\/\/i0.wp.com\/blogdalucianaoliveira.com.br\/blog\/wp-content\/uploads\/2016\/08\/usina-santoantonioenergia.jpg?resize=484%2C300 484w\" sizes=\"auto, (max-width: 600px) 100vw, 600px\" \/><\/p>\n<p>Demorou tr\u00eas dias para o juiz da 5\u00aa Vara Federal de Rond\u00f4nia, Dimis da Costa Braga, indeferir o pedido de concess\u00e3o de tutela inibit\u00f3ria \u201cinaudita altera par\u201d, para suspender as audi\u00eancias p\u00fablicas marcadas pela Santo Ant\u00f4nio Energia para os dias 12 e 13 de agosto. A decis\u00e3o saiu no dia da primeira audi\u00eancia, no fim da tarde, vale ressaltar, num caso de indiscut\u00edvel urg\u00eancia pela gravidade.<\/p>\n<p><img data-recalc-dims=\"1\" loading=\"lazy\" decoding=\"async\" data-attachment-id=\"3084\" data-permalink=\"http:\/\/blogdalucianaoliveira.com.br\/blog\/2016\/08\/13\/santo-antonio-energia-manobra-para-elevar-reservatorio-de-usina-e-conta-com-o-beneplacito-da-justica-federal\/img_3215\/\" data-orig-file=\"https:\/\/i0.wp.com\/blogdalucianaoliveira.com.br\/blog\/wp-content\/uploads\/2016\/08\/IMG_3215.jpg?fit=784%2C1280\" data-orig-size=\"784,1280\" data-comments-opened=\"0\" data-image-meta=\"{&quot;aperture&quot;:&quot;0&quot;,&quot;credit&quot;:&quot;&quot;,&quot;camera&quot;:&quot;&quot;,&quot;caption&quot;:&quot;&quot;,&quot;created_timestamp&quot;:&quot;0&quot;,&quot;copyright&quot;:&quot;&quot;,&quot;focal_length&quot;:&quot;0&quot;,&quot;iso&quot;:&quot;0&quot;,&quot;shutter_speed&quot;:&quot;0&quot;,&quot;title&quot;:&quot;&quot;,&quot;orientation&quot;:&quot;0&quot;}\" data-image-title=\"IMG_3215\" data-image-description=\"\" data-image-caption=\"\" data-medium-file=\"https:\/\/i0.wp.com\/blogdalucianaoliveira.com.br\/blog\/wp-content\/uploads\/2016\/08\/IMG_3215.jpg?fit=184%2C300\" data-large-file=\"https:\/\/i0.wp.com\/blogdalucianaoliveira.com.br\/blog\/wp-content\/uploads\/2016\/08\/IMG_3215.jpg?fit=600%2C980\" src=\"https:\/\/i0.wp.com\/blogdalucianaoliveira.com.br\/blog\/wp-content\/uploads\/2016\/08\/IMG_3215.jpg?resize=600%2C980\" alt=\"IMG_3215\" width=\"600\" height=\"980\" class=\"alignnone size-full wp-image-3084\" srcset=\"https:\/\/i0.wp.com\/blogdalucianaoliveira.com.br\/blog\/wp-content\/uploads\/2016\/08\/IMG_3215.jpg?w=784 784w, https:\/\/i0.wp.com\/blogdalucianaoliveira.com.br\/blog\/wp-content\/uploads\/2016\/08\/IMG_3215.jpg?resize=184%2C300 184w\" sizes=\"auto, (max-width: 600px) 100vw, 600px\" \/><\/p>\n<p><img data-recalc-dims=\"1\" loading=\"lazy\" decoding=\"async\" data-attachment-id=\"3085\" data-permalink=\"http:\/\/blogdalucianaoliveira.com.br\/blog\/2016\/08\/13\/santo-antonio-energia-manobra-para-elevar-reservatorio-de-usina-e-conta-com-o-beneplacito-da-justica-federal\/img_3216\/\" data-orig-file=\"https:\/\/i0.wp.com\/blogdalucianaoliveira.com.br\/blog\/wp-content\/uploads\/2016\/08\/IMG_3216.jpg?fit=720%2C1178\" data-orig-size=\"720,1178\" data-comments-opened=\"0\" data-image-meta=\"{&quot;aperture&quot;:&quot;0&quot;,&quot;credit&quot;:&quot;&quot;,&quot;camera&quot;:&quot;&quot;,&quot;caption&quot;:&quot;&quot;,&quot;created_timestamp&quot;:&quot;0&quot;,&quot;copyright&quot;:&quot;&quot;,&quot;focal_length&quot;:&quot;0&quot;,&quot;iso&quot;:&quot;0&quot;,&quot;shutter_speed&quot;:&quot;0&quot;,&quot;title&quot;:&quot;&quot;,&quot;orientation&quot;:&quot;0&quot;}\" data-image-title=\"IMG_3216\" data-image-description=\"\" data-image-caption=\"\" data-medium-file=\"https:\/\/i0.wp.com\/blogdalucianaoliveira.com.br\/blog\/wp-content\/uploads\/2016\/08\/IMG_3216.jpg?fit=183%2C300\" data-large-file=\"https:\/\/i0.wp.com\/blogdalucianaoliveira.com.br\/blog\/wp-content\/uploads\/2016\/08\/IMG_3216.jpg?fit=600%2C982\" src=\"https:\/\/i0.wp.com\/blogdalucianaoliveira.com.br\/blog\/wp-content\/uploads\/2016\/08\/IMG_3216.jpg?resize=600%2C982\" alt=\"IMG_3216\" width=\"600\" height=\"982\" class=\"alignnone size-full wp-image-3085\" srcset=\"https:\/\/i0.wp.com\/blogdalucianaoliveira.com.br\/blog\/wp-content\/uploads\/2016\/08\/IMG_3216.jpg?w=720 720w, https:\/\/i0.wp.com\/blogdalucianaoliveira.com.br\/blog\/wp-content\/uploads\/2016\/08\/IMG_3216.jpg?resize=183%2C300 183w\" sizes=\"auto, (max-width: 600px) 100vw, 600px\" \/><\/p>\n<p>\u00c9 condi\u00e7\u00e3o para que o IBAMA autorize a eleva\u00e7\u00e3o da cota de seu reservat\u00f3rio em 0,80m com a inclus\u00e3o de seis turbinas, a realiza\u00e7\u00e3o de audi\u00eancias p\u00fablicas.<\/p>\n<p>O juiz negou o pedido de suspens\u00e3o de audi\u00eancias sob o argumento de que em \u201ccaso comprovado que n\u00e3o sejam l\u00edcitas para atingirem seu objetivo, nada obsta, sejam anuladas posteriormente\u201d e determinadas outras.<\/p>\n<p>Ocorre que o Minist\u00e9rio P\u00fablico Federal, com base em estudos e v\u00e1rios abaixo-assinados, pede que antes de qualquer audi\u00eancia p\u00fablica, o cons\u00f3rcio demonstre que cumpriu as condicionantes do licenciamento ainda da instala\u00e7\u00e3o da usina em Porto Velho. <\/p>\n<p>O Movimento dos Atingidos por Barragens (MAB) alertou em nota que \u201ca expans\u00e3o da hidrel\u00e9trica de Santo Ant\u00f4nio, n\u00e3o se trata de um ajuste simples em uma constru\u00e7\u00e3o ou em uma m\u00e1quina. A escala da obra e das m\u00e1quinas a serem instaladas \u00e9 gigantesca. A eleva\u00e7\u00e3o de 0,80m do n\u00edvel de \u00e1gua de um lago em uma regi\u00e3o com terreno bastante plano como \u00e9 o da \u00e1rea afetada pelo reservat\u00f3rio de Santo Ant\u00f4nio \u00e9 uma altera\u00e7\u00e3o extremamente significativa.\u201d<br \/>\nFora a comprova\u00e7\u00e3o de condicionantes para a instala\u00e7\u00e3o da usina, os atingidos denunciam falha proposital na escolha do local e na convoca\u00e7\u00e3o das audi\u00eancias p\u00fablicas.<\/p>\n<p>O assunto \u00e9 grav\u00edssimo, porque com o indeferimento da liminar, a empresa fica livre para promover o debate de forma inadequada e responder por isso sabe l\u00e1 quando. <\/p>\n<p>Segundo o MAB, a inclus\u00e3o de 6 turbinas, \u201ccomo as que Santo Ant\u00f4nio pretende incluir s\u00e3o como a inser\u00e7\u00e3o de uma nova hidrel\u00e9trica dentro da atual, tal qual a pr\u00f3pria Santo Ant\u00f4nio Energia apresenta no PBCA (Plano B\u00e1sico Complementar), comparando a superioridade da pot\u00eancia da altera\u00e7\u00e3o do projeto de Santo Ant\u00f4nio em rela\u00e7\u00e3o \u00e0 hidrel\u00e9trica de Foz do Chapec\u00f3 e de S\u00e3o Manoel no rio Teles Pires.\u201d<br \/>\nEntre as condicionantes para a instala\u00e7\u00e3o da usina, est\u00e3o programas socioambientais do Plano B\u00e1sico Ambiental (PBA) que segundo o MAB n\u00e3o v\u00eam sendo cumpridos, como o Programa de Apoio \u00e0s Atividades Pesqueiras, Programa de Remanejamento da Popula\u00e7\u00e3o Atingida, Programa de Monitoramento do Len\u00e7ol Fre\u00e1tico, Programa Sa\u00fade P\u00fablica e o Programa de Hidrossedimentol\u00f3gico.<\/p>\n<p>O MAB tamb\u00e9m denuncia que o IBAMA \u00e9 incapaz \u201cde monitorar os impactos atuais e encaminhar as devidas a\u00e7\u00f5es de mitiga\u00e7\u00e3o que precisam ser efetuadas, quanto mais se comprometer a lidar com uma situa\u00e7\u00e3o ainda mais complexa em que os atuais impactos n\u00e3o suficientemente diagnosticados se confundir\u00e3o com os gerados na amplia\u00e7\u00e3o da hidrel\u00e9trica. Licenciar um empreendimento significa considerar as circunst\u00e2ncias anteriores e posteriores a sua autoriza\u00e7\u00e3o.\u201d <\/p>\n<p>A audi\u00eancia p\u00fablica desta sexta-feira foi inibida por movimentos de atingidos pelas obras da usina, mas a de s\u00e1bado acontece no ELLO Eventos, com forte press\u00e3o popular contra a eleva\u00e7\u00e3o da cota do reservat\u00f3rio da usina.<\/p>\n<p><img data-recalc-dims=\"1\" loading=\"lazy\" decoding=\"async\" data-attachment-id=\"3087\" data-permalink=\"http:\/\/blogdalucianaoliveira.com.br\/blog\/2016\/08\/13\/santo-antonio-energia-manobra-para-elevar-reservatorio-de-usina-e-conta-com-o-beneplacito-da-justica-federal\/mab\/\" data-orig-file=\"https:\/\/i0.wp.com\/blogdalucianaoliveira.com.br\/blog\/wp-content\/uploads\/2016\/08\/mab.jpg?fit=480%2C270\" data-orig-size=\"480,270\" data-comments-opened=\"0\" data-image-meta=\"{&quot;aperture&quot;:&quot;0&quot;,&quot;credit&quot;:&quot;&quot;,&quot;camera&quot;:&quot;&quot;,&quot;caption&quot;:&quot;&quot;,&quot;created_timestamp&quot;:&quot;0&quot;,&quot;copyright&quot;:&quot;&quot;,&quot;focal_length&quot;:&quot;0&quot;,&quot;iso&quot;:&quot;0&quot;,&quot;shutter_speed&quot;:&quot;0&quot;,&quot;title&quot;:&quot;&quot;,&quot;orientation&quot;:&quot;0&quot;}\" data-image-title=\"mab\" data-image-description=\"\" data-image-caption=\"\" data-medium-file=\"https:\/\/i0.wp.com\/blogdalucianaoliveira.com.br\/blog\/wp-content\/uploads\/2016\/08\/mab.jpg?fit=300%2C169\" data-large-file=\"https:\/\/i0.wp.com\/blogdalucianaoliveira.com.br\/blog\/wp-content\/uploads\/2016\/08\/mab.jpg?fit=480%2C270\" src=\"https:\/\/i0.wp.com\/blogdalucianaoliveira.com.br\/blog\/wp-content\/uploads\/2016\/08\/mab.jpg?resize=480%2C270\" alt=\"mab\" width=\"480\" height=\"270\" class=\"alignnone size-full wp-image-3087\" srcset=\"https:\/\/i0.wp.com\/blogdalucianaoliveira.com.br\/blog\/wp-content\/uploads\/2016\/08\/mab.jpg?w=480 480w, https:\/\/i0.wp.com\/blogdalucianaoliveira.com.br\/blog\/wp-content\/uploads\/2016\/08\/mab.jpg?resize=300%2C169 300w\" sizes=\"auto, (max-width: 480px) 100vw, 480px\" \/><\/p>\n<p>Mais informa\u00e7\u00f5es no endere\u00e7o eletr\u00f4nico: http:\/\/www.mabnacional.org.br\/noticia\/expans-do-reservat-rio-e-energia-para-rond-nia<\/p>\n","protected":false},"excerpt":{"rendered":"<p>Demorou tr\u00eas dias para o juiz da 5\u00aa Vara Federal de Rond\u00f4nia, Dimis da Costa Braga, indeferir o pedido de concess\u00e3o de tutela inibit\u00f3ria \u201cinaudita altera par\u201d, para suspender as audi\u00eancias p\u00fablicas marcadas pela Santo Ant\u00f4nio Energia para os dias 12 e 13 de agosto. A decis\u00e3o saiu no dia da primeira audi\u00eancia, no fim&#8230;<a class=\"more-link\" href=\"http:\/\/blogdalucianaoliveira.com.br\/blog\/2016\/08\/13\/santo-antonio-energia-manobra-para-elevar-reservatorio-de-usina-e-conta-com-o-beneplacito-da-justica-federal\/\">Continue a leitura <span class=\"meta-nav\">&raquo;<\/span><\/a><\/p>\n","protected":false},"author":1,"featured_media":0,"comment_status":"closed","ping_status":"open","sticky":false,"template":"","format":"standard","meta":{"_exactmetrics_skip_tracking":false,"_exactmetrics_sitenote_active":false,"_exactmetrics_sitenote_note":"","_exactmetrics_sitenote_category":0,"jetpack_post_was_ever_published":false,"_jetpack_newsletter_access":"","_jetpack_dont_email_post_to_subs":false,"_jetpack_newsletter_tier_id":0,"_jetpack_memberships_contains_paywalled_content":false,"_jetpack_memberships_contains_paid_content":false,"footnotes":"","jetpack_publicize_message":"","jetpack_publicize_feature_enabled":true,"jetpack_social_post_already_shared":true,"jetpack_social_options":{"image_generator_settings":{"template":"highway","enabled":false},"version":2}},"categories":[1],"tags":[184,186,185],"class_list":["post-3082","post","type-post","status-publish","format-standard","hentry","category-notas","tag-mab","tag-santo-antonio-energia","tag-usina"],"jetpack_publicize_connections":[],"jetpack_sharing_enabled":true,"jetpack_featured_media_url":"","jetpack_shortlink":"https:\/\/wp.me\/p7wKYW-NI","jetpack-related-posts":[],"_links":{"self":[{"href":"http:\/\/blogdalucianaoliveira.com.br\/blog\/wp-json\/wp\/v2\/posts\/3082","targetHints":{"allow":["GET"]}}],"collection":[{"href":"http:\/\/blogdalucianaoliveira.com.br\/blog\/wp-json\/wp\/v2\/posts"}],"about":[{"href":"http:\/\/blogdalucianaoliveira.com.br\/blog\/wp-json\/wp\/v2\/types\/post"}],"author":[{"embeddable":true,"href":"http:\/\/blogdalucianaoliveira.com.br\/blog\/wp-json\/wp\/v2\/users\/1"}],"replies":[{"embeddable":true,"href":"http:\/\/blogdalucianaoliveira.com.br\/blog\/wp-json\/wp\/v2\/comments?post=3082"}],"version-history":[{"count":4,"href":"http:\/\/blogdalucianaoliveira.com.br\/blog\/wp-json\/wp\/v2\/posts\/3082\/revisions"}],"predecessor-version":[{"id":3090,"href":"http:\/\/blogdalucianaoliveira.com.br\/blog\/wp-json\/wp\/v2\/posts\/3082\/revisions\/3090"}],"wp:attachment":[{"href":"http:\/\/blogdalucianaoliveira.com.br\/blog\/wp-json\/wp\/v2\/media?parent=3082"}],"wp:term":[{"taxonomy":"category","embeddable":true,"href":"http:\/\/blogdalucianaoliveira.com.br\/blog\/wp-json\/wp\/v2\/categories?post=3082"},{"taxonomy":"post_tag","embeddable":true,"href":"http:\/\/blogdalucianaoliveira.com.br\/blog\/wp-json\/wp\/v2\/tags?post=3082"}],"curies":[{"name":"wp","href":"https:\/\/api.w.org\/{rel}","templated":true}]}}