{"id":30821,"date":"2021-02-01T19:56:48","date_gmt":"2021-02-01T23:56:48","guid":{"rendered":"http:\/\/blogdalucianaoliveira.com.br\/blog\/?p=30821"},"modified":"2021-02-01T19:56:54","modified_gmt":"2021-02-01T23:56:54","slug":"tsunami-de-mortes","status":"publish","type":"post","link":"http:\/\/blogdalucianaoliveira.com.br\/blog\/2021\/02\/01\/tsunami-de-mortes\/","title":{"rendered":"Tsunami de mortes"},"content":{"rendered":"\n<figure class=\"wp-block-image size-large\"><img data-recalc-dims=\"1\" loading=\"lazy\" decoding=\"async\" width=\"600\" height=\"334\" data-attachment-id=\"30822\" data-permalink=\"http:\/\/blogdalucianaoliveira.com.br\/blog\/2021\/02\/01\/tsunami-de-mortes\/09b6d045-1ff1-499b-b618-deee63cfa941\/\" data-orig-file=\"https:\/\/i0.wp.com\/blogdalucianaoliveira.com.br\/blog\/wp-content\/uploads\/2021\/02\/09B6D045-1FF1-499B-B618-DEEE63CFA941.jpeg?fit=743%2C413\" data-orig-size=\"743,413\" data-comments-opened=\"0\" data-image-meta=\"{&quot;aperture&quot;:&quot;0&quot;,&quot;credit&quot;:&quot;&quot;,&quot;camera&quot;:&quot;&quot;,&quot;caption&quot;:&quot;&quot;,&quot;created_timestamp&quot;:&quot;0&quot;,&quot;copyright&quot;:&quot;&quot;,&quot;focal_length&quot;:&quot;0&quot;,&quot;iso&quot;:&quot;0&quot;,&quot;shutter_speed&quot;:&quot;0&quot;,&quot;title&quot;:&quot;&quot;,&quot;orientation&quot;:&quot;0&quot;}\" data-image-title=\"09B6D045-1FF1-499B-B618-DEEE63CFA941\" data-image-description=\"\" data-image-caption=\"\" data-medium-file=\"https:\/\/i0.wp.com\/blogdalucianaoliveira.com.br\/blog\/wp-content\/uploads\/2021\/02\/09B6D045-1FF1-499B-B618-DEEE63CFA941.jpeg?fit=300%2C167\" data-large-file=\"https:\/\/i0.wp.com\/blogdalucianaoliveira.com.br\/blog\/wp-content\/uploads\/2021\/02\/09B6D045-1FF1-499B-B618-DEEE63CFA941.jpeg?fit=600%2C334\" src=\"https:\/\/i0.wp.com\/blogdalucianaoliveira.com.br\/blog\/wp-content\/uploads\/2021\/02\/09B6D045-1FF1-499B-B618-DEEE63CFA941.jpeg?resize=600%2C334\" alt=\"\" class=\"wp-image-30822\" srcset=\"https:\/\/i0.wp.com\/blogdalucianaoliveira.com.br\/blog\/wp-content\/uploads\/2021\/02\/09B6D045-1FF1-499B-B618-DEEE63CFA941.jpeg?w=743 743w, https:\/\/i0.wp.com\/blogdalucianaoliveira.com.br\/blog\/wp-content\/uploads\/2021\/02\/09B6D045-1FF1-499B-B618-DEEE63CFA941.jpeg?resize=300%2C167 300w, https:\/\/i0.wp.com\/blogdalucianaoliveira.com.br\/blog\/wp-content\/uploads\/2021\/02\/09B6D045-1FF1-499B-B618-DEEE63CFA941.jpeg?resize=540%2C300 540w\" sizes=\"auto, (max-width: 600px) 100vw, 600px\" \/><\/figure>\n\n\n\n<p><strong>A<\/strong>t\u00e9 27 de janeiro, o coronav\u00edrus matou 2,1 milh\u00f5es de pessoas no planeta, das quais 220 mil eram brasileiras. Em termos num\u00e9ricos, \u00e9 como se toda a popula\u00e7\u00e3o dos bairros de Copacabana, Ipanema e Leblon, no Rio de Janeiro, fosse varrida do mapa. <br><\/p>\n\n\n\n<!--more-->\n\n\n\n<p><strong>AMANDA GORZIZA E RENATA BUONO,<\/strong> na Revista Piau\u00ed <\/p>\n\n\n\n<p>Assolado pela segunda onda da pandemia, o Brasil tem hoje uma taxa de mortes pela Covid nove vezes maior que a da \u00cdndia. Ao todo, j\u00e1 morreram 541 ind\u00edgenas que viviam em reservas homologadas no pa\u00eds \u2013 n\u00famero equivalente a todas as mortes por Covid na Noruega. Em Manaus, onde a situa\u00e7\u00e3o \u00e9 dram\u00e1tica, a segunda onda conseguiu superar a letalidade da primeira: a cada cem brasileiros mortos pela Covid em janeiro, sete eram manauaras. O\u00a0<em>=igualdades<\/em>\u00a0dessa semana ilustra o avan\u00e7o da segunda onda da pandemia sobre o Brasil.<\/p>\n\n\n\n<figure class=\"wp-block-image\"><img data-recalc-dims=\"1\" decoding=\"async\" src=\"https:\/\/i0.wp.com\/piaui.folha.uol.com.br\/wp-content\/uploads\/2021\/01\/1.-Mortes-Covid.jpg?w=600&#038;ssl=1\" alt=\"\" class=\"wp-image-394476\"\/><\/figure>\n\n\n\n<p>No dia 27 de janeiro, o Brasil chegou a mais de 220 mil mortos pela Covid. As vidas perdidas at\u00e9 ent\u00e3o pela doen\u00e7a equivalem a quase toda a popula\u00e7\u00e3o que mora nos bairros Copacabana, Ipanema e Leblon, no Rio de Janeiro.<\/p>\n\n\n\n<figure class=\"wp-block-image\"><img data-recalc-dims=\"1\" decoding=\"async\" src=\"https:\/\/i0.wp.com\/piaui.folha.uol.com.br\/wp-content\/uploads\/2021\/01\/2-Mortes-Covid.jpg?w=600&#038;ssl=1\" alt=\"\" class=\"wp-image-394477\"\/><\/figure>\n\n\n\n<p>O Brasil ocupa o segundo lugar no ranking de \u00f3bitos pela Covid, logo atr\u00e1s dos Estados Unidos. Em terceiro lugar est\u00e1 a \u00cdndia, com 153.724 \u00f3bitos. A taxa de mortes no Brasil \u00e9 de 103 a cada 100 mil habitantes; na \u00cdndia, 11 mortes a cada 100 mil pessoas. Ou seja, proporcionalmente \u00e0 popula\u00e7\u00e3o, a taxa de mortes pela Covid no Brasil \u00e9 nove vezes a da \u00cdndia.<\/p>\n\n\n\n<figure class=\"wp-block-image\"><img data-recalc-dims=\"1\" decoding=\"async\" src=\"https:\/\/i0.wp.com\/piaui.folha.uol.com.br\/wp-content\/uploads\/2021\/01\/3.-Mortes-Covid.jpg?w=600&#038;ssl=1\" alt=\"\" class=\"wp-image-394478\"\/><\/figure>\n\n\n\n<p>At\u00e9 27 de janeiro, a Covid matou pelo menos 541 ind\u00edgenas que viviam em territ\u00f3rios homologados no Brasil. O n\u00famero de mortes \u00e9 equivalente aos \u00f3bitos na Noruega inteira at\u00e9 a mesma data.<\/p>\n\n\n\n<p><\/p>\n\n\n\n<figure class=\"wp-block-image\"><img data-recalc-dims=\"1\" decoding=\"async\" src=\"https:\/\/i0.wp.com\/piaui.folha.uol.com.br\/wp-content\/uploads\/2021\/01\/4.-Mortes-Covid.jpg?w=600&#038;ssl=1\" alt=\"\" class=\"wp-image-394479\"\/><\/figure>\n\n\n\n<p>A capital do Rio registrou pela segunda semana consecutiva risco alto para a Covid-19. A taxa de mortes no munic\u00edpio foi de 251 \u00f3bitos por 100 mil habitantes \u2013 quase o dobro da registrada em Paris, que teve 131 \u00f3bitos por 100 mil pessoas.<\/p>\n\n\n\n<figure class=\"wp-block-image\"><img data-recalc-dims=\"1\" decoding=\"async\" src=\"https:\/\/i0.wp.com\/piaui.folha.uol.com.br\/wp-content\/uploads\/2021\/01\/5.-Mortes-Covid.jpg?w=600&#038;ssl=1\" alt=\"\" class=\"wp-image-394480\"\/><\/figure>\n\n\n\n<p>Os n\u00fameros de \u00f3bitos em S\u00e3o Paulo n\u00e3o trazem boas not\u00edcias. No estado, foram registradas 52.170 mortes pela Covid at\u00e9 27 de janeiro. Esse n\u00famero \u00e9 equivalente \u00e0s mortes causadas pela doen\u00e7a em toda a Alemanha, totalizando 53.972 at\u00e9 a mesma data. Entretanto, o pa\u00eds tem quase o dobro da popula\u00e7\u00e3o do estado de S\u00e3o Paulo.<\/p>\n\n\n\n<figure class=\"wp-block-image\"><img data-recalc-dims=\"1\" decoding=\"async\" src=\"https:\/\/i0.wp.com\/piaui.folha.uol.com.br\/wp-content\/uploads\/2021\/01\/6.-Mortes-Covid.jpg?w=600&#038;ssl=1\" alt=\"\" class=\"wp-image-394481\"\/><\/figure>\n\n\n\n<p>Ap\u00f3s a primeira onda, em maio, o Amazonas voltou a registrar n\u00fameros elevados de \u00f3bitos pela Covid no primeiro m\u00eas de 2021. A recrudesc\u00eancia da doen\u00e7a no estado fez com que aumentasse 482% o n\u00famero de \u00f3bitos em janeiro, na compara\u00e7\u00e3o com dezembro. Foram registradas 391 mortes em dezembro e 2.275 em janeiro (at\u00e9 o dia 27). Enquanto isso, S\u00e3o Paulo teve um crescimento menor, de 18%.<\/p>\n\n\n\n<figure class=\"wp-block-image\"><img data-recalc-dims=\"1\" decoding=\"async\" src=\"https:\/\/i0.wp.com\/piaui.folha.uol.com.br\/wp-content\/uploads\/2021\/01\/7.-Mortes-Covid.jpg?w=600&#038;ssl=1\" alt=\"\" class=\"wp-image-394482\"\/><\/figure>\n\n\n\n<p>A segunda onda da Covid em Manaus est\u00e1 sendo ainda mais letal que a primeira. Em maio de 2020, no auge da primeira onda, foram registradas 1.054 mortes pela doen\u00e7a na cidade. J\u00e1 em janeiro, houve 1.772 novos \u00f3bitos. Ou seja, a cada 100 novas mortes registradas no pa\u00eds no m\u00eas de maio, 4,5 foram em Manaus. Em janeiro, s\u00e3o 7 a cada 100.<\/p>\n\n\n\n<p><strong>Fontes:<\/strong>&nbsp;<a href=\"https:\/\/saudeindigena.saude.gov.br\/corona\">Secretaria Especial da Sa\u00fade Ind\u00edgena<\/a>;&nbsp;<a href=\"https:\/\/covid19.who.int\/\">Organiza\u00e7\u00e3o Mundial da Sa\u00fade<\/a>;&nbsp;<a href=\"https:\/\/covid.saude.gov.br\/\">Minist\u00e9rio da Sa\u00fade<\/a>;&nbsp;<a href=\"https:\/\/www.santepubliquefrance.fr\/\">Sant\u00e9 Publique France<\/a>; IBGE;&nbsp;<a href=\"https:\/\/www.data.rio\/datasets\/38efc69787a346959c931568bd9e2cc4\">Data Rio<\/a>;&nbsp;<a href=\"https:\/\/brasil.io\/home\/\">Brasil.io<\/a>;&nbsp;<a href=\"https:\/\/www.seade.gov.br\/coronavirus\/\">Governo de S\u00e3o Paulo<\/a>; Cons\u00f3rcio de ve\u00edculos de imprensa<\/p>\n","protected":false},"excerpt":{"rendered":"<p>At\u00e9 27 de janeiro, o coronav\u00edrus matou 2,1 milh\u00f5es de pessoas no planeta, das quais 220 mil eram brasileiras. Em termos num\u00e9ricos, \u00e9 como se toda a popula\u00e7\u00e3o dos bairros de Copacabana, Ipanema e Leblon, no Rio de Janeiro, fosse varrida do mapa.<\/p>\n","protected":false},"author":1,"featured_media":0,"comment_status":"closed","ping_status":"open","sticky":false,"template":"","format":"standard","meta":{"_exactmetrics_skip_tracking":false,"_exactmetrics_sitenote_active":false,"_exactmetrics_sitenote_note":"","_exactmetrics_sitenote_category":0,"jetpack_post_was_ever_published":false,"_jetpack_newsletter_access":"","_jetpack_dont_email_post_to_subs":false,"_jetpack_newsletter_tier_id":0,"_jetpack_memberships_contains_paywalled_content":false,"_jetpack_memberships_contains_paid_content":false,"footnotes":"","jetpack_publicize_message":"","jetpack_publicize_feature_enabled":true,"jetpack_social_post_already_shared":true,"jetpack_social_options":{"image_generator_settings":{"template":"highway","enabled":false},"version":2}},"categories":[1],"tags":[],"class_list":["post-30821","post","type-post","status-publish","format-standard","hentry","category-notas"],"jetpack_publicize_connections":[],"jetpack_sharing_enabled":true,"jetpack_featured_media_url":"","jetpack_shortlink":"https:\/\/wp.me\/p7wKYW-817","jetpack-related-posts":[],"_links":{"self":[{"href":"http:\/\/blogdalucianaoliveira.com.br\/blog\/wp-json\/wp\/v2\/posts\/30821","targetHints":{"allow":["GET"]}}],"collection":[{"href":"http:\/\/blogdalucianaoliveira.com.br\/blog\/wp-json\/wp\/v2\/posts"}],"about":[{"href":"http:\/\/blogdalucianaoliveira.com.br\/blog\/wp-json\/wp\/v2\/types\/post"}],"author":[{"embeddable":true,"href":"http:\/\/blogdalucianaoliveira.com.br\/blog\/wp-json\/wp\/v2\/users\/1"}],"replies":[{"embeddable":true,"href":"http:\/\/blogdalucianaoliveira.com.br\/blog\/wp-json\/wp\/v2\/comments?post=30821"}],"version-history":[{"count":1,"href":"http:\/\/blogdalucianaoliveira.com.br\/blog\/wp-json\/wp\/v2\/posts\/30821\/revisions"}],"predecessor-version":[{"id":30823,"href":"http:\/\/blogdalucianaoliveira.com.br\/blog\/wp-json\/wp\/v2\/posts\/30821\/revisions\/30823"}],"wp:attachment":[{"href":"http:\/\/blogdalucianaoliveira.com.br\/blog\/wp-json\/wp\/v2\/media?parent=30821"}],"wp:term":[{"taxonomy":"category","embeddable":true,"href":"http:\/\/blogdalucianaoliveira.com.br\/blog\/wp-json\/wp\/v2\/categories?post=30821"},{"taxonomy":"post_tag","embeddable":true,"href":"http:\/\/blogdalucianaoliveira.com.br\/blog\/wp-json\/wp\/v2\/tags?post=30821"}],"curies":[{"name":"wp","href":"https:\/\/api.w.org\/{rel}","templated":true}]}}